{"id":3097,"date":"2019-03-08T20:04:03","date_gmt":"2019-03-08T20:04:03","guid":{"rendered":"http:\/\/www.sindilat.com.br\/site\/?p=3097"},"modified":"2019-03-08T20:04:03","modified_gmt":"2019-03-08T20:04:03","slug":"08-03-2019","status":"publish","type":"post","link":"https:\/\/www.sindilat.com.br\/site\/2019\/03\/08\/08-03-2019\/","title":{"rendered":"08\/03\/2019"},"content":{"rendered":"<p><strong><em><img decoding=\"async\" style=\"width: 643px; height: 89px;\" src=\"http:\/\/cache.mail2easy.com.br\/i\/6186\/3074\" alt=\"\"><\/em><\/strong><\/p>\n<div style=\"text-align: center;\">\n<p><strong><em>Porto Alegre, 08 de mar\u00e7o de 2019<\/em><\/strong><strong><em>&nbsp; &nbsp; &nbsp; &nbsp; &nbsp; &nbsp; &nbsp; &nbsp; &nbsp; &nbsp; &nbsp; &nbsp; &nbsp; &nbsp; &nbsp; &nbsp; &nbsp; &nbsp; &nbsp; &nbsp; &nbsp; &nbsp; &nbsp; Ano 13 - N\u00b0 2.933<\/em><\/strong><img decoding=\"async\" style=\"width: 673px; height: 22px;\" src=\"http:\/\/cache.mail2easy.com.br\/i\/6186\/3078\" alt=\"\"><\/p>\n<p><img decoding=\"async\" src=\"http:\/\/cache.mail2easy.com.br\/i\/6186\/3075\" border=\"0\"><\/p>\n<p style=\"text-align: justify;\"><img decoding=\"async\" style=\"text-align: justify; border-width: 0px; border-style: solid; float: left;\" src=\"http:\/\/cache.mail2easy.com.br\/i\/6186\/3079\"><\/p>\n<div style=\"text-align: justify;\"><strong><span style=\"text-align: justify;\">&nbsp; &nbsp; &nbsp;&nbsp;Balan\u00e7a comercial: e as importa\u00e7\u00f5es mant\u00e9m o f\u00f4lego!<\/span><\/strong><br style=\"text-align: justify;\"><br style=\"text-align: justify;\"><span style=\"text-align: justify;\">Muito discutidas recentemente, em fun\u00e7\u00e3o de altera\u00e7\u00f5es propostas pelo Minist\u00e9rio da Fazenda em rela\u00e7\u00e3o \u00e0s tarifas antidumping dos l\u00e1cteos europeus e da Nova Zel\u00e2ndia, as importa\u00e7\u00f5es seguem com f\u00f4lego. Os recentes dados divulgados pela Secretaria de Com\u00e9rcio Exterior (SECEX) apontam um aumento de 15% na quantidade internalizada em equivalente leite no m\u00eas de fevereiro em rela\u00e7\u00e3o a janeiro (total de 129 milh\u00f5es de litros em equivalente leite). Ao compararmos com fev\/18, importamos 58% a mais (ainda que, em rela\u00e7\u00e3o a fev\/17, a quantidade importada tenha sido 3% menor). Confira a evolu\u00e7\u00e3o no saldo da balan\u00e7a comercial l\u00e1ctea no gr\u00e1fico 1.<\/span><br style=\"text-align: justify;\"><br style=\"text-align: justify;\"><span style=\"text-align: justify;\">Gr\u00e1fico 1. Saldo da balan\u00e7a comercial de l\u00e1cteos no Brasil; elaborado pelo MilkPoint Mercado com base em dados da Secex.<\/span><br style=\"text-align: justify;\"><img decoding=\"async\" style=\"width: 500px; height: 373px;\" src=\"http:\/\/cache.mail2easy.com.br\/i\/6186\/3276\" alt=\"\"><br style=\"text-align: justify;\"><span style=\"text-align: justify;\">&nbsp;<\/span><br style=\"text-align: justify;\"><span style=\"text-align: justify;\">Uma das principais influ\u00eancias no aumento da quantidade importada foi o aumento dos pre\u00e7os internos, notadamente para o leite em p\u00f3 integral. Em fevereiro, foram importadas 8,8 mil toneladas, um aumento de 41% em rela\u00e7\u00e3o ao m\u00eas de janeiro, e de 155% em rela\u00e7\u00e3o a fevereiro de 2018. A correla\u00e7\u00e3o entre os aumentos de pre\u00e7os para o leite em p\u00f3 integral e a quantidade importada entre dezembro de 2018 at\u00e9 fevereiro de 2019 \u00e9 de 98,2%. Confira no gr\u00e1fico 2.<\/span><br style=\"text-align: justify;\"><br style=\"text-align: justify;\"><span style=\"text-align: justify;\">Gr\u00e1fico 2. Quantidade importada pelo Brasil de leite em p\u00f3 integral industrial versus pre\u00e7o do leite em p\u00f3 integral industrial no Brasil; elaborado pelo MilkPoint Mercado com base em dados da Secex e com dados pr\u00f3prios.<\/span><\/div>\n<div style=\"text-align: justify;\"><img decoding=\"async\" style=\"width: 500px; height: 318px;\" src=\"http:\/\/cache.mail2easy.com.br\/i\/6186\/3277\" alt=\"\"><span style=\"text-align: justify;\">&nbsp;<\/span><br style=\"text-align: justify;\"><span style=\"text-align: justify;\">Todavia, a quantidade importada diminuiu para outros derivados l\u00e1cteos. A redu\u00e7\u00e3o foi de 7% para o leite em p\u00f3 desnatado, 11% nos queijos e 13% na manteiga, com a quantidade importada em fevereiro sendo de 2,7 mil toneladas, 2,3 mil toneladas e 0,7 mil toneladas respectivamente para cada um dos derivados citados acima. J\u00e1 para o soro em p\u00f3, a maior demanda interna impulsionou as importa\u00e7\u00f5es do produto, sendo internalizadas 1,5 mil toneladas, um aumento de 120% em rela\u00e7\u00e3o a janeiro. Veja os valores na tabela 1. (Milkpoint)<\/span><br style=\"text-align: justify;\"><br style=\"text-align: justify;\"><span style=\"text-align: justify;\">Tabela 1. Balan\u00e7a comercial l\u00e1ctea em novembro de 2018; elaborado pelo MilkPoint Mercado com base em dados da Secex.<\/span><br style=\"text-align: justify;\"><span style=\"text-align: justify;\">&nbsp;<img decoding=\"async\" style=\"width: 700px; height: 304px;\" src=\"http:\/\/cache.mail2easy.com.br\/i\/6186\/3279\" alt=\"\"><\/span><\/div>\n<div style=\"text-align: justify;\">&nbsp; &nbsp; &nbsp; &nbsp; &nbsp; &nbsp; &nbsp; &nbsp; &nbsp;<img decoding=\"async\" style=\"text-align: center; width: 673px; height: 22px;\" src=\"http:\/\/cache.mail2easy.com.br\/i\/6186\/3078\" alt=\"\"><\/div>\n<div style=\"text-align: left;\">\n<div style=\"text-align: justify;\">\n<p>&nbsp;<br \/>\n<strong>Consumo antecipa rea\u00e7\u00e3o do pre\u00e7o<\/strong><\/p>\n<p>O setor de l\u00e1cteos vive um momento de recupera\u00e7\u00e3o de pre\u00e7os em 2019. Comemorando este novo cen\u00e1rio, ap\u00f3s meses consecutivos de queda nos valores do litro de leite pagos aos produtores no ano passado, o presidente da Cooperativa Central Ga\u00facha Ltda (CCGL), Caio Vianna, acredita que a rea\u00e7\u00e3o antecipada - geralmente o pre\u00e7o come\u00e7a a subir somente em mar\u00e7o - deve-se ao aumento do consumo interno de l\u00e1cteos. \"A economia brasileira e o poder de compra das fam\u00edlias v\u00eam se recuperando e favorecem o maior consumo. Tamb\u00e9m h\u00e1 uma rea\u00e7\u00e3o de pre\u00e7os no mercado internacional\", constata.&nbsp;<\/p>\n<p>O valor de refer\u00eancia do litro de leite fechou o ano de 2018 em R$ 1,0559, segundo o Conseleite. Em fevereiro, foi projetado em R$ 1,1142. Estes cen\u00e1rios e outros pain\u00e9is que abordar\u00e3o as condi\u00e7\u00f5es competitivas para produ\u00e7\u00e3o de l\u00e1cteos estar\u00e3o em debate no 15\u00b0 F\u00f3rum Estadual do Leite, promovido pela Cotrijal e CCGL, na pr\u00f3xima quarta-feira, dentro da 20\u00aa Expodireto Cotrijal, em N\u00e3o-Me-Toque. Mas antes disso, na ter\u00e7a-feira, Vianna ir\u00e1 moderar uma das palestras do 30\u00b0 F\u00f3rum Nacional da Soja.&nbsp;<\/p>\n<p>O dirigente diz que a soja enfrenta um movimento contr\u00e1rio ao do leite, porque o ano de 2019 \u00e9 \"de muitos questionamentos\" e h\u00e1 \"um baixo interesse dos compradores estrangeiros\" pela soja ga\u00facha neste momento. Como controladora dos terminais graneleiros Termasa e Tergrasa em Rio Grande, a CCGL percebeu que o n\u00famero de agendamentos de navios para embarque da soja no porto ga\u00facho \u00e9 inferior aos de ciclos anteriores nesta \u00e9poca do ano. O volume menor de neg\u00f3cios, segundo Vianna, \u00e9 reflexo das negocia\u00e7\u00f5es comerciais que envolvem China e Estados Unidos.&nbsp;<\/p>\n<p>Dependendo das tratativas entre estes pa\u00edses, Vianna comenta que os pre\u00e7os no Brasil podem ser favorecidos ou n\u00e3o, sobretudo no que se refere aos pr\u00eamios pagos nos portos. Para o gerente comercial de gr\u00e3os da Cotrijal, Lu\u00eds Claudio Gomes, 2019 dever\u00e1 ser marcado por um ano de comercializa\u00e7\u00e3o mais lenta da soja. Ele lembra que parte expressiva da safra, que rec\u00e9m come\u00e7ou a ser colhida, j\u00e1 foi comprometida em vendas antecipadas. Argumenta ainda que os pre\u00e7os atuais n\u00e3o est\u00e3o atrativos e que os produtores, principalmente os mais capitalizados e os que travaram os custos antecipadamente, tendem a vender o produto somente em momentos mais oportunos. (Correio do Povo)<\/p>\n<p><strong>RS tem desafio de avan\u00e7ar no controle da brucelose<\/strong><\/p>\n<p>Foi definida nesta quinta-feira (7) a nova presid\u00eancia do Conselho T\u00e9cnico da Pecu\u00e1ria Leiteira do Fundesa RS. Foi eleito o representante do Minist\u00e9rio da Agricultura, auditor fiscal federal agropecu\u00e1rio Rodrigo Teixeira Pereira. Na vice-presid\u00eancia, o representante da Fetag, Kaliton Prestes foi o escolhido.&nbsp; Para o novo presidente do CTOPL o maior desafio \u00e9 avan\u00e7ar no controle e erradica\u00e7\u00e3o da brucelose e tuberculose. \"Isso s\u00f3 ser\u00e1 poss\u00edvel com o aumento do n\u00famero de testes diagn\u00f3sticos para as enfermidades e com mais certifica\u00e7\u00f5es de propriedades livres\", afirma Pereira. Ele aproveitou o momento para reiterar a obrigatoriedade de vacinar contra a brucelose todas as terneiras de 3 a 8 meses de idade.<\/p>\n<p>O presidente do Fundesa, Rog\u00e9rio Kerber, destacou que o Rio Grande do Sul \u00e9 o \u00fanico estado que indeniza produtores em casos de constata\u00e7\u00e3o de brucelose. Por isso, segundo ele, \"h\u00e1 mais tranquilidade para realizar os testes e sanear o rebanho\". Conforme o \u00faltimo levantamento realizado, a preval\u00eancia de brucelose no estado \u00e9 inferior a 1%. \"Embora com incid\u00eancia baixa, \u00e9 preciso manter os cuidados e realizar a vacina\u00e7\u00e3o para chegar \u00e0 erradica\u00e7\u00e3o da doen\u00e7a e ao status de \u00e1rea livre\", afirma Kerber.&nbsp;<\/p>\n<p>Os Conselhos T\u00e9cnicos Operacionais do Fundesa t\u00eam o objetivo de sugerir a\u00e7\u00f5es para desenvolvimento de pol\u00edticas de sanidade e produtividade para os setores. Tamb\u00e9m \u00e9 atividade dos integrantes do CTO avaliar os pedidos de indeniza\u00e7\u00e3o de produtores, conforme o regulamento do fundo e a legisla\u00e7\u00e3o sanit\u00e1ria vigente.&nbsp;<\/p>\n<p>Na pr\u00f3xima semana o CTOPL volta a se reunir com o objetivo de avaliar e atualizar os crit\u00e9rios para a tabela de indeniza\u00e7\u00f5es para tuberculose e brucelose. (Assessoria de Imprensa Fundesa)<\/p>\n<\/div>\n<div style=\"text-align: center;\">&nbsp;<\/div>\n<div style=\"text-align: center;\"><img decoding=\"async\" style=\"width: 673px; height: 22px;\" src=\"http:\/\/cache.mail2easy.com.br\/i\/6186\/3078\" alt=\"\"><\/div>\n<\/div>\n<div style=\"text-align: justify;\">\n<div style=\"text-align: center;\">\n<div><em><img decoding=\"async\" src=\"http:\/\/cache.mail2easy.com.br\/i\/6186\/3077\" border=\"0\"><\/em><\/div>\n<div><em><span style=\"text-align: justify;\">Leite\/Uruguai&nbsp;<\/span><br style=\"text-align: justify;\"><span style=\"text-align: justify;\">O \u00edndice global de pre\u00e7os dos produtos l\u00e1cteos subiu pela s\u00e9tima vez seguida, desta vez 3,3%, fechando com a m\u00e9dia de US$ 3.300\/tonelada. O aumento ocorreu nesta ter\u00e7a-feira, 05 de mar\u00e7o, no GlobalDairyTrade, refer\u00eancia chave para o mercado mundial. Um dos destaques foi o leite em p\u00f3 integral (WMP), o principal produto exportado pelo Uruguai, que subiu 6%, cotado a US$ 3.186\/tonelada. O aumento geral, e em particular desse produto, \u00e9 um fator que eleva os \u00e2nimos dos produtores de leite. Isso, ocorre em um cen\u00e1rio que continua sendo complicado, avalia os agricultores, em consequ\u00eancia dos elevados custos e queda no faturamento, o que n\u00e3o permite que os produtores de leite sejam remunerados adequadamente pelo seu trabalho. (El Observador - Tradu\u00e7\u00e3o livre: www.terraviva.com.br)<\/span><\/em><\/div>\n<\/div>\n<div style=\"text-align: center;\"><img decoding=\"async\" src=\"http:\/\/cache.mail2easy.com.br\/i\/6186\/3078\" border=\"0\"><\/div>\n<\/div>\n<\/div>\n","protected":false},"excerpt":{"rendered":"<p>Porto Alegre, 08 de mar\u00e7o de 2019&nbsp; &nbsp; &nbsp; &nbsp; &nbsp; &nbsp; &nbsp; &nbsp; &nbsp; &nbsp; &nbsp; &nbsp; &nbsp; &nbsp; &nbsp; &nbsp; &nbsp; &nbsp; &nbsp; &nbsp; &nbsp; &nbsp; &nbsp; Ano 13 - N\u00b0 2.933 &nbsp; &nbsp; &nbsp;&nbsp;Balan\u00e7a comercial: e as importa\u00e7\u00f5es mant\u00e9m o f\u00f4lego!Muito discutidas recentemente, em fun\u00e7\u00e3o de altera\u00e7\u00f5es propostas pelo Minist\u00e9rio da Fazenda <a href=\"https:\/\/www.sindilat.com.br\/site\/2019\/03\/08\/08-03-2019\/\" class=\"more-link\">...continuar lendo<span class=\"screen-reader-text\"> \"08\/03\/2019\"<\/span><\/a><\/p>\n","protected":false},"author":2,"featured_media":0,"comment_status":"open","ping_status":"open","sticky":false,"template":"","format":"standard","meta":{"ngg_post_thumbnail":0,"footnotes":""},"categories":[28],"tags":[],"class_list":{"0":"post-3097","1":"post","2":"type-post","3":"status-publish","4":"format-standard","6":"category-newsletter","7":"h-entry","8":"hentry","9":"h-as-article"},"_links":{"self":[{"href":"https:\/\/www.sindilat.com.br\/site\/wp-json\/wp\/v2\/posts\/3097","targetHints":{"allow":["GET"]}}],"collection":[{"href":"https:\/\/www.sindilat.com.br\/site\/wp-json\/wp\/v2\/posts"}],"about":[{"href":"https:\/\/www.sindilat.com.br\/site\/wp-json\/wp\/v2\/types\/post"}],"author":[{"embeddable":true,"href":"https:\/\/www.sindilat.com.br\/site\/wp-json\/wp\/v2\/users\/2"}],"replies":[{"embeddable":true,"href":"https:\/\/www.sindilat.com.br\/site\/wp-json\/wp\/v2\/comments?post=3097"}],"version-history":[{"count":1,"href":"https:\/\/www.sindilat.com.br\/site\/wp-json\/wp\/v2\/posts\/3097\/revisions"}],"predecessor-version":[{"id":3098,"href":"https:\/\/www.sindilat.com.br\/site\/wp-json\/wp\/v2\/posts\/3097\/revisions\/3098"}],"wp:attachment":[{"href":"https:\/\/www.sindilat.com.br\/site\/wp-json\/wp\/v2\/media?parent=3097"}],"wp:term":[{"taxonomy":"category","embeddable":true,"href":"https:\/\/www.sindilat.com.br\/site\/wp-json\/wp\/v2\/categories?post=3097"},{"taxonomy":"post_tag","embeddable":true,"href":"https:\/\/www.sindilat.com.br\/site\/wp-json\/wp\/v2\/tags?post=3097"}],"curies":[{"name":"wp","href":"https:\/\/api.w.org\/{rel}","templated":true}]}}