{"id":3088,"date":"2019-02-28T19:36:04","date_gmt":"2019-02-28T19:36:04","guid":{"rendered":"http:\/\/www.sindilat.com.br\/site\/?p=3088"},"modified":"2019-02-28T19:36:04","modified_gmt":"2019-02-28T19:36:04","slug":"28-02-2019","status":"publish","type":"post","link":"https:\/\/www.sindilat.com.br\/site\/2019\/02\/28\/28-02-2019\/","title":{"rendered":"28\/02\/2019"},"content":{"rendered":"<p><strong><em><img decoding=\"async\" style=\"width: 643px; height: 89px;\" src=\"http:\/\/cache.mail2easy.com.br\/i\/6186\/3074\" alt=\"\"><\/em><\/strong><\/p>\n<div style=\"text-align: center;\">\n<p><strong><em>Porto Alegre, 28 de fevereiro de 2019<\/em><\/strong><strong><em>&nbsp; &nbsp; &nbsp; &nbsp; &nbsp; &nbsp; &nbsp; &nbsp; &nbsp; &nbsp; &nbsp; &nbsp; &nbsp; &nbsp; &nbsp; &nbsp; &nbsp; &nbsp; &nbsp; &nbsp; &nbsp; &nbsp; &nbsp; Ano 13 - N\u00b0 2.930<\/em><\/strong><img decoding=\"async\" style=\"width: 673px; height: 22px;\" src=\"http:\/\/cache.mail2easy.com.br\/i\/6186\/3078\" alt=\"\"><\/p>\n<p><img decoding=\"async\" src=\"http:\/\/cache.mail2easy.com.br\/i\/6186\/3075\" border=\"0\"><\/p>\n<p style=\"text-align: justify;\"><img decoding=\"async\" style=\"text-align: justify; border-width: 0px; border-style: solid; float: left;\" src=\"http:\/\/cache.mail2easy.com.br\/i\/6186\/3079\"><\/p>\n<div style=\"text-align: justify;\">\n<p><strong><span style=\"text-align: justify;\">&nbsp; &nbsp; &nbsp;&nbsp;<\/span>Cen\u00e1rio favor\u00e1vel&nbsp;<\/strong><\/p>\n<p>Os anos de 2015 e 2016 foram de crise no mercado internacional de l\u00e1cteos. A recupera\u00e7\u00e3o ocorreu somente em 2017, com a volta dos pre\u00e7os ao seu patamar de m\u00e9dia hist\u00f3rica de US$ 0.35\/L.<\/p>\n<p>A m\u00e9dia dos \u00faltimos dez anos foi o equivalente a R$ 1,10\/L, no cen\u00e1rio internacional. Para 2017 e 2018, as m\u00e9dias foram superiores ao valor hist\u00f3rico, de R$ 1,15 e de R$ 1,18\/L, respectivamente. Com isso, a produ\u00e7\u00e3o mundial cresceu 2,8% em 2017, com expectativa de crescimento de 2,1% para 2018. No Brasil, a m\u00e9dia dos pre\u00e7os reais referentes aos \u00faltimos dez anos foi de R$ 1,30\/L, patamar 19% superior \u00e0 refer\u00eancia mundial IFCN, de R$ 1,10\/L. Em 2018, o leite fechou com m\u00e9dia mensal de R$ 1,41\/L e o concentrado em R$ 0,85\/kg, valores 8% e 1% acima em rela\u00e7\u00e3o aos respectivos patamares hist\u00f3ricos (Figura 1).<\/p>\n<\/div>\n<div style=\"text-align: justify;\">\n<p><img decoding=\"async\" style=\"text-align: justify;\" src=\"http:\/\/cache.mail2easy.com.br\/i\/6186\/3268\" alt=\"\"><br \/>\n&nbsp;<br \/>\nEmbora a compara\u00e7\u00e3o direta de pre\u00e7os do leite e do concentrado seja uma rela\u00e7\u00e3o muito usada no cotidiano, ela tem suas fragilidades em um sistema real de produ\u00e7\u00e3o. O consumo de concentrado \u00e9 de aproximadamente um quilo para cada tr\u00eas litros de leite produzidos. Logo, o custo do concentrado para produzir um litro de leite \u00e9 R$ 0,28\/L (m\u00e9dia real de dez anos). Assim, para cada litro de leite vendido (R$ 1,30\/L), a margem sobre o concentrado (ou valor que sobra para pagar os demais custos de produ\u00e7\u00e3o da atividade), representa R$ 1,02\/L. As margens sobre concentrado t\u00eam sido mais baixas entre dezembro e mar\u00e7o. Entretanto, em janeiro\/19 a margem foi R$ 1,09\/L, valor 22% acima da m\u00e9dia hist\u00f3rica esperada para o m\u00eas de janeiro, tipicamente de R$ 0,90\/L produzido.&nbsp;<\/p>\n<p>Para o produtor de leite h\u00e1 a expectativa de melhoria no primeiro semestre\/19: aumento dos pre\u00e7os do leite, com o fim do per\u00edodo da safra e redu\u00e7\u00e3o no custo do concentrado, com a chegada de boas safras de milho e de soja. Para 2019, a oferta nacional deve voltar aos patamares de crescimento de 3%. Em resumo, para janeiro\/19:<\/p>\n<p>1. Pre\u00e7o ao produtor \u2013 R$ 1,38\/L est\u00e1 16% acima do valor real hist\u00f3rico para o m\u00eas de janeiro;<br \/>\n2. Pre\u00e7o do concentrado \u2013 Valores na m\u00e9dia hist\u00f3rica de R$ 0,84\/kg neste m\u00eas;<br \/>\n3. Margem sobre o concentrado - Em R$ 1,09\/L, valor 22% acima da m\u00e9dia hist\u00f3rica do m\u00eas de janeiro, de R$ 0,90\/litro;<br \/>\n4. Pre\u00e7o do leite UHT \u2013 No varejo, o indicador ficou em R$ 3,20\/L, valor similar ao esperado para o m\u00eas, tipicamente 6% abaixo da m\u00e9dia anual;<br \/>\n5. Pre\u00e7os internacionais \u2013 Pre\u00e7os internacionais do leite em p\u00f3 em leve crescimento, o que \u00e9 positivo para os produtores brasileiros;<br \/>\n6. Consumo \u2013 Expectativa de que o consumo nacional de produtos l\u00e1cteos volte a crescer, ap\u00f3s quatro anos de queda do consumo per capita. (Embrapa)<\/p>\n<\/div>\n<div style=\"text-align: justify;\">&nbsp; &nbsp; &nbsp; &nbsp; &nbsp; &nbsp; &nbsp; &nbsp; &nbsp;<img decoding=\"async\" style=\"text-align: center; width: 673px; height: 22px;\" src=\"http:\/\/cache.mail2easy.com.br\/i\/6186\/3078\" alt=\"\"><\/div>\n<div style=\"text-align: left;\">\n<div style=\"text-align: justify;\">&nbsp;<\/div>\n<div style=\"text-align: justify;\"><strong><span style=\"text-align: justify;\">Ministra discute com presidente do BNDES novas linhas de cr\u00e9dito para o agroneg\u00f3cio<\/span><\/strong><br style=\"text-align: justify;\"><br style=\"text-align: justify;\"><span style=\"text-align: justify;\">A ministra Tereza Cristina (Agricultura, Pecu\u00e1ria e Abastecimento) se reuniu nesta \u00faltima quarta-feira (27) com o presidente do BNDES, Joaquim Levy, para tratar de novas linhas de cr\u00e9dito para investimentos no agroneg\u00f3cio. Na conversa, os dois acertaram, entre outros assuntos, que o banco vai ajudar a acelerar a implanta\u00e7\u00e3o e valida\u00e7\u00e3o do Cadastro Ambiental Rural (CAR). O cadastramento \u00e9 imprescind\u00edvel para que os produtores sejam habilitados a obter cr\u00e9dito no sistema financeiro.<\/span><br style=\"text-align: justify;\"><br style=\"text-align: justify;\"><span style=\"text-align: justify;\">Levy tamb\u00e9m ofereceu a colabora\u00e7\u00e3o do BNDES para estudar novos mecanismos de apoio aos produtores rurais e para contribuir no sistema de gest\u00e3o de risco dos investimentos na agricultura. Tereza Cristina e Levy conversaram, ainda, a respeito da gest\u00e3o dos recursos do Fundo Amaz\u00f4nia, que apoia e financia projetos de regulariza\u00e7\u00e3o fundi\u00e1ria e regulariza\u00e7\u00e3o territorial e fiscaliza\u00e7\u00e3o ambiental. O BNDES \u00e9 o respons\u00e1vel pela capta\u00e7\u00e3o dos recursos e pela contrata\u00e7\u00e3o e monitoramento dos projetos apoiados com a verba do fundo.<\/span><br style=\"text-align: justify;\"><br style=\"text-align: justify;\"><span style=\"text-align: justify;\">Tereza Cristina considerou a conversa muito proveitosa. Ficou decidido que ela far\u00e1 uma visita ao BNDES, no Rio de Janeiro, logo depois do Carnaval, para dar continuidade \u00e0 conversa desta quarta-feira, e que ser\u00e1 realizado um semin\u00e1rio sobre o agroneg\u00f3cio na sede do banco de desenvolvimento, j\u00e1 em abril ou maio deste ano. De acordo com o presidente do BNDES, foram discutidos outros pontos relativos a investimentos na agropecu\u00e1ria nos quais o banco pode aprimorar sua participa\u00e7\u00e3o. \u201cN\u00f3s discutimos uma agenda de inova\u00e7\u00e3o financeira\u201d, explicou Levy, ap\u00f3s a reuni\u00e3o. (As informa\u00e7\u00f5es s\u00e3o do Mapa)<\/span><br style=\"text-align: justify;\"><br style=\"text-align: justify;\"><br style=\"text-align: justify;\"><strong><span style=\"text-align: justify;\">Pre\u00e7os&nbsp;<\/span><\/strong><br style=\"text-align: justify;\"><br style=\"text-align: justify;\"><span style=\"text-align: justify;\">Nos \u00faltimos meses, a diferen\u00e7a de pre\u00e7o da manteiga nos mercados europeus e da Oceania ca\u00edram. Em janeiro de 2019, o pre\u00e7o da manteiga na Uni\u00e3o Europeia (UE) era US$ 838\/tonelada maior do que o da Oceania, o menor intervalo entre as duas s\u00e9ries de pre\u00e7os, desde mar\u00e7o de 2018.<\/span><br style=\"text-align: justify;\"><br style=\"text-align: justify;\"><span style=\"text-align: justify;\">Durante 2018, as cota\u00e7\u00f5es da manteiga na UE e Oceania divergiram entre si. Na UE as cota\u00e7\u00f5es foram pressionadas pelas incertezas geradas pelas condi\u00e7\u00f5es clim\u00e1ticas extremas em regi\u00f5es chaves. Na Oceania as eleva\u00e7\u00f5es foram mais moderadas. Dessa forma os dois mercados foram se afastando, e em setembro a brecha chegou a US$ 2.050\/tonelada, a maior em uma d\u00e9cada.<\/span><br style=\"text-align: justify;\"><br style=\"text-align: justify;\"><span style=\"text-align: justify;\">Apesar da redu\u00e7\u00e3o entre as s\u00e9ries de pre\u00e7os nos \u00faltimos meses, ela n\u00e3o foi eliminada, e a manteiga na UE continua com a cota\u00e7\u00e3o mais elevada. Assim, a manteiga europeia n\u00e3o \u00e9 atrativa no mercado exportador, e n\u00e3o consegue competir com o produto da Oceania. (Agrodigital \u2013 Tradu\u00e7\u00e3o livre: www.terraviva.com.br)<\/span><\/div>\n<div style=\"text-align: justify;\"><span style=\"text-align: justify;\"><img decoding=\"async\" style=\"width: 455px; height: 287px;\" src=\"http:\/\/cache.mail2easy.com.br\/i\/6186\/3269\" alt=\"\"><\/span><\/div>\n<div style=\"text-align: center;\"><img decoding=\"async\" style=\"width: 673px; height: 22px;\" src=\"http:\/\/cache.mail2easy.com.br\/i\/6186\/3078\" alt=\"\"><\/div>\n<\/div>\n<div style=\"text-align: justify;\">\n<div style=\"text-align: center;\">\n<div><em><img decoding=\"async\" src=\"http:\/\/cache.mail2easy.com.br\/i\/6186\/3077\" border=\"0\"><\/em><\/div>\n<div><em><span style=\"text-align: justify;\">Pre\u00e7os\/UE&nbsp;<\/span><br style=\"text-align: justify;\"><span style=\"text-align: justify;\">Segundo o boletim do Observat\u00f3rio L\u00e1cteo da Uni\u00e3o Europeia (UE), divulgado em 21 de fevereiro, o pre\u00e7o m\u00e9dio do leite em p\u00f3 desnatado na UE aumentou 1,3% em rela\u00e7\u00e3o \u00e0 semana anterior, chegando a 189 \u20ac\/100 kg, [aproximadamente US$ 2.150\/tonelada], (36% acima do n\u00edvel do ano passado). O pre\u00e7o m\u00e9dio da manteiga e do queijo cheddar na UE ficaram est\u00e1veis. Mas, o da manteiga foi para 458 \u20ac\/100 kg, [aproximadamente US$ 5.200\/tonelada]. O pre\u00e7o do leite no mercado spot na Holanda aumentou 3% na semana passada (34 c\/kg), [R$ 1,49\/litro]; mas houve redu\u00e7\u00e3o de 1,2% no pre\u00e7o do leite spot na It\u00e1lia (42,3 c\/kg), [R$ 1,86\/litro]. As tend\u00eancias foram divergentes para as cota\u00e7\u00f5es mundiais de produtos l\u00e1cteos na semana passada. Na UE ficaram est\u00e1veis, enquanto na Oceania subiram a manteiga (+5%); leite em p\u00f3 desnatado (+4%); e leite em p\u00f3 integral (+8,5%).&nbsp; Nos Estados Unidos houve queda nos pre\u00e7os da manteiga e leite em p\u00f3 desnatado de (-1,4%) e (-1,7%), respectivamente, enquanto subiam as cota\u00e7\u00f5es do queijo cheddar, 7,8%, e do leite em p\u00f3 integral (1,6%). (Agrodigital \u2013 Tradu\u00e7\u00e3o livre: www.terraviva.com.br)<\/span><\/em><\/div>\n<\/div>\n<div style=\"text-align: center;\"><img decoding=\"async\" src=\"http:\/\/cache.mail2easy.com.br\/i\/6186\/3078\" border=\"0\"><\/div>\n<\/div>\n<\/div>\n","protected":false},"excerpt":{"rendered":"<p>Porto Alegre, 28 de fevereiro de 2019&nbsp; &nbsp; &nbsp; &nbsp; &nbsp; &nbsp; &nbsp; &nbsp; &nbsp; &nbsp; &nbsp; &nbsp; &nbsp; &nbsp; &nbsp; &nbsp; &nbsp; &nbsp; &nbsp; &nbsp; &nbsp; &nbsp; &nbsp; Ano 13 - N\u00b0 2.930 &nbsp; &nbsp; &nbsp;&nbsp;Cen\u00e1rio favor\u00e1vel&nbsp; Os anos de 2015 e 2016 foram de crise no mercado internacional de l\u00e1cteos. A recupera\u00e7\u00e3o ocorreu <a href=\"https:\/\/www.sindilat.com.br\/site\/2019\/02\/28\/28-02-2019\/\" class=\"more-link\">...continuar lendo<span class=\"screen-reader-text\"> \"28\/02\/2019\"<\/span><\/a><\/p>\n","protected":false},"author":2,"featured_media":0,"comment_status":"open","ping_status":"open","sticky":false,"template":"","format":"standard","meta":{"ngg_post_thumbnail":0,"footnotes":""},"categories":[28],"tags":[],"class_list":{"0":"post-3088","1":"post","2":"type-post","3":"status-publish","4":"format-standard","6":"category-newsletter","7":"h-entry","8":"hentry","9":"h-as-article"},"_links":{"self":[{"href":"https:\/\/www.sindilat.com.br\/site\/wp-json\/wp\/v2\/posts\/3088","targetHints":{"allow":["GET"]}}],"collection":[{"href":"https:\/\/www.sindilat.com.br\/site\/wp-json\/wp\/v2\/posts"}],"about":[{"href":"https:\/\/www.sindilat.com.br\/site\/wp-json\/wp\/v2\/types\/post"}],"author":[{"embeddable":true,"href":"https:\/\/www.sindilat.com.br\/site\/wp-json\/wp\/v2\/users\/2"}],"replies":[{"embeddable":true,"href":"https:\/\/www.sindilat.com.br\/site\/wp-json\/wp\/v2\/comments?post=3088"}],"version-history":[{"count":1,"href":"https:\/\/www.sindilat.com.br\/site\/wp-json\/wp\/v2\/posts\/3088\/revisions"}],"predecessor-version":[{"id":3089,"href":"https:\/\/www.sindilat.com.br\/site\/wp-json\/wp\/v2\/posts\/3088\/revisions\/3089"}],"wp:attachment":[{"href":"https:\/\/www.sindilat.com.br\/site\/wp-json\/wp\/v2\/media?parent=3088"}],"wp:term":[{"taxonomy":"category","embeddable":true,"href":"https:\/\/www.sindilat.com.br\/site\/wp-json\/wp\/v2\/categories?post=3088"},{"taxonomy":"post_tag","embeddable":true,"href":"https:\/\/www.sindilat.com.br\/site\/wp-json\/wp\/v2\/tags?post=3088"}],"curies":[{"name":"wp","href":"https:\/\/api.w.org\/{rel}","templated":true}]}}