{"id":3063,"date":"2019-02-22T18:08:57","date_gmt":"2019-02-22T18:08:57","guid":{"rendered":"http:\/\/www.sindilat.com.br\/site\/?p=3063"},"modified":"2019-02-22T18:09:32","modified_gmt":"2019-02-22T18:09:32","slug":"22-02-2019","status":"publish","type":"post","link":"https:\/\/www.sindilat.com.br\/site\/2019\/02\/22\/22-02-2019\/","title":{"rendered":"22\/02\/2019"},"content":{"rendered":"<p><strong><em><img decoding=\"async\" style=\"width: 643px; height: 89px;\" src=\"http:\/\/cache.mail2easy.com.br\/i\/6186\/3074\" alt=\"\"><\/em><\/strong><\/p>\n<div style=\"text-align: center;\">\n<p><strong><em>Porto Alegre, 22 de fevereiro de 2019<\/em><\/strong><strong><em>&nbsp; &nbsp; &nbsp; &nbsp; &nbsp; &nbsp; &nbsp; &nbsp; &nbsp; &nbsp; &nbsp; &nbsp; &nbsp; &nbsp; &nbsp; &nbsp; &nbsp; &nbsp; &nbsp; &nbsp; &nbsp; &nbsp; &nbsp; Ano 13 - N\u00b0 2.926<\/em><\/strong><img decoding=\"async\" style=\"width: 673px; height: 22px;\" src=\"http:\/\/cache.mail2easy.com.br\/i\/6186\/3078\" alt=\"\"><\/p>\n<p><img decoding=\"async\" src=\"http:\/\/cache.mail2easy.com.br\/i\/6186\/3075\" border=\"0\"><\/p>\n<p style=\"text-align: justify;\"><img decoding=\"async\" style=\"text-align: justify; border-width: 0px; border-style: solid; float: left;\" src=\"http:\/\/cache.mail2easy.com.br\/i\/6186\/3079\"><\/p>\n<div style=\"text-align: justify;\"><strong><span style=\"text-align: justify;\">&nbsp; &nbsp; &nbsp;Leite UHT&nbsp;<\/span><\/strong><br style=\"text-align: justify;\"><br style=\"text-align: justify;\"><span style=\"text-align: justify;\">Depois de cair por cinco meses consecutivos, o pre\u00e7o m\u00e9dio do leite longa vida (UHT) negociado no mercado atacadista de S\u00e3o Paulo subiu em janeiro. No m\u00eas, o produto registrou m\u00e9dia de R$ 2,4192\/litro, sendo 14,4% acima da observada em dezembro\/18 e 23,88% superior \u00e0 de janeiro\/18, em termos reais (valores deflacionados pelo IPCA de janeiro\/19).<\/span><br style=\"text-align: justify;\"><br style=\"text-align: justify;\"><span style=\"text-align: justify;\">A valoriza\u00e7\u00e3o mensal do UHT esteve atrelada \u00e0 alta no pre\u00e7o observada na primeira quinzena de janeiro, quando a eleva\u00e7\u00e3o acumulada foi de 7,34%. Nesse per\u00edodo, o impulso veio da maior competi\u00e7\u00e3o entre ind\u00fastrias em captar o leite no campo. As negocia\u00e7\u00f5es envolvendo o derivado, por\u00e9m, foram fracas, j\u00e1 que a demanda nesta \u00e9poca do ano \u00e9 baixa, dentre outros motivos, devido \u00e0s f\u00e9rias escolares. J\u00e1 na segunda quinzena de janeiro, os estoques de latic\u00ednios come\u00e7aram a subir e a valoriza\u00e7\u00e3o do derivado foi interrompida, com os pre\u00e7os passando a oscilar diariamente. No acumulado das duas \u00faltimas semanas do m\u00eas, a varia\u00e7\u00e3o foi negativa, de 2,15%. Por outro lado, a tend\u00eancia altista voltou a ser verificada na primeira quinzena de fevereiro, devido \u00e0 disponibilidade limitada de leite no campo, \u00e0 estabiliza\u00e7\u00e3o dos pre\u00e7os do leite spot e ao aquecimento da demanda. No acumulado deste per\u00edodo, os valores do UHT subiram 1,23%, com a m\u00e9dia chegando a R$ 2,4298\/litro.<\/span><br style=\"text-align: justify;\"><br style=\"text-align: justify;\"><span style=\"text-align: justify;\">QUEIJO MU\u00c7ARELA \u2013 A cota\u00e7\u00e3o do queijo mu\u00e7arela apresentou alta mais controlada de dezembro para janeiro. O pre\u00e7o m\u00e9dio foi de R$ 17,10\/kg no primeiro m\u00eas de 2019, sendo 1,93% superior ao de dezembro\/18 e 15,27% acima do de janeiro\/19, em termos reais. Segundo colaboradores do Cepea, as negocia\u00e7\u00f5es estiveram aquecidas e os estoques, controlados. Essa pesquisa \u00e9 realizada diariamente pelo Cepea com apoio financeiro da OCB (Organiza\u00e7\u00e3o das Cooperativas Brasileiras). (Cepea)<\/span><\/div>\n<div style=\"text-align: justify;\">&nbsp;<\/div>\n<div style=\"text-align: justify;\"><span style=\"text-align: justify;\"><img decoding=\"async\" style=\"width: 721px; height: 393px;\" src=\"http:\/\/cache.mail2easy.com.br\/i\/6186\/3262\" alt=\"\"><\/span><\/div>\n<div style=\"text-align: justify;\">&nbsp;<\/div>\n<div><img decoding=\"async\" style=\"text-align: center; width: 673px; height: 22px;\" src=\"http:\/\/cache.mail2easy.com.br\/i\/6186\/3078\" alt=\"\"><\/div>\n<div style=\"text-align: left;\">\n<div style=\"text-align: justify;\">&nbsp;<\/div>\n<div style=\"text-align: justify;\"><strong>Ministra afirma que quest\u00e3o do leite em p\u00f3 est\u00e1 superada<\/strong><\/div>\n<div style=\"text-align: justify;\">\n<p>&nbsp;<br \/>\nA ministra da Agricultura, Pecu\u00e1ria e Abastecimento, Tereza Cristina, afirmou nesta quinta-feira (21.02) que a quest\u00e3o da taxa de importa\u00e7\u00e3o do leite em p\u00f3 da Uni\u00e3o Europeia \u201cest\u00e1 superada\u201d. Em entrevista a jornalistas ap\u00f3s a abertura do Semin\u00e1rio Boas Pr\u00e1ticas de Fabrica\u00e7\u00e3o e Autocontrole, a ministra disse que o assunto est\u00e1 sendo monitorado diariamente.<\/p>\n<p>A ministra comentou que o tema foi tratado ontem em reuni\u00e3o com o secret\u00e1rio de Assuntos Internacionais do Minist\u00e9rio da Economia, Marcos Troyjo, e que \u201cas coisas est\u00e3o evoluindo muito bem\u201d. Ela lembrou que problema maior do leite para o Brasil \u00e9 com o Mercosul.<\/p>\n<p>\u201cN\u00f3s estamos aguardando uma resposta da Uni\u00e3o Europeia, se ela n\u00e3o responder, dever\u00e1 vir da OMC (Organiza\u00e7\u00e3o Mundial do Com\u00e9rcio). E n\u00f3s estamos caminhando. Para mim, a quest\u00e3o do leite com a Uni\u00e3o Europeia est\u00e1 superada. N\u00f3s temos outras quest\u00f5es no Mercosul, que \u00e9 onde mais nos atinge. Na verdade, \u00e9 o leite que vem da Argentina e do Uruguai\u201d.<\/p>\n<p>Tereza Cristina comentou que o governo brasileiro j\u00e1 conversou com com o governo da Argentina e o assunto est\u00e1 sendo analisado por um grupo de trabalho formado depois da visita da comitiva do pa\u00eds vizinho ao Brasil.<\/p>\n<p>Tereza explicou que o aumento da tarifa do leite em p\u00f3 proposto pelo Mapa h\u00e1 duas semanas ainda n\u00e3o saiu devido aos tr\u00e2mites e procedimentos legais necess\u00e1rios para formalizar a sobretaxa. O governo est\u00e1 fazendo um acompanhamento di\u00e1rio sobre as guias de importa\u00e7\u00e3o. O objetivo \u00e9 saber se a aplica\u00e7\u00e3o de nova tarifa ser\u00e1 necess\u00e1ria.<\/p>\n<p>A ministra confirmou que tratou tamb\u00e9m com o Minist\u00e9rio da Economia sobre problemas de importa\u00e7\u00e3o de outras culturas, como o alho. Ela reiterou que os dois minist\u00e9rios est\u00e3o alinhados e far\u00e3o reuni\u00f5es frequentes para avaliar assuntos que tenham impacto no com\u00e9rcio exterior. \u201cOs dois minist\u00e9rios t\u00eam que andar muito alinhados para que a gente trabalhe numa agenda de abertura, mas sabendo cada lado os pr\u00f3s e contras do encaminhamento dessas a\u00e7\u00f5es no mercado internacional\u201d, comentou. (MAPA)<\/p>\n<p><strong>Consumo\/AR<\/strong><\/p>\n<p>O leite em p\u00f3 \u00e9 o produto mais afetado, com queda superior a 10% em 2018, em rela\u00e7\u00e3o ao ano anterior. No ano passado, as vendas dos produtos l\u00e1cteos no mercado interno ca\u00edram em rela\u00e7\u00e3o a 2017.<\/p>\n<p>Em m\u00e9dia 2,3% em toneladas e 1,9% em equivalente litros de leite. Leite em p\u00f3 foi o produto mais afetado, com queda de 11,4% em toneladas e em litros equivalentes leite. Os dados foram divulgados pelo Panel das ind\u00fastrias de latic\u00ednios.<\/p>\n<p>De acordo com os dados estat\u00edsticos e considerando os doze meses de 2018, o consumo de leite fluido caiu 1,7% tanto em toneladas como em litros equivalentes. Nos queijos, a queda foi de 1,9% em toneladas e de 1,7% em litros equivalentes, enquanto que outros produtos \u2013 como iogurtes, manteiga, e cremes \u2013 a queda em toneladas foi de 4,6% e em litros equivalentes 1,9%. Quanto ao n\u00edvel de vendas, comparando dezembro de 2018 com dezembro de 2017, a queda foi de 5% em toneladas. A queda mais brutal ocorreu no leite em p\u00f3: 38,8% em toneladas e 11,9% em equivalente litros, comparando dezembro de 2018 com o mesmo m\u00eas do ano anterior. A varia\u00e7\u00e3o dos queijos foi de -6,2% e -8%, respectivamente, enquanto em outros produtos a perda registrada foi de 13,5% e 11,9% em toneladas e litros, respectivamente.<\/p>\n<p>Cabe destacar que as vendas acumuladas no ano de 2018 tiveram queda de 1,9% em litros equivalentes leite. O processo de queda das vendas no mercado dom\u00e9stico (ao contr\u00e1rio do aumento dos volumes exportados) foi acelerando no correr do ano, e em dezembro de 2018 foi registrada redu\u00e7\u00e3o de 13,9% em litros equivalentes leite, quando comparado com dezembro de 2017. (Portalechero \u2013 Tradu\u00e7\u00e3o livre: www.terraviva.com.br)<\/p>\n<p><strong>Envase Brasil<\/strong><\/p>\n<p>Consolidada como um evento referencial para neg\u00f3cios e relacionamento no segmento de alimentos, embalagens, tecnologia e bebidas no Sul do pa\u00eds, a Envase Brasil chega a sua 14\u00aa edi\u00e7\u00e3o com a expectativa de superar o sucesso da edi\u00e7\u00e3o de 2018.<\/p>\n<p>A edi\u00e7\u00e3o 2020 espera 170 expositores do Brasil e de outros 12 pa\u00edses, al\u00e9m de projetar 10.000 visitantes nos quatro dias de evento. Economicamente, a estimativa \u00e9 a de superar a edi\u00e7\u00e3o de 2018, com neg\u00f3cios da ordem de 130 milh\u00f5es de reais.<\/p>\n<p>A feira acontece no Rio Grande do Sul, em Bento Gon\u00e7alves, regi\u00e3o que \u00e9 a maior produtora de vinhos do pa\u00eds; no Estado que j\u00e1 apresenta a maior oferta de cervejas artesanais do Brasil e que concentra a segunda bacia leiteira nacional. Mercados que est\u00e3o em constante qualifica\u00e7\u00e3o e expans\u00e3o. E ainda ganham destaque no evento as ind\u00fastrias de azeite de oliva, \u00e1gua mineral e sucos de diversas frutas, em especial, de uvas.<\/p>\n<p>A Envase Brasil tamb\u00e9m se destaca pela gera\u00e7\u00e3o de conte\u00fado e relacionamento com profissionais das \u00e1reas de atua\u00e7\u00e3o e afins com bebidas e alimentos. Os encontros setoriais t\u00eam contribu\u00eddo para deixar o evento cada vez mais concorrido e qualitativo. \u201cCada vez mais ouvimos dos nossos expositores que esse \u00e9 um fator de sucesso do evento: a Envase \u00e9 uma feira tranquila e bem visitada. Voc\u00ea recebe p\u00fablico diversificado dos segmentos das ind\u00fastrias de bebidas e alimentos, em especial do vinho, sucos, cerveja artesanal, cacha\u00e7a e destilados, \u00e1gua mineral, latic\u00ednios e outros\u201d, destaca Vicente Puerta, diretor presidente da feira.&nbsp;<\/p>\n<p>A 14\u00aa edi\u00e7\u00e3o da Envase Brasil acontecer\u00e1 em Bento Gon\u00e7alves, na Serra Ga\u00facha, no per\u00edodo de 31 de Mar\u00e7o a 3 de abril de 2020. (Fonte: Newtrade)<\/p>\n<\/div>\n<div style=\"text-align: center;\"><img decoding=\"async\" style=\"width: 673px; height: 22px;\" src=\"http:\/\/cache.mail2easy.com.br\/i\/6186\/3078\" alt=\"\"><\/div>\n<\/div>\n<div style=\"text-align: justify;\">\n<div style=\"text-align: center;\">\n<div><em><img decoding=\"async\" src=\"http:\/\/cache.mail2easy.com.br\/i\/6186\/3077\" border=\"0\"><\/em><\/div>\n<div><em><span style=\"text-align: justify;\">Adolfo Brito e Ernani Polo v\u00e3o comandar Comiss\u00e3o de Agricultura<\/span><br style=\"text-align: justify;\"><span style=\"text-align: justify;\">O conjunto de parlamentares que comp\u00f5em a Comiss\u00e3o de Agricultura, Pecu\u00e1ria e Cooperativismo (CAPC) elegeram e deram posse, nesta quinta-feira, aos deputados Adolfo Brito (PP) e Ernani Polo (PP) para, respectivamente, presid\u00eancia e vice-presid\u00eancia do \u00f3rg\u00e3o t\u00e9cnico. Adolfo Brito dar\u00e1 continuidade ao trabalho que j\u00e1 vinha desenvolvendo \u00e0 frente do grupo t\u00e9cnico, tendo presidido a comiss\u00e3o ao longo dos quatro anos da legislatura passada. J\u00e1 Ernani Polo conduziu a Secretaria Estadual da Agricultura e Irriga\u00e7\u00e3o entre 2015 e 2018. (Jornal do Com\u00e9rcio)<\/span><\/em><\/div>\n<\/div>\n<div style=\"text-align: center;\"><img decoding=\"async\" src=\"http:\/\/cache.mail2easy.com.br\/i\/6186\/3078\" border=\"0\"><\/div>\n<\/div>\n<\/div>\n","protected":false},"excerpt":{"rendered":"<p>Porto Alegre, 22 de fevereiro de 2019&nbsp; &nbsp; &nbsp; &nbsp; &nbsp; &nbsp; &nbsp; &nbsp; &nbsp; &nbsp; &nbsp; &nbsp; &nbsp; &nbsp; &nbsp; &nbsp; &nbsp; &nbsp; &nbsp; &nbsp; &nbsp; &nbsp; &nbsp; Ano 13 - N\u00b0 2.926 &nbsp; &nbsp; &nbsp;Leite UHT&nbsp;Depois de cair por cinco meses consecutivos, o pre\u00e7o m\u00e9dio do leite longa vida (UHT) negociado no mercado <a href=\"https:\/\/www.sindilat.com.br\/site\/2019\/02\/22\/22-02-2019\/\" class=\"more-link\">...continuar lendo<span class=\"screen-reader-text\"> \"22\/02\/2019\"<\/span><\/a><\/p>\n","protected":false},"author":2,"featured_media":0,"comment_status":"open","ping_status":"open","sticky":false,"template":"","format":"standard","meta":{"ngg_post_thumbnail":0,"footnotes":""},"categories":[28],"tags":[],"class_list":{"0":"post-3063","1":"post","2":"type-post","3":"status-publish","4":"format-standard","6":"category-newsletter","7":"h-entry","8":"hentry","9":"h-as-article"},"_links":{"self":[{"href":"https:\/\/www.sindilat.com.br\/site\/wp-json\/wp\/v2\/posts\/3063","targetHints":{"allow":["GET"]}}],"collection":[{"href":"https:\/\/www.sindilat.com.br\/site\/wp-json\/wp\/v2\/posts"}],"about":[{"href":"https:\/\/www.sindilat.com.br\/site\/wp-json\/wp\/v2\/types\/post"}],"author":[{"embeddable":true,"href":"https:\/\/www.sindilat.com.br\/site\/wp-json\/wp\/v2\/users\/2"}],"replies":[{"embeddable":true,"href":"https:\/\/www.sindilat.com.br\/site\/wp-json\/wp\/v2\/comments?post=3063"}],"version-history":[{"count":1,"href":"https:\/\/www.sindilat.com.br\/site\/wp-json\/wp\/v2\/posts\/3063\/revisions"}],"predecessor-version":[{"id":3064,"href":"https:\/\/www.sindilat.com.br\/site\/wp-json\/wp\/v2\/posts\/3063\/revisions\/3064"}],"wp:attachment":[{"href":"https:\/\/www.sindilat.com.br\/site\/wp-json\/wp\/v2\/media?parent=3063"}],"wp:term":[{"taxonomy":"category","embeddable":true,"href":"https:\/\/www.sindilat.com.br\/site\/wp-json\/wp\/v2\/categories?post=3063"},{"taxonomy":"post_tag","embeddable":true,"href":"https:\/\/www.sindilat.com.br\/site\/wp-json\/wp\/v2\/tags?post=3063"}],"curies":[{"name":"wp","href":"https:\/\/api.w.org\/{rel}","templated":true}]}}