{"id":3061,"date":"2019-02-21T19:39:41","date_gmt":"2019-02-21T19:39:41","guid":{"rendered":"http:\/\/www.sindilat.com.br\/site\/?p=3061"},"modified":"2019-02-21T19:39:41","modified_gmt":"2019-02-21T19:39:41","slug":"21-02-2019","status":"publish","type":"post","link":"https:\/\/www.sindilat.com.br\/site\/2019\/02\/21\/21-02-2019\/","title":{"rendered":"21\/02\/2019"},"content":{"rendered":"<p><strong><em><img decoding=\"async\" style=\"width: 643px; height: 89px;\" src=\"http:\/\/cache.mail2easy.com.br\/i\/6186\/3074\" alt=\"\"><\/em><\/strong><\/p>\n<div style=\"text-align: center;\">\n<p><strong><em>Porto Alegre, 21 de fevereiro de 2019<\/em><\/strong><strong><em>&nbsp; &nbsp; &nbsp; &nbsp; &nbsp; &nbsp; &nbsp; &nbsp; &nbsp; &nbsp; &nbsp; &nbsp; &nbsp; &nbsp; &nbsp; &nbsp; &nbsp; &nbsp; &nbsp; &nbsp; &nbsp; &nbsp; &nbsp; Ano 13 - N\u00b0 2.925<\/em><\/strong><img decoding=\"async\" style=\"width: 673px; height: 22px;\" src=\"http:\/\/cache.mail2easy.com.br\/i\/6186\/3078\" alt=\"\"><\/p>\n<p><img decoding=\"async\" src=\"http:\/\/cache.mail2easy.com.br\/i\/6186\/3075\" border=\"0\"><\/p>\n<p style=\"text-align: justify;\"><img decoding=\"async\" style=\"text-align: justify; border-width: 0px; border-style: solid; float: left;\" src=\"http:\/\/cache.mail2easy.com.br\/i\/6186\/3079\"><\/p>\n<div style=\"text-align: justify;\"><strong><span style=\"text-align: justify;\">&nbsp; &nbsp; &nbsp;Grupo de Trabalho do Leite quer bancada ga\u00facha em peso no encontro com ministra da Agricultura<\/span><\/strong><br style=\"text-align: justify;\"><br style=\"text-align: justify;\"><span style=\"text-align: justify;\">Parlamentares ga\u00fachos e integrantes de entidades ligadas \u00e0 cadeia produtiva do leite assinar\u00e3o documento conjunto pedindo a presen\u00e7a em peso dos deputados e senadores da bancada ga\u00facha no encontro com a ministra da Agricultura, Tereza Cristina, no pr\u00f3ximo dia 26, \u00e0s 15h30min, em Bras\u00edlia. Na pauta, temas de grande import\u00e2ncia para o setor, como a vig\u00eancia das INS 76 e 77 em maio pr\u00f3ximo, e a derrubada da medida antidumping que penaliza produtores brasileiros. A mobiliza\u00e7\u00e3o foi definida na manh\u00e3 desta quinta-feira (21), durante reuni\u00e3o do Grupo de Trabalho do Leite (GTL), na Comiss\u00e3o de Agricultura da Assembleia Legislativa.&nbsp; O encontro com a ministra foi intermediado pela Fetag e ter\u00e1 continuidade na manh\u00e3 de quarta-feira (27), na Secretaria Nacional da Agricultura Familiar.&nbsp;<\/span><br style=\"text-align: justify;\"><br style=\"text-align: justify;\"><span style=\"text-align: justify;\">O presidente do GTL, deputado estadual Z\u00e9 Nunes (PT), criticou a derrubada da medida antidumping que beneficiava a produ\u00e7\u00e3o nacional ao limitar a entrada em massa de leite em p\u00f3s proveniente da Uni\u00e3o Europeia e da Nova Zel\u00e2ndia, com taxa\u00e7\u00f5es de 3,9% e 14,9% respectivamente nas importa\u00e7\u00f5es. Segundo ele, a decis\u00e3o do governo federal foi equivocada e lembrou que a revers\u00e3o da medida n\u00e3o \u00e9 simples e pode levar at\u00e9 12 meses, uma vez que envolve v\u00e1rios aspectos t\u00e9cnicos que incluem at\u00e9 mesmo a Organiza\u00e7\u00e3o Mundial do Com\u00e9rcio (OMC). O parlamentar, assim como os demais representantes do setor, ainda aguarda a solu\u00e7\u00e3o do impasse pelo ministro-chefe da Casa Civil, Onyx Lorenzoni, que prometeu editar um decreto com medidas compensat\u00f3rias ao setor, o que ainda n\u00e3o ocorreu. Al\u00e9m de promover a concorr\u00eancia desleal, a derrubada da medida antidumping trouxe reflexos imediatos ao produtor de leite.&nbsp;<\/span><br style=\"text-align: justify;\"><br style=\"text-align: justify;\"><span style=\"text-align: justify;\">Segundo o deputado Edson Brum (MDB), \u201capenas a divulga\u00e7\u00e3o do fim da barreira tribut\u00e1ria levou \u00e0 queda de 12% a 13% no pre\u00e7o do leite\u201d, afirmou.&nbsp; Para o parlamentar, o leite n\u00e3o \u00e9 apenas uma atividade importante do ponto de vista econ\u00f4mico. \u201cSua import\u00e2ncia acaba sendo maior pelo aspecto social, e agora estamos diante de um desafio de ordem mercadol\u00f3gico\u201d, pontuou.&nbsp; O deputado Elton Weber (PSB) lembrou que grandes pot\u00eancias protegem seus produtores de leite, a exemplo de Estados Unidos (16%), Uni\u00e3o Europeia (37%), Canad\u00e1 (218%) e Noruega (128%). \u201cA Uni\u00e3o Europeia banca R$ 6 bilh\u00f5es em subs\u00eddios aos produtores, enquanto isso, o Brasil abre a possibilidade de entrada desses produtos no mercado nacional\u201d, criticou Weber, classificando a atitude pr\u00f3xima a um \u2018tiro no p\u00e9\u201d.&nbsp; Os integrantes do Grupo de Trabalho do Leite foram un\u00e2nimes em admitir os efeitos negativos da retirada da medida antidumping e afirma que o cen\u00e1rio entre os produtores de leite pode se agravar e ampliar ainda mais a evas\u00e3o do setor, que j\u00e1 perdeu 25 mil produtores nos \u00faltimos tr\u00eas anos somente no Rio Grande do Sul.<\/span><br style=\"text-align: justify;\"><br style=\"text-align: justify;\"><span style=\"text-align: justify;\">As novas regras das INS 76 e 77, que passam a vigorar em maio, tamb\u00e9m preocupam o setor produtivo. As entidades que representam os produtores temem que a vig\u00eancia ap\u00f3s um curto espa\u00e7o de tempo \u2013 foi aprovada em dezembro passado \u2013 possa retirar mais produtores da atividade. Segundo Pedrinho Signori, secret\u00e1rio-geral da Fetag\/RS, entre 50% e 60% dos produtores do Estado n\u00e3o est\u00e3o aptos a fazer a entrega do leite a temperatura de 7\u00b0C no prazo estipulado pelas instru\u00e7\u00f5es normativas editadas pela Uni\u00e3o. \u201cAs regras propostas de forma geral s\u00e3o positivas, buscam qualificar todo o processo, no entanto, o tempo de adequa\u00e7\u00e3o \u00e9 muito curto. Exige muito mais prazo e investimentos em infraestrutura rural. Se um produtor precisar comprar outro resfriador, ter\u00e1 que desligar a ordenhadeira, pois a eletrifica\u00e7\u00e3o no campo \u00e9 prec\u00e1ria\u201d, afirma o dirigente. (Assessoria de Imprensa Sindilat)<\/span><\/div>\n<div style=\"text-align: justify;\">&nbsp;<\/div>\n<div style=\"text-align: justify;\"><em><strong><span style=\"text-align: justify;\"><img decoding=\"async\" style=\"width: 600px; height: 450px;\" src=\"http:\/\/cache.mail2easy.com.br\/i\/6186\/3259\" alt=\"\"><\/span><\/strong><\/em><\/div>\n<div style=\"text-align: justify;\"><em><span style=\"text-align: center;\">Cr\u00e9dito: Luciana Radicione&nbsp;<\/span><\/em><\/div>\n<div style=\"text-align: justify;\">&nbsp;<\/div>\n<div><img decoding=\"async\" style=\"text-align: center; width: 673px; height: 22px;\" src=\"http:\/\/cache.mail2easy.com.br\/i\/6186\/3078\" alt=\"\"><\/div>\n<div style=\"text-align: left;\">\n<div style=\"text-align: justify;\">\n<p><strong>Leite\/Am\u00e9rica do Sul&nbsp;<\/strong><\/p>\n<p>Na Argentina e Uruguai, o tempo ensolarado favoreceu o desenvolvimento do milho e da soja, al\u00e9m de minimizar as condi\u00e7\u00f5es de lama em diversas fazendas de leite. Enquanto isso, aguaceiros se intensificam no Brasil Central, enquanto uma seca persistente atinge a regi\u00e3o sul do pa\u00eds.<\/p>\n<p>A produ\u00e7\u00e3o de leite no Brasil e em toda a regi\u00e3o do Cone Sul, sazonalmente, tende para baixo devido as temperaturas elevadas do ver\u00e3o, que causam estresses no rebanho leiteiro. Al\u00e9m disso o teor de gordura\/prote\u00edna cai, contribuindo para que as bonifica\u00e7\u00f5es sejam reduzidas. Em termos gerais, embora a produ\u00e7\u00e3o de leite venha caindo ao n\u00edvel continental, est\u00e1 conseguindo atender a demanda de leite fluido\/UHT, queijo e iogurte. Mesmo assim, a oferta de creme est\u00e1 muito apertada, pressionada tamb\u00e9m pela forte demanda por cervejas, sorvetes e leite processado. Com in\u00edcio das aulas na pr\u00f3xima semana, as institui\u00e7\u00f5es de ensino devem aumentar os pedidos por leite engarrafado. (Usda \u2013 Tradu\u00e7\u00e3o Livre: Terra Viva)<\/p>\n<p><img decoding=\"async\" style=\"width: 600px; height: 250px;\" src=\"http:\/\/cache.mail2easy.com.br\/i\/6186\/3260\" alt=\"\"><\/p>\n<\/div>\n<div style=\"text-align: justify;\"><img decoding=\"async\" style=\"width: 600px; height: 251px;\" src=\"http:\/\/cache.mail2easy.com.br\/i\/6186\/3261\" alt=\"\"><\/div>\n<div style=\"text-align: justify;\">\n<p><strong>Importa\u00e7\u00f5es de l\u00e1cteos da China alcan\u00e7aram US$ 10,65 bilh\u00f5es em 2018<\/strong><\/p>\n<p>Com o desenvolvimento da economia chinesa e o aumento dos padr\u00f5es de vida do povo chin\u00eas, o consumo per capita de produtos l\u00e1cteos na China continua crescendo. Em 2017, o consumo aparente de latic\u00ednios na China atingiu cerca de 31,79 milh\u00f5es de toneladas, representando uma taxa de crescimento anual composta (CAGR) de cerca de 2,7% de 2013 a 2017, segundo a pesquisa \"Research Report on Dairy Products Import in China, 2019-2023\".<\/p>\n<p>No entanto, o volume de produ\u00e7\u00e3o de produtos l\u00e1cteos na China cresceu a um CAGR de apenas 2,1% durante o mesmo per\u00edodo. As principais raz\u00f5es para o crescimento lento incluem:<\/p>\n<p>(1) Os custos da produ\u00e7\u00e3o nacional de l\u00e1cteos na China s\u00e3o mais altos do que a m\u00e9dia global, afetados pelos custos de ra\u00e7\u00e3o, m\u00e3o de obra e terra e a baixa rentabilidade inibe o crescimento da produ\u00e7\u00e3o;<\/p>\n<p>(2) Os chineses n\u00e3o t\u00eam confian\u00e7a nos produtos l\u00e1cteos dom\u00e9sticos, uma vez que incidentes de seguran\u00e7a ocorreram com frequ\u00eancia na ind\u00fastria de produtos l\u00e1cteos da China nos \u00faltimos anos.<\/p>\n<p>Os fatores acima impulsionam o crescimento das importa\u00e7\u00f5es de produtos l\u00e1cteos na China. De acordo com a China Customs, em 2018, o volume de importa\u00e7\u00e3o de produtos l\u00e1cteos na China atingiu 2,74 milh\u00f5es de toneladas, um aumento de 7,80% em rela\u00e7\u00e3o ao ano anterior; o valor das importa\u00e7\u00f5es chegou a US$ 10,65 bilh\u00f5es, alta de 14,80%, conclui a pesquisa.<\/p>\n<p>Os produtos l\u00e1cteos importados pela China incluem leite em p\u00f3, leite l\u00edquido, queijo, entre outros, sendo que o leite em p\u00f3 representa a maior parte. Em 2018, as importa\u00e7\u00f5es de leite em p\u00f3 contribu\u00edram com quase 70% do valor das importa\u00e7\u00f5es de produtos l\u00e1cteos na China. O pa\u00eds precisa importar uma grande quantidade de f\u00f3rmulas l\u00e1cteas infantis em p\u00f3 porque seus consumidores n\u00e3o confiam na seguran\u00e7a dos produtos dom\u00e9sticos, como j\u00e1 dito anteriormente. J\u00e1 o leite em p\u00f3 tradicional \u00e9 importado por causa dos baixos pre\u00e7os e alta qualidade.<\/p>\n<p>Mas vale destacar que as crescentes importa\u00e7\u00f5es de produtos l\u00e1cteos tiveram alguns impactos sobre os produtores dom\u00e9sticos de l\u00e1cteos da China, por exemplo, a queda na receita de vendas e as margens de lucro. Portanto, o governo chin\u00eas introduziu pol\u00edticas restritivas sobre as importa\u00e7\u00f5es de produtos l\u00e1cteos. Para restringir a importa\u00e7\u00e3o de leite em p\u00f3 infantil, em 1\u00ba de janeiro de 2018, a Administra\u00e7\u00e3o de Alimentos e Medicamentos da China p\u00f4s em vigor as Medidas para a Administra\u00e7\u00e3o do Registro de F\u00f3rmulas de F\u00f3rmula Infantil em P\u00f3, que estipula que o leite em p\u00f3 infantil que n\u00e3o foi registrado na China n\u00e3o pode ser vendido no pa\u00eds. Tamb\u00e9m, lan\u00e7ou o Certificado de Registro de F\u00f3rmulas para a F\u00f3rmula Infantil de Leite em P\u00f3, que deve ser obtido de acordo com a lei para leite em p\u00f3 infantil importado a ser comercializado na China.<\/p>\n<p>Em 14 de mar\u00e7o de 2018, o an\u00fancio da Administra\u00e7\u00e3o Estadual de Certifica\u00e7\u00e3o e Credenciamento sobre a Renova\u00e7\u00e3o do Registro de Fabricantes Estrangeiros de F\u00f3rmula Infantil em P\u00f3 Importada especificou que o registro de produtores estrangeiros de leite em p\u00f3 infantil importado seria v\u00e1lido por quatro anos e deveria ser renovado no vencimento. Prev\u00ea-se que estas pol\u00edticas \u2018expulsem\u2019 mais de 80% das mais de 2.000 marcas importadas (produtos) de leite em p\u00f3 para uso infantil no mercado chin\u00eas.<\/p>\n<p>A pesquisa estima que o povo chin\u00eas ter\u00e1 uma demanda crescente por produtos l\u00e1cteos \u00e0 medida que sua renda aumenta. No entanto, a produ\u00e7\u00e3o nacional de latic\u00ednios tem um potencial de crescimento limitado, restrito por v\u00e1rios fatores desfavor\u00e1veis e enfrenta custos crescentes. Portanto, o volume anual de importa\u00e7\u00e3o e valor de importa\u00e7\u00e3o de produtos l\u00e1cteos na China continuar\u00e1 crescendo. Alguns produtores chineses de l\u00e1cteos est\u00e3o adquirindo empresas no exterior para lucrar com a exporta\u00e7\u00e3o de produtos l\u00e1cteos para a China. Fica evidente que o mercado chin\u00eas apresenta grandes oportunidades para produtores globais de l\u00e1cteos. (As informa\u00e7\u00f5es s\u00e3o do relat\u00f3rio \"Research Report on Dairy Products Import in China, 2019-2023\", traduzidas pela Equipe MilkPoint)<\/p>\n<\/div>\n<div style=\"text-align: justify;\">&nbsp;<\/div>\n<div style=\"text-align: center;\"><img decoding=\"async\" style=\"width: 673px; height: 22px;\" src=\"http:\/\/cache.mail2easy.com.br\/i\/6186\/3078\" alt=\"\"><\/div>\n<\/div>\n<div style=\"text-align: justify;\">\n<div style=\"text-align: center;\">\n<div><em><img decoding=\"async\" src=\"http:\/\/cache.mail2easy.com.br\/i\/6186\/3077\" border=\"0\"><\/em><\/div>\n<div><em>Leite UHT<br \/>\nO pre\u00e7o do leite UHT negociado no atacado do Estado de S\u00e3o Paulo subiu 0,24% entre as duas \u00faltimas semanas, fechando com m\u00e9dia de R$ 2,4357\/litro no per\u00edodo entre 11 e 15 de fevereiro. Conforme colaboradores do Cepea, as altas estiveram atreladas aos estoques, que continuam controlados, e \u00e0 redu\u00e7\u00e3o da produ\u00e7\u00e3o por parte de alguns latic\u00ednios. Apesar da valoriza\u00e7\u00e3o, as negocia\u00e7\u00f5es entre latic\u00ednios e atacados permaneceram baixas. J\u00e1 o queijo mu\u00e7arela se desvalorizou 0,83% na mesma compara\u00e7\u00e3o, fechando com m\u00e9dia de R$ 17,2862\/kg entre 11 e 15 de fevereiro. Quanto \u00e0 liquidez no mercado deste derivado, permaneceu est\u00e1vel no per\u00edodo. (Cepea)<\/em><\/div>\n<\/div>\n<div style=\"text-align: center;\"><img decoding=\"async\" src=\"http:\/\/cache.mail2easy.com.br\/i\/6186\/3078\" border=\"0\"><\/div>\n<\/div>\n<\/div>\n","protected":false},"excerpt":{"rendered":"<p>Porto Alegre, 21 de fevereiro de 2019&nbsp; &nbsp; &nbsp; &nbsp; &nbsp; &nbsp; &nbsp; &nbsp; &nbsp; &nbsp; &nbsp; &nbsp; &nbsp; &nbsp; &nbsp; &nbsp; &nbsp; &nbsp; &nbsp; &nbsp; &nbsp; &nbsp; &nbsp; Ano 13 - N\u00b0 2.925 &nbsp; &nbsp; &nbsp;Grupo de Trabalho do Leite quer bancada ga\u00facha em peso no encontro com ministra da AgriculturaParlamentares ga\u00fachos e integrantes <a href=\"https:\/\/www.sindilat.com.br\/site\/2019\/02\/21\/21-02-2019\/\" class=\"more-link\">...continuar lendo<span class=\"screen-reader-text\"> \"21\/02\/2019\"<\/span><\/a><\/p>\n","protected":false},"author":2,"featured_media":0,"comment_status":"open","ping_status":"open","sticky":false,"template":"","format":"standard","meta":{"ngg_post_thumbnail":0,"footnotes":""},"categories":[28],"tags":[],"class_list":{"0":"post-3061","1":"post","2":"type-post","3":"status-publish","4":"format-standard","6":"category-newsletter","7":"h-entry","8":"hentry","9":"h-as-article"},"_links":{"self":[{"href":"https:\/\/www.sindilat.com.br\/site\/wp-json\/wp\/v2\/posts\/3061","targetHints":{"allow":["GET"]}}],"collection":[{"href":"https:\/\/www.sindilat.com.br\/site\/wp-json\/wp\/v2\/posts"}],"about":[{"href":"https:\/\/www.sindilat.com.br\/site\/wp-json\/wp\/v2\/types\/post"}],"author":[{"embeddable":true,"href":"https:\/\/www.sindilat.com.br\/site\/wp-json\/wp\/v2\/users\/2"}],"replies":[{"embeddable":true,"href":"https:\/\/www.sindilat.com.br\/site\/wp-json\/wp\/v2\/comments?post=3061"}],"version-history":[{"count":1,"href":"https:\/\/www.sindilat.com.br\/site\/wp-json\/wp\/v2\/posts\/3061\/revisions"}],"predecessor-version":[{"id":3062,"href":"https:\/\/www.sindilat.com.br\/site\/wp-json\/wp\/v2\/posts\/3061\/revisions\/3062"}],"wp:attachment":[{"href":"https:\/\/www.sindilat.com.br\/site\/wp-json\/wp\/v2\/media?parent=3061"}],"wp:term":[{"taxonomy":"category","embeddable":true,"href":"https:\/\/www.sindilat.com.br\/site\/wp-json\/wp\/v2\/categories?post=3061"},{"taxonomy":"post_tag","embeddable":true,"href":"https:\/\/www.sindilat.com.br\/site\/wp-json\/wp\/v2\/tags?post=3061"}],"curies":[{"name":"wp","href":"https:\/\/api.w.org\/{rel}","templated":true}]}}