{"id":2950,"date":"2019-01-25T18:53:36","date_gmt":"2019-01-25T18:53:36","guid":{"rendered":"http:\/\/www.sindilat.com.br\/site\/?p=2950"},"modified":"2019-01-25T18:53:36","modified_gmt":"2019-01-25T18:53:36","slug":"25-01-2019","status":"publish","type":"post","link":"https:\/\/www.sindilat.com.br\/site\/2019\/01\/25\/25-01-2019\/","title":{"rendered":"25\/01\/2019"},"content":{"rendered":"<p><strong><em><img decoding=\"async\" style=\"width: 643px; height: 89px;\" src=\"http:\/\/cache.mail2easy.com.br\/i\/6186\/3074\" alt=\"\"><\/em><\/strong><\/p>\n<div style=\"text-align: center;\">\n<p><strong><em>Porto Alegre, 25 de janeiro de 2019<\/em><\/strong><strong><em>&nbsp; &nbsp; &nbsp; &nbsp; &nbsp; &nbsp; &nbsp; &nbsp; &nbsp; &nbsp; &nbsp; &nbsp; &nbsp; &nbsp; &nbsp; &nbsp; &nbsp; &nbsp; &nbsp; &nbsp; &nbsp; &nbsp; &nbsp; Ano 13 - N\u00b0 2.906<\/em><\/strong><img decoding=\"async\" style=\"width: 673px; height: 22px;\" src=\"http:\/\/cache.mail2easy.com.br\/i\/6186\/3078\" alt=\"\"><\/p>\n<p><img decoding=\"async\" src=\"http:\/\/cache.mail2easy.com.br\/i\/6186\/3075\" border=\"0\"><\/p>\n<p style=\"text-align: justify;\"><img decoding=\"async\" style=\"text-align: justify; border-width: 0px; border-style: solid; float: left;\" src=\"http:\/\/cache.mail2easy.com.br\/i\/6186\/3079\"><\/p>\n<div style=\"text-align: justify;\">\n<p><span style=\"text-align: justify;\">&nbsp;<strong>&nbsp; <\/strong><\/span><strong>Governo Bolsonaro se manifesta contra tabelamento do frete e classifica grevistas de 'conspiradores'<\/strong><\/p>\n<p>A Secretaria de Promo\u00e7\u00e3o da Produtividade e Advocacia da Concorr\u00eancia do Minist\u00e9rio da Economia se manifestou em documento enviado nesta quinta-feira (24) ao Supremo Tribunal Federal (STF) contra o tabelamento do frete rodovi\u00e1rio e classificou os caminhoneiros grevistas de \u201cconspiradores\u201d.<\/p>\n<p>De acordo com o documento \u2013 a primeira manifesta\u00e7\u00e3o do governo Bolsonaro no STF sobre o tema \u2013, o governo Michel Temer foi coagido a instituir pre\u00e7os m\u00ednimos.<\/p>\n<p>\u201cA situa\u00e7\u00e3o de calamidade por que passou o pa\u00eds naqueles dias colocou as autoridades p\u00fablicas sem alternativa sen\u00e3o atender \u00e0s demandas do movimento grevista, ainda que em detrimento do bem-estar social. (...) A a\u00e7\u00e3o legislativa do governo brasileiro na edi\u00e7\u00e3o das MPs n\u00famero 831 e 832, ulteriormente convertidas nas leis 13.703 e 13.713, todas de 2018, n\u00e3o teve natureza p\u00fablica, e sim privada, em raz\u00e3o de materializar a vontade dos conspiradores\u201d, afirmou o documento, assinado pelo assessor do secret\u00e1rio de promo\u00e7\u00e3o da produtividade e advocacia da concorr\u00eancia Roberto Domingos Taufick e pelo subsecret\u00e1rio de promo\u00e7\u00e3o da produtividade e advocacia da concorr\u00eancia \u00c2ngelo Duarte.<\/p>\n<p>A tabela com os pre\u00e7os m\u00ednimos para os fretes rodovi\u00e1rios foi estabelecida por uma medida provis\u00f3ria editada pelo presidente Michel Temer durante a greve dos caminhoneiros. A MP foi aprovada pelo Congresso Nacional e virou lei.<\/p>\n<p>A edi\u00e7\u00e3o da tabela foi uma das reivindica\u00e7\u00f5es dos caminhoneiros, que protestavam contra o aumento no pre\u00e7o do \u00f3leo diesel. A paralisa\u00e7\u00e3o da categoria, em maio, deixou postos de combust\u00edvel sem gasolina; aeroportos sem querosene de avia\u00e7\u00e3o; e supermercados sem produtos.<\/p>\n<p>Tr\u00eas a\u00e7\u00f5es no Supremo questionam a tabela. As entidades argumentam que a MP fere a iniciativa do livre mercado e \u00e9 uma interfer\u00eancia indevida do Estado na atividade econ\u00f4mica e na iniciativa privada.<\/p>\n<p><u>'Medida inconstitucional'<\/u><br \/>\nO governo Bolsonaro concorda com as entidades, que o tabelamento provoca reserva de mercado e \"institucionaliza um cartel\". E defende que o Supremo considere a medida como inconstitucional.<\/p>\n<p>\"Conforme exposto neste parecer, os aqui citados, ao abusarem do direito de greve, conspiraram, de forma anticompetitiva, para coagir autoridades p\u00fablicas \u00e0 edi\u00e7\u00e3o de legisla\u00e7\u00e3o que lhes garanta benef\u00edcios econ\u00f4micos, em detrimento do bem-estar social \u2013 legisla\u00e7\u00e3o essa, fruto da coa\u00e7\u00e3o, que, ao fixar pre\u00e7os, reserva mercados e determinar a participa\u00e7\u00e3o dos aqui citados no processo de determina\u00e7\u00e3o do pre\u00e7o tamb\u00e9m institucionaliza um cartel\", diz o documento.<\/p>\n<p>A \u00e1rea t\u00e9cnica do Minist\u00e9rio da Economia defendeu ao Supremo a imposi\u00e7\u00e3o de san\u00e7\u00e3o administrativa aos caminhoneiros e tamb\u00e9m de puni\u00e7\u00f5es criminais. \"Encaminha os presentes subs\u00eddios para contribuir com o esfor\u00e7o de apura\u00e7\u00e3o das condutas citadas, tanto para a imposi\u00e7\u00e3o da san\u00e7\u00e3o administrativa, quanto para a imposi\u00e7\u00e3o da penalidade criminal\", diz a pe\u00e7a. (G1)&nbsp;<\/p>\n<\/div>\n<div><img decoding=\"async\" style=\"text-align: center; width: 673px; height: 22px;\" src=\"http:\/\/cache.mail2easy.com.br\/i\/6186\/3078\" alt=\"\"><\/div>\n<div style=\"text-align: left;\">\n<div style=\"text-align: center;\">&nbsp;<\/div>\n<div style=\"text-align: justify;\"><strong><span style=\"text-align: justify;\">Leite org\u00e2nico\/Fran\u00e7a&nbsp;<\/span><\/strong><br style=\"text-align: justify;\"><br style=\"text-align: justify;\"><span style=\"text-align: justify;\">A coleta de leite de vaca org\u00e2nico atingiu um volume recorde em 2018, diz boletim da FranceAgriMer. A produ\u00e7\u00e3o francesa chegou a 837 milh\u00f5es de litros, ou seja, um aumento de 31% em rela\u00e7\u00e3o a 2017, que por sua vez havia registrado crescimento de 13,2%.<\/span><br style=\"text-align: justify;\"><br style=\"text-align: justify;\"><span style=\"text-align: justify;\">Esse n\u00edvel de produ\u00e7\u00e3o leva ao desenvolvimento de ind\u00fastrias tamb\u00e9m de l\u00e1cteos org\u00e2nicos. O produto chefe \u00e9 a manteiga (+29,6%, + 2.600 toneladas), o queijo fresco (+29,1%, + 2.481 toneladas) e o creme de leite (+20,3%, +955 toneladas). As sobremesas l\u00e1cteas frescas e os iogurtes, incluindo as bebidas fermentadas, cresceram, respectivamente 17 e 11%, enquanto que o leite fresco subiu 4,6%. O consumo no domic\u00edlio continua crescendo. Entre 2017 e 2018, a manteiga ficou em destaque entre os produtos l\u00e1cteos org\u00e2nicos, tendo o maior aumento de consumo em volume (29%) e em valor (+9.5%), ficando na frente dos queijos. As compras de leite aumentaram 17,4% em volume e de 0,1% em valor.<\/span><br style=\"text-align: justify;\"><span style=\"text-align: justify;\">Pre\u00e7o aos produtores<\/span><br style=\"text-align: justify;\"><br style=\"text-align: justify;\"><span style=\"text-align: justify;\">De acordo com a FranceAgriMer, as compras das fam\u00edlias para o consumo domiciliar absorvem a alta da produ\u00e7\u00e3o, sem prejudicar o pre\u00e7o pago aos produtores. Em 2018 (m\u00e9dia de 10 meses), o pre\u00e7o real do leite org\u00e2nico ficou em torno de \u20ac 460,7\/1000 litros, queda de 1% em rela\u00e7\u00e3o a 2017, ano marcado pela alta de 3,1%. O pre\u00e7o padr\u00e3o do leite org\u00e2nico est\u00e1 em \u20ac 449\/1000 litros (m\u00e9dia de dez meses). \u00c9 um recuo de 0,2% depois da alta de 5% em 2017. De acordo com os \u00faltimos levantamentos, em novembro de 2018, o pre\u00e7o do leite de vaca org\u00e2nico padr\u00e3o foi de \u20ac 483\/1000 litros, uma alta de 4 \u20ac\/1000 litros em rela\u00e7\u00e3o a novembro de 2017. (Mon Cultivar \u2013 Tradu\u00e7\u00e3o livre: www.terraviva.com.br)<\/span><br style=\"text-align: justify;\"><br style=\"text-align: justify;\"><br style=\"text-align: justify;\"><strong><span style=\"text-align: justify;\">Brasileiros utilizam sete canais diferentes em suas miss\u00f5es de compra, revela estudo<\/span><\/strong><br style=\"text-align: justify;\"><br style=\"text-align: justify;\"><span style=\"text-align: justify;\">A din\u00e2mica dos shoppers brasileiros tem sofrido altera\u00e7\u00f5es no decorrer dos anos. No ano passado, os consumidores utilizaram 7 canais diferentes para fazer suas compras: supermercado e atacarejo, para abastecimento; supermercado, hipermercado e varejo tradicional, para reposi\u00e7\u00e3o; e farm\u00e1cia e mercados menores, para aquela necessidade que tem de ser atendida nas proximidades do lar.<\/span><br style=\"text-align: justify;\"><br style=\"text-align: justify;\"><span style=\"text-align: justify;\">Os dados, levantados pela Kantar Worldpanel, analisam os 12 meses terminados em outubro de 2018. Ainda segundo a empresa, al\u00e9m da inclus\u00e3o de dois novos formatos de canais frequentados por ano, o abastecimento registrou aumento. \u201cA multiplicidade de canais utilizada atualmente demonstra que o brasileiro est\u00e1 cada vez mais bem informado e em busca de satisfazer suas necessidades de compra de maneira mais racional\u201d, aponta Lenita Vargas Mattar, Diretora de Varejo Latam da Kantar Worldpanel.<\/span><\/div>\n<div style=\"text-align: justify;\"><br style=\"text-align: justify;\"><span style=\"text-align: justify;\">No per\u00edodo analisado, as compras de abastecimento, ou seja, aquelas compras para encher a despensa, representaram 51,1% de todo o valor empregado pelos consumidores nas compras de bens de consumo massivo. Em 2017, elas representavam 49,8%. As compras de proximidade se mantiveram est\u00e1veis e as do tipo reposi\u00e7\u00e3o perderam sua import\u00e2ncia em valor, de 32,2% em 2017, para 30,7% agora. E o canal que mais se destaca nesta movimenta\u00e7\u00e3o \u00e9 o atacarejo.<\/span><br style=\"text-align: justify;\"><br style=\"text-align: justify;\"><span style=\"text-align: justify;\">Nas compras de abastecimento (supermercados e atacarejo), com ticket m\u00e9dio de R$ 146,28, as categorias que apresentam maior penetra\u00e7\u00e3o s\u00e3o as de massa tradicional sabonete, papel higi\u00eanico, detergente em p\u00f3, creme dental, \u00f3leo de soja, detergente l\u00edquido, margarina, caf\u00e9 torrado e leite UHT, com as regi\u00f5es Norte + Nordeste, Sul e Leste + Interior do Rio de Janeiro se destacando em unidades. Quando analisadas as compras de reposi\u00e7\u00e3o, cujo ticket m\u00e9dio \u00e9 de R$ 49,72, a\u00e7\u00facar, detergente em p\u00f3, massa tradicional, leite UHT, caf\u00e9 torrado, papel higi\u00eanico, margarina, \u00f3leo de soja, creme dental e iogurte se destacam em penetra\u00e7\u00e3o, com regi\u00f5es Norte + Nordeste, Grande S\u00e3o Paulo e Sul adquirindo mais unidades.<\/span><br style=\"text-align: justify;\"><br style=\"text-align: justify;\"><span style=\"text-align: justify;\">Destacando-se na Grande S\u00e3o Paulo, Leste + interior do Rio de Janeiro e interior de S\u00e3o Paulo, as compras de proximidade, com ticket m\u00e9dio de R$ 39,13, teve como principais categorias lingui\u00e7as, salgadinhos, caf\u00e9 torrado, a\u00e7\u00facar, iogurte, p\u00e3o industrializado, suco em p\u00f3, p\u00f3s shampoo, detergente em p\u00f3 e massa tradicional. (As informa\u00e7\u00f5es s\u00e3o da Kantar Wordpanel)<\/span><\/div>\n<div style=\"text-align: justify;\">&nbsp;<\/div>\n<div style=\"text-align: center;\"><img decoding=\"async\" style=\"width: 673px; height: 22px;\" src=\"http:\/\/cache.mail2easy.com.br\/i\/6186\/3078\" alt=\"\"><\/div>\n<\/div>\n<div style=\"text-align: justify;\">\n<div style=\"text-align: center;\">\n<div><em><img decoding=\"async\" src=\"http:\/\/cache.mail2easy.com.br\/i\/6186\/3077\" border=\"0\"><\/em><\/div>\n<div><em><span style=\"text-align: justify;\">NO RADAR<\/span><br style=\"text-align: justify;\"><span style=\"text-align: justify;\">Antes de pisar em solo ga\u00facho, a ministra Tereza Cristina esteve no Paran\u00e1, onde participou da Abertura Nacional da Colheita da Soja. L\u00e1, disse que nunca se conseguir\u00e1 uma tabela justa de frete. A titular da pasta acrescentou que a iniciativa privada n\u00e3o precisa da tabela e que a negocia\u00e7\u00e3o no governo continua. (Zero Hora)<\/span><\/em><\/div>\n<\/div>\n<div style=\"text-align: center;\"><img decoding=\"async\" src=\"http:\/\/cache.mail2easy.com.br\/i\/6186\/3078\" border=\"0\"><\/div>\n<\/div>\n<\/div>\n","protected":false},"excerpt":{"rendered":"<p>Porto Alegre, 25 de janeiro de 2019&nbsp; &nbsp; &nbsp; &nbsp; &nbsp; &nbsp; &nbsp; &nbsp; &nbsp; &nbsp; &nbsp; &nbsp; &nbsp; &nbsp; &nbsp; &nbsp; &nbsp; &nbsp; &nbsp; &nbsp; &nbsp; &nbsp; &nbsp; Ano 13 - N\u00b0 2.906 &nbsp;&nbsp; Governo Bolsonaro se manifesta contra tabelamento do frete e classifica grevistas de 'conspiradores' A Secretaria de Promo\u00e7\u00e3o da Produtividade e <a href=\"https:\/\/www.sindilat.com.br\/site\/2019\/01\/25\/25-01-2019\/\" class=\"more-link\">...continuar lendo<span class=\"screen-reader-text\"> \"25\/01\/2019\"<\/span><\/a><\/p>\n","protected":false},"author":2,"featured_media":0,"comment_status":"open","ping_status":"open","sticky":false,"template":"","format":"standard","meta":{"ngg_post_thumbnail":0,"footnotes":""},"categories":[28],"tags":[],"class_list":{"0":"post-2950","1":"post","2":"type-post","3":"status-publish","4":"format-standard","6":"category-newsletter","7":"h-entry","8":"hentry","9":"h-as-article"},"_links":{"self":[{"href":"https:\/\/www.sindilat.com.br\/site\/wp-json\/wp\/v2\/posts\/2950","targetHints":{"allow":["GET"]}}],"collection":[{"href":"https:\/\/www.sindilat.com.br\/site\/wp-json\/wp\/v2\/posts"}],"about":[{"href":"https:\/\/www.sindilat.com.br\/site\/wp-json\/wp\/v2\/types\/post"}],"author":[{"embeddable":true,"href":"https:\/\/www.sindilat.com.br\/site\/wp-json\/wp\/v2\/users\/2"}],"replies":[{"embeddable":true,"href":"https:\/\/www.sindilat.com.br\/site\/wp-json\/wp\/v2\/comments?post=2950"}],"version-history":[{"count":1,"href":"https:\/\/www.sindilat.com.br\/site\/wp-json\/wp\/v2\/posts\/2950\/revisions"}],"predecessor-version":[{"id":2951,"href":"https:\/\/www.sindilat.com.br\/site\/wp-json\/wp\/v2\/posts\/2950\/revisions\/2951"}],"wp:attachment":[{"href":"https:\/\/www.sindilat.com.br\/site\/wp-json\/wp\/v2\/media?parent=2950"}],"wp:term":[{"taxonomy":"category","embeddable":true,"href":"https:\/\/www.sindilat.com.br\/site\/wp-json\/wp\/v2\/categories?post=2950"},{"taxonomy":"post_tag","embeddable":true,"href":"https:\/\/www.sindilat.com.br\/site\/wp-json\/wp\/v2\/tags?post=2950"}],"curies":[{"name":"wp","href":"https:\/\/api.w.org\/{rel}","templated":true}]}}