{"id":2948,"date":"2019-01-24T17:57:37","date_gmt":"2019-01-24T17:57:37","guid":{"rendered":"http:\/\/www.sindilat.com.br\/site\/?p=2948"},"modified":"2019-01-24T17:57:37","modified_gmt":"2019-01-24T17:57:37","slug":"24-01-2019","status":"publish","type":"post","link":"https:\/\/www.sindilat.com.br\/site\/2019\/01\/24\/24-01-2019\/","title":{"rendered":"24\/01\/2019"},"content":{"rendered":"<p><strong><em><img decoding=\"async\" style=\"width: 643px; height: 89px;\" src=\"http:\/\/cache.mail2easy.com.br\/i\/6186\/3074\" alt=\"\"><\/em><\/strong><\/p>\n<div style=\"text-align: center;\">\n<p><strong><em>Porto Alegre, 24 de janeiro de 2019<\/em><\/strong><strong><em>&nbsp; &nbsp; &nbsp; &nbsp; &nbsp; &nbsp; &nbsp; &nbsp; &nbsp; &nbsp; &nbsp; &nbsp; &nbsp; &nbsp; &nbsp; &nbsp; &nbsp; &nbsp; &nbsp; &nbsp; &nbsp; &nbsp; &nbsp; Ano 13 - N\u00b0 2.905<\/em><\/strong><img decoding=\"async\" style=\"width: 673px; height: 22px;\" src=\"http:\/\/cache.mail2easy.com.br\/i\/6186\/3078\" alt=\"\"><\/p>\n<p><img decoding=\"async\" src=\"http:\/\/cache.mail2easy.com.br\/i\/6186\/3075\" border=\"0\"><\/p>\n<p style=\"text-align: justify;\"><img decoding=\"async\" style=\"text-align: justify; border-width: 0px; border-style: solid; float: left;\" src=\"http:\/\/cache.mail2easy.com.br\/i\/6186\/3079\"><\/p>\n<div style=\"text-align: justify;\">\n<p><span style=\"text-align: justify;\">&nbsp;<strong>&nbsp; &nbsp;<\/strong><\/span><strong>Leite\/AR&nbsp;<\/strong><\/p>\n<div style=\"text-align: justify;\">\n<p>O aumento foi desacelerando e nos \u00faltimos meses do ano foram negativos, em decorr\u00eancia dos elevados pre\u00e7os locais. Existem 600 estabelecimentos produtivos menos. A produ\u00e7\u00e3o de leite em 2018 cresceu 4,3% em rela\u00e7\u00e3o ao ano anterior e alcan\u00e7ou 10.527 milh\u00f5es de litros, informou o Observat\u00f3rio da Cadeia L\u00e1ctea Argentina (OCLA).<\/p>\n<p>O organismo tamb\u00e9m revelou que em dezembro houve queda de 2,1% na compara\u00e7\u00e3o interanual, e de 3,4% em rela\u00e7\u00e3o a novembro de 2018. \u201cO crescimento foi desacelerando, chegando a valores negativos no \u00faltimo trimestre\u201d, citou o boletim, lembrando que no 1\u00ba trimestre de 2018 o crescimento foi de 9,5%; no segundo, 5,2%; no terceiro, 4%, e, no 4\u00ba trimestre, queda de 0,3%. O ganho dos produtores de leite da Argentina n\u00e3o \u00e9 dos melhores. Em dezembro do ano passado, a margem de refer\u00eancia \u2013 diferen\u00e7a entre o pre\u00e7o do leite menos os gastos com alimenta\u00e7\u00e3o e custo de oportunidade da terra \u2013 foi de US$ 0,143\/litro. A m\u00e9dia do ano ficou em US$ 0,198\/litro. Todos esses valores est\u00e3o bem distantes do recorde obtido em abril de 2015, que foi de US$ 0,281\/litro, e mais perto da renda m\u00ednima recente de US$ 0,081\/litro.<\/p>\n<p>At\u00e9 novembro, segundo os \u00faltimos dados dispon\u00edveis do OCLA, no mercado interno o pre\u00e7o pago ao produtor era de 9,11 pesos por litro, bem distante dos 33,43 pesos por litro que \u00e9 pago pelo consumidor final. A rela\u00e7\u00e3o com o valor do mercado externo \u00e9 de 62,7%, ou seja, recebem 9,11 pesos pelo litro de leite que \u00e9 exportado pelo valor m\u00e9dio de 14,53 pesos por litro.<\/p>\n<p>Assim, a participa\u00e7\u00e3o geral dos produtores na cadeia l\u00e1ctea de valor chega a 31,1%, enquanto que a parte industrial fica com 27,3%. O com\u00e9rcio \u2013 o \u00faltimo elo do processo \u2013 fica com 25,2%, enquanto que o Estado, por sua parte, capta 16,3% em impostos, segundo dados do Instituto Argentino de Professores Universit\u00e1rios de Custos (IAPUCO).<\/p>\n<p>O setor foi afetado fortemente pelos aumentos de pre\u00e7os ao n\u00edvel local. Segundo os \u00faltimos dados do OCLA, em agosto houve eleva\u00e7\u00e3o de 130% dos alimentos comprados \u2013 os concentrados, como milho e farelo de soja \u2013 e aumento de 74% nos alimentos produzidos. O aumento do leite entre agosto de 2017 e o mesmo m\u00eas de 2018 foi de 34%. \u201cIsto demonstra as claras perdas na rela\u00e7\u00e3o do valor do leite e o custo de produ\u00e7\u00e3o\u201d.<\/p>\n<p>Os produtos l\u00e1cteos no mercado interno tiveram em dezembro uma eleva\u00e7\u00e3o interanual de 49,6% na Grande Buenos Aires e de 44,5% na Capital Federal, segundo dados da OCLA, acompanhando o aumento do \u00cdndice de Pre\u00e7os. \u201cExistia uma defasagem importante entre o pre\u00e7o da cesta b\u00e1sica de produtos l\u00e1cteos, mas, chegando ao final do ano foi se recuperando\u201d, diz o boletim da entidade.<\/p>\n<p>Como reflexo da crise do setor, cada vez existe menos fazendas produtoras de leite: segundo o OCLA, em 2002 eram 15.000, mas, em 2018, chegaram a 10.722. Em 2017 eram 11.326 fazendas de leite. A quantidade de vacas tamb\u00e9m caiu: em 2017 eram 1,72 milh\u00f5es e em 2018 diminu\u00edram para 1,59 milh\u00f5es.<\/p>\n<\/div>\n<div style=\"text-align: justify;\">Apesar das m\u00e1s not\u00edcias, no per\u00edodo de 1970-2018 a produ\u00e7\u00e3o de leite da Argentina apresentou crescimento m\u00e9dio anual acumulado de 2%. \u00c9 um desempenho melhor do que o mundial, que teve taxa de 1,4% no per\u00edodo. (Portalechero \u2013 Tradu\u00e7\u00e3o livre: www.terraviva.com.br)<\/div>\n<\/div>\n<div style=\"text-align: justify;\">&nbsp;<\/div>\n<div style=\"text-align: justify;\">&nbsp;<\/div>\n<div><img decoding=\"async\" style=\"text-align: center; width: 673px; height: 22px;\" src=\"http:\/\/cache.mail2easy.com.br\/i\/6186\/3078\" alt=\"\"><\/div>\n<div style=\"text-align: left;\">\n<div style=\"text-align: center;\">&nbsp;<\/div>\n<div style=\"text-align: justify;\"><strong>Leite\/Espanha&nbsp;<\/strong><\/div>\n<div style=\"text-align: justify;\">\n<p>Entrou em vigor nessa ter\u00e7a-feira o decreto que torna obrigat\u00f3rio a indica\u00e7\u00e3o no r\u00f3tulo de leite e produtos l\u00e1cteos da origem da mat\u00e9ria-prima. Trata-se de uma reivindica\u00e7\u00e3o da associa\u00e7\u00e3o que representa os produtores de leite, ASAJA.<\/p>\n<p>A entidade considera essencial para o consumidor ter certeza de que est\u00e1 adquirindo m produto nacional, com todas as garantias de qualidade. A mudan\u00e7a vem logo ap\u00f3s a divulga\u00e7\u00e3o do \u00faltimo boletim da Comiss\u00e3o Europeia sobre o observat\u00f3rio do mercado de l\u00e1cteos, comprovando que o produtor de leite espanhol recebe bem abaixo da m\u00e9dia europeia. Assim consolida-se uma tend\u00eancia iniciada no outono de 2016, depois da extin\u00e7\u00e3o das cotas l\u00e1cteas, \u201cinjusta e incompreens\u00edvel, levando em conta que a Espanha \u00e9 um pa\u00eds deficit\u00e1rio em leite, e que tem que importar parte significativa de seu consumo, exatamente de pa\u00edses onde os produtores recebem mais que os espanh\u00f3is\u201d, denuncia a ASAJA.<\/p>\n<p>Assim, para cada cem litros de leite, o produtor espanhol recebeu \u20ac 32,33, em dezembro, enquanto o belga recebeu \u20ac 36,46, o dinamarqu\u00eas \u20ac 36,97; o alem\u00e3o \u20ac 37,16, o franc\u00eas \u20ac 36,35, o italiano \u20ac 37,20, e o holand\u00eas \u20ac 37,25. A m\u00e9dia deste grupo de pa\u00edses de refer\u00eancia na produ\u00e7\u00e3o de leite foi de \u20ac 36,24, o que representa 12,1% a mais do que o valor pago ao produtor espanhol. \u201cEssa diferen\u00e7a que n\u00e3o \u00e9 paga seria a sobreviv\u00eancia dos nossos agricultores, que acabam tendo margem insuficiente para saldar as d\u00edvidas, n\u00e3o podem investir, e nem mesmo contratar m\u00e3o de obra, e definitivamente, n\u00e3o t\u00eam futuro\u201d, declara a organiza\u00e7\u00e3o.<\/p>\n<p>Para a ASAJA, fica claro que o que n\u00e3o est\u00e1 funcionando na Espanha \u201c\u00e9 a pr\u00f3pria ind\u00fastria de latic\u00ednios, uma das mais ineficientes da Europa, que cobre suas car\u00eancias e sua incapacidade de se adaptar ao mercado tirando do produtor. As ind\u00fastrias funcionam, na pr\u00e1tica, como um cartel, pactuando pre\u00e7os baixos, uma situa\u00e7\u00e3o n\u00e3o enfrentada pelo governo\u201d, destaca a entidade.<\/p>\n<p>Nesse quadro complexo, o novo Decreto Real abre um caminho para que o consumidor tome a decis\u00e3o de comprar produtos nacionais. \u201c\u00c9 vital que os consumidores exijam leite de \u201cOrigem Espanha\u201d, pois, com essa demanda, as ind\u00fastrias ter\u00e3o que oferecer produto nacional, e pagar de forma digna, como no resto da Europa, pois o leite espanhol \u00e9 semelhante em qualidade, ou \u00e0s vezes at\u00e9 melhor, do que o produto de outros pa\u00edses\u201d. Por \u00faltimo a ASAJA apela para a sensibilidade dos consumidores, e lembra que com essa op\u00e7\u00e3o de compra podem apoiar os agricultores e com isso contribuir para manter a popula\u00e7\u00e3o no campo\u201d. (Agrodigital \u2013 Tradu\u00e7\u00e3o livre: www.terraviva.com.br)<\/p>\n<\/div>\n<div style=\"text-align: justify;\">\n<p><strong>Lactalis&nbsp;<\/strong><\/p>\n<p>O grupo franc\u00eas Lactalis anunciou a aquisi\u00e7\u00e3o de duas ind\u00fastrias de latic\u00ednios, Prabhat na \u00cdndia e Green Land no Egito, dois pa\u00edses onde ela j\u00e1 est\u00e1 presente. A aquisi\u00e7\u00e3o da Green Land do Egito, que foi comprada do grupo Americana, \u201crefor\u00e7ar\u00e1 a posi\u00e7\u00e3o da joint-venture Lactalis-Halawa com um grande produtor de l\u00e1cteos no Egito\u201d, diz o comunicado do grupo.<\/p>\n<p>A Green Land, cuja principal atividade \u00e9 a fabrica\u00e7\u00e3o de queijos, possui cinco f\u00e1bricas no Egito e tem 1.250 empregados. A Prabhat por outro lado \u00e9 uma sociedade indiana de produtos l\u00e1cteos criada em 1998 em Shrirampur (Estado de Maharashtra, a 260 quil\u00f4metros de Bombaim) e especializada em embalar leite flu\u00eddo e produzir ghee. A Prabhat \u00e9 tamb\u00e9m um importante fornecedor de ingrediente l\u00e1cteos. A empresa possui duas f\u00e1bricas e emprega 1.239 pessoas. Em 2018, ela teve um faturamento de 200 milh\u00f5es de euros. A Prabhat coleta, anualmente, 450 milh\u00f5es de litros de leite de aproximadamente 100.000 agricultores, diz a Lactalis.<\/p>\n<p>O grupo Lactalis \u201cpersegue seus objetivos de desenvolver na \u00cdndia onde possui 11 ind\u00fastrias. Gra\u00e7as \u00e0 esta nova aquisi\u00e7\u00e3o, ela refor\u00e7a sua posi\u00e7\u00e3o de l\u00edder do pa\u00eds e se transforma no maior grupo privado na capta\u00e7\u00e3o de leite por dia\u201d, assegura a empresa francesa.<\/p>\n<p>A aquisi\u00e7\u00e3o de Prabhat dever\u00e1 se concretizada no in\u00edcio do segundo semestre de 2019, com as restri\u00e7\u00f5es impostas pelas autoridades de concorr\u00eancia. A Lactalis, fundada por Andr\u00e9 Besnier em 1933 em Laval, \u00e9 dirigida por seus descendentes. Em seu site na internet informa um faturamento de 18,4 bilh\u00f5es de euros, procedente de suas 240 f\u00e1bricas instaladas em 47 pa\u00edses. (Agri Mutuel \u2013 Tradu\u00e7\u00e3o livre: www.terraviva.com.br)<\/p>\n<\/div>\n<div style=\"text-align: justify;\">&nbsp;<\/div>\n<div style=\"text-align: center;\"><img decoding=\"async\" style=\"width: 673px; height: 22px;\" src=\"http:\/\/cache.mail2easy.com.br\/i\/6186\/3078\" alt=\"\"><\/div>\n<\/div>\n<div style=\"text-align: justify;\">\n<div style=\"text-align: center;\">\n<div><em><img decoding=\"async\" src=\"http:\/\/cache.mail2easy.com.br\/i\/6186\/3077\" border=\"0\"><\/em><\/div>\n<div><em><span style=\"text-align: justify;\">Falta de energia&nbsp;<\/span><br style=\"text-align: justify;\"><span style=\"text-align: justify;\">A 2\u00aa Turma Recursal C\u00edvel do Rio Grande do Sul (RS) negou indeniza\u00e7\u00e3o para consumidor de \u00e1rea rural do munic\u00edpio de Bar\u00e3o do Triunfo que ficou tr\u00eas dias sem luz. A Companhia Estadual de Distribui\u00e7\u00e3o de Energia El\u00e9trica (CEEE) comprovou que o incidente foi provocado por temporais que atingiram o Estado em outubro de 2017. No Ju\u00edzo do 1\u00ba grau, o pedido de indeniza\u00e7\u00e3o por danos morais e materiais foi julgado improcedente e o autor recorreu da senten\u00e7a. A relatora do recurso, ju\u00edza Ana Claudia Cachapuz Silva Raabe, afirmou que recente Incidente de Uniformiza\u00e7\u00e3o de Jurisprud\u00eancia sobre o tema entendeu que a concession\u00e1ria deve comprovar a raz\u00e3o pela qual houve a demora no restabelecimento do servi\u00e7o, n\u00e3o bastando a mera alega\u00e7\u00e3o e demonstra\u00e7\u00e3o da ocorr\u00eancia de evento clim\u00e1tico, como temporal, por ser esta a raz\u00e3o da interrup\u00e7\u00e3o, n\u00e3o da demora no restabelecimento, mas quando descumpridos os prazos previstos no art. 31 da Resolu\u00e7\u00e3o 414\/2010 da Aneel\" (processo n\u00ba 71007831142). (Valor Econ\u00f4mico)<\/span><\/em><\/div>\n<\/div>\n<div style=\"text-align: center;\"><img decoding=\"async\" src=\"http:\/\/cache.mail2easy.com.br\/i\/6186\/3078\" border=\"0\"><\/div>\n<\/div>\n<\/div>\n","protected":false},"excerpt":{"rendered":"<p>Porto Alegre, 24 de janeiro de 2019&nbsp; &nbsp; &nbsp; &nbsp; &nbsp; &nbsp; &nbsp; &nbsp; &nbsp; &nbsp; &nbsp; &nbsp; &nbsp; &nbsp; &nbsp; &nbsp; &nbsp; &nbsp; &nbsp; &nbsp; &nbsp; &nbsp; &nbsp; Ano 13 - N\u00b0 2.905 &nbsp;&nbsp; &nbsp;Leite\/AR&nbsp; O aumento foi desacelerando e nos \u00faltimos meses do ano foram negativos, em decorr\u00eancia dos elevados pre\u00e7os locais. Existem <a href=\"https:\/\/www.sindilat.com.br\/site\/2019\/01\/24\/24-01-2019\/\" class=\"more-link\">...continuar lendo<span class=\"screen-reader-text\"> \"24\/01\/2019\"<\/span><\/a><\/p>\n","protected":false},"author":2,"featured_media":0,"comment_status":"open","ping_status":"open","sticky":false,"template":"","format":"standard","meta":{"ngg_post_thumbnail":0,"footnotes":""},"categories":[28],"tags":[],"class_list":{"0":"post-2948","1":"post","2":"type-post","3":"status-publish","4":"format-standard","6":"category-newsletter","7":"h-entry","8":"hentry","9":"h-as-article"},"_links":{"self":[{"href":"https:\/\/www.sindilat.com.br\/site\/wp-json\/wp\/v2\/posts\/2948","targetHints":{"allow":["GET"]}}],"collection":[{"href":"https:\/\/www.sindilat.com.br\/site\/wp-json\/wp\/v2\/posts"}],"about":[{"href":"https:\/\/www.sindilat.com.br\/site\/wp-json\/wp\/v2\/types\/post"}],"author":[{"embeddable":true,"href":"https:\/\/www.sindilat.com.br\/site\/wp-json\/wp\/v2\/users\/2"}],"replies":[{"embeddable":true,"href":"https:\/\/www.sindilat.com.br\/site\/wp-json\/wp\/v2\/comments?post=2948"}],"version-history":[{"count":1,"href":"https:\/\/www.sindilat.com.br\/site\/wp-json\/wp\/v2\/posts\/2948\/revisions"}],"predecessor-version":[{"id":2949,"href":"https:\/\/www.sindilat.com.br\/site\/wp-json\/wp\/v2\/posts\/2948\/revisions\/2949"}],"wp:attachment":[{"href":"https:\/\/www.sindilat.com.br\/site\/wp-json\/wp\/v2\/media?parent=2948"}],"wp:term":[{"taxonomy":"category","embeddable":true,"href":"https:\/\/www.sindilat.com.br\/site\/wp-json\/wp\/v2\/categories?post=2948"},{"taxonomy":"post_tag","embeddable":true,"href":"https:\/\/www.sindilat.com.br\/site\/wp-json\/wp\/v2\/tags?post=2948"}],"curies":[{"name":"wp","href":"https:\/\/api.w.org\/{rel}","templated":true}]}}