{"id":263,"date":"2015-04-10T17:20:44","date_gmt":"2015-04-10T17:20:44","guid":{"rendered":"http:\/\/www.sindilat.com.br\/site\/2015\/04\/10\/rs-produtores-participam-de-capacitacao-dentro-da-chamada-publica-do-leite\/"},"modified":"2015-04-10T17:20:44","modified_gmt":"2015-04-10T17:20:44","slug":"rs-produtores-participam-de-capacitacao-dentro-da-chamada-publica-do-leite","status":"publish","type":"post","link":"https:\/\/www.sindilat.com.br\/site\/2015\/04\/10\/rs-produtores-participam-de-capacitacao-dentro-da-chamada-publica-do-leite\/","title":{"rendered":"RS: produtores participam de capacita\u00e7\u00e3o dentro da Chamada P\u00fablica do Leite"},"content":{"rendered":"<p><span style=\"line-height: 24px;\">&nbsp;10\/04\/2015<\/span><\/p>\n<p style=\"text-align: justify;\"><img loading=\"lazy\" decoding=\"async\" class=\" alignright size-full wp-image-262\" src=\"http:\/\/www.sindilat.com.br\/site\/wp-content\/uploads\/2015\/04\/leiteee2.jpg\" alt=\"leiteee2\" style=\"float: right;\" width=\"400\" height=\"309\" \/>Um grupo de 20 agricultores dos munic\u00edpios de Nova Br\u00e9scia e Coqueiro Baixo \u00ac integrantes do Lote 19 da Chamada P\u00fablica do Leite \u00ac participou nesta quarta\u00acfeira (08), no audit\u00f3rio da prefeitura de Nova Br\u00e9scia, de uma capacita\u00e7\u00e3o com o tema pr\u00e9\u00acparto e sua import\u00e2ncia nos desempenhos produtivo e reprodutivo. Na ocasi\u00e3o, o assistente t\u00e9cnico regional em Sistema de Produ\u00e7\u00e3o Animal da Emater\/RS\u00acAscar, veterin\u00e1rio Martin Schmachtenberg, ministrou palestra sobre o assunto.<\/p>\n<p style=\"text-align: justify;\"><span style=\"line-height: 24px;\"><\/span><\/p>\n<p style=\"text-align: justify;\">A atividade \u00ac parte de um conjunto de a\u00e7\u00f5es que est\u00e1 sendo realizada desde o in\u00edcio do ano passado \u00ac foi organizada pela Emater\/RS\u00acAscar, que executa a Chamada P\u00fablica do Leite em todo o Estado, por meio de conv\u00eanio com o Minist\u00e9rio do Desenvolvimento Agr\u00e1rio (MDA). Na regi\u00e3o est\u00e3o sendo beneficiadas 500 fam\u00edlias de 41 munic\u00edpios, sendo 25 do Vale do Taquari, 14 do Vale do Ca\u00ed e dois da Serra Ga\u00facha.<\/p>\n<p style=\"text-align: justify;\"><span style=\"line-height: 24px;\"><\/span><\/p>\n<p style=\"text-align: justify;\">\"O objetivo \u00e9 o de concentrar o trabalho em propriedades em que a produ\u00e7\u00e3o seja menor do que 100 litros di\u00e1rios, com foco na sustentabilidade econ\u00f4mica, social e ambiental\", ressalta Schmachtenberg. Temas relacionados \u00e0 melhoria da qualidade do leite, ao manejo mais adequado dos animais, a redu\u00e7\u00e3o dos custos de produ\u00e7\u00e3o e de necessidade de insumos externos, a gest\u00e3o da atividade leiteira, a organiza\u00e7\u00e3o dos produtores e ao melhoramento gen\u00e9tico do rebanho, t\u00eam sido trabalhados desde o in\u00edcio de 2014, por meio de palestras, encontros, visitas e semin\u00e1rios. \"Tudo para que as fam\u00edlias beneficiadas possam ampliar sua produtividade e renda, promovendo tamb\u00e9m o aumento da qualidade de vida e a poss\u00edvel continuidade dos jovens no meio rural\", analisa o veterin\u00e1rio.<\/p>\n<p style=\"text-align: justify;\">&nbsp;<\/p>\n<p>  <!--more-->  <\/p>\n<p>&nbsp;<\/p>\n<p style=\"text-align: justify;\"><span style=\"line-height: 24px;\"><\/span><\/p>\n<p style=\"text-align: justify;\">Um dos participantes, o produtor Neimar Fraporti, da localidade de Pil\u00e3o Alto, em Coqueiro Baixo, produz uma m\u00e9dia de 90 litros de leite por dia, com nove vacas em lacta\u00e7\u00e3o. Mas acredita poder ampliar este n\u00famero nos pr\u00f3ximos anos. \"Minha inten\u00e7\u00e3o \u00e9 ir crescendo aos pouquinhos, at\u00e9 chegar a uma produ\u00e7\u00e3o de 500 litros di\u00e1rios, com 35 vacas em lacta\u00e7\u00e3o\", salienta. Para atingir esse objetivo, Fraporti pretende abandonar definitivamente o cultivo de tabaco, que ainda ocupa 3,5 hectares na propriedade em que mora com a esposa, a filha e a sogra.<\/p>\n<p style=\"text-align: justify;\"><span style=\"line-height: 24px;\"><\/span><\/p>\n<p style=\"text-align: justify;\">\"Quero ampliar a minha \u00e1rea de pastagens\", afirma. Al\u00e9m de fumo, o agricultor tamb\u00e9m produz ab\u00f3bora para comercializa\u00e7\u00e3o, possuindo tamb\u00e9m horta, pomar a alguns animais para o consumo da fam\u00edlia. \"Hoje sou muito feliz com o que fa\u00e7o\", observa Fraporti, que no passado morou durante 28 anos em S\u00e3o Paulo, onde atuou como gar\u00e7om em restaurantes locais. Ap\u00f3s conhecer a esposa, abriu o pr\u00f3prio neg\u00f3cio em Porto Alegre, que acabou n\u00e3o dando certo.<\/p>\n<p style=\"text-align: justify;\"><span style=\"line-height: 24px;\"><\/span><\/p>\n<p style=\"text-align: justify;\">\"O retorno ao meio rural surgiu em decorr\u00eancia de uma necessidade e hoje acharia dif\u00edcil voltar pra cidade\", garante o produtor. Situa\u00e7\u00e3o diferente viveu o agricultor Luiz Pezini, da localidade de Ca\u00e7ador, em Nova Br\u00e9scia. Pezini sempre viveu no campo, mas h\u00e1 cinco anos modificou a matriz produtiva na propriedade em que vive com a esposa, filho e sogro. \"Como comercializava feij\u00e3o e milho, foi mais f\u00e1cil passar para a produ\u00e7\u00e3o de leite, j\u00e1 que pude seguir cultivando milho para fazer a silagem\", observa. Hoje o agricultor possui nove vacas em lacta\u00e7\u00e3o, produzindo 100 litros de leite ao dia.<\/p>\n<p style=\"text-align: justify;\"><span style=\"line-height: 24px;\"><\/span><\/p>\n<p style=\"text-align: justify;\">\"Mas a minha ideia \u00e9 construir uma sala de ordenha e ampliar o plantel\", finaliza. O t\u00e9cnico em agropecu\u00e1ria da Emater\/RS\u00acAscar, Cristiano Laste, ressalta que os participantes da Chamada fazem parte de um grupo de produtores que pretende seguir na atividade, ampliando a produtividade e at\u00e9 reduzindo o plantel, em alguns casos. <br \/>\"Ainda h\u00e1 uma car\u00eancia de informa\u00e7\u00f5es sobre temas como melhoramento gen\u00e9tico, por exemplo, que podem auxiliar nesse processo, ainda que algumas mudan\u00e7as relacionadas \u00e0 qualifica\u00e7\u00e3o das instala\u00e7\u00f5es ou ao manejo das pastagens j\u00e1 estejam sendo feitas\", diz. Hoje, Nova Br\u00e9scia produz 7,2 milh\u00f5es de litros de leite ao ano, com o envolvimento de 170 fam\u00edlias e 2,3 mil vacas. Fonte: Emater\/RS<\/p>\n<p><span style=\"line-height: 24px;\"><\/span><\/p>\n","protected":false},"excerpt":{"rendered":"<p>&nbsp;10\/04\/2015 Um grupo de 20 agricultores dos munic\u00edpios de Nova Br\u00e9scia e Coqueiro Baixo \u00ac integrantes do Lote 19 da Chamada P\u00fablica do Leite \u00ac participou nesta quarta\u00acfeira (08), no audit\u00f3rio da prefeitura de Nova Br\u00e9scia, de uma capacita\u00e7\u00e3o com o tema pr\u00e9\u00acparto e sua import\u00e2ncia nos desempenhos produtivo e reprodutivo. Na ocasi\u00e3o, o assistente <a href=\"https:\/\/www.sindilat.com.br\/site\/2015\/04\/10\/rs-produtores-participam-de-capacitacao-dentro-da-chamada-publica-do-leite\/\" class=\"more-link\">...continuar lendo<span class=\"screen-reader-text\"> \"RS: produtores participam de capacita\u00e7\u00e3o dentro da Chamada P\u00fablica do Leite\"<\/span><\/a><\/p>\n","protected":false},"author":1,"featured_media":262,"comment_status":"open","ping_status":"open","sticky":false,"template":"","format":"standard","meta":{"ngg_post_thumbnail":0,"footnotes":""},"categories":[18],"tags":[],"class_list":{"0":"post-263","1":"post","2":"type-post","3":"status-publish","4":"format-standard","5":"has-post-thumbnail","7":"category-noticias","8":"h-entry","9":"hentry","10":"h-as-article"},"_links":{"self":[{"href":"https:\/\/www.sindilat.com.br\/site\/wp-json\/wp\/v2\/posts\/263","targetHints":{"allow":["GET"]}}],"collection":[{"href":"https:\/\/www.sindilat.com.br\/site\/wp-json\/wp\/v2\/posts"}],"about":[{"href":"https:\/\/www.sindilat.com.br\/site\/wp-json\/wp\/v2\/types\/post"}],"author":[{"embeddable":true,"href":"https:\/\/www.sindilat.com.br\/site\/wp-json\/wp\/v2\/users\/1"}],"replies":[{"embeddable":true,"href":"https:\/\/www.sindilat.com.br\/site\/wp-json\/wp\/v2\/comments?post=263"}],"version-history":[{"count":0,"href":"https:\/\/www.sindilat.com.br\/site\/wp-json\/wp\/v2\/posts\/263\/revisions"}],"wp:featuredmedia":[{"embeddable":true,"href":"https:\/\/www.sindilat.com.br\/site\/wp-json\/wp\/v2\/media\/262"}],"wp:attachment":[{"href":"https:\/\/www.sindilat.com.br\/site\/wp-json\/wp\/v2\/media?parent=263"}],"wp:term":[{"taxonomy":"category","embeddable":true,"href":"https:\/\/www.sindilat.com.br\/site\/wp-json\/wp\/v2\/categories?post=263"},{"taxonomy":"post_tag","embeddable":true,"href":"https:\/\/www.sindilat.com.br\/site\/wp-json\/wp\/v2\/tags?post=263"}],"curies":[{"name":"wp","href":"https:\/\/api.w.org\/{rel}","templated":true}]}}