{"id":203,"date":"2015-02-12T09:57:58","date_gmt":"2015-02-12T09:57:58","guid":{"rendered":"http:\/\/www.sindilat.com.br\/site\/2015\/02\/12\/cadastro-ambiental-rural\/"},"modified":"2015-02-12T09:57:58","modified_gmt":"2015-02-12T09:57:58","slug":"cadastro-ambiental-rural","status":"publish","type":"post","link":"https:\/\/www.sindilat.com.br\/site\/2015\/02\/12\/cadastro-ambiental-rural\/","title":{"rendered":"Cadastro Ambiental Rural"},"content":{"rendered":"<p style=\"text-align: justify;\"><span style=\"color: #132630; font-family: verdana; font-size: 12px; line-height: 20px; text-align: justify;\"><img loading=\"lazy\" decoding=\"async\" class=\" alignright size-full wp-image-109\" src=\"http:\/\/www.sindilat.com.br\/site\/wp-content\/uploads\/2015\/02\/3%C2%BAano.jpg\" alt=\"3\u00baano\" style=\"float: right;\" width=\"257\" height=\"213\" \/>A Emater busca recursos do governo federal para auxiliar os agricultores no preenchimento do Cadastro Ambiental Rural (CAR). O presidente do \u00f3rg\u00e3o, Clair Kuhn, esteve no Minist\u00e9rio do Meio Ambiente ontem, em Bras\u00edlia, tratando do tema. A iniciativa permitir\u00e1 agilizar o cadastramento no Rio Grande do Sul. O Estado \u00e9 o lanterna entre todas as unidades da federa\u00e7\u00e3o, com apenas 912 processos finalizados. Isso correspondente 0,19% das 460 mil propriedades ga\u00fachas. De acordo com Kuhn, a Emater conta com cerca de 200 extensionistas treinados, que poderiam orientar os demais para fazer o trabalho de campo. \u201cMas para isso h\u00e1 um custo, ent\u00e3o a Emater tem de ter um aporte\u201d, explicou. No entanto, ele n\u00e3o informou qual o seria o volume de recursos necess\u00e1rios para implementar a iniciativa. Conforme o presidente, o agricultor, muitas vezes, n\u00e3o est\u00e1 apto a trabalhar com a ferramenta, o que justifica o aux\u00edlio da extens\u00e3o rural. A reivindica\u00e7\u00e3o foi recebida pelo secret\u00e1rio-executivo do Minist\u00e9rio do Meio Ambiente, Francisco Gaetani, e pelo secret\u00e1rio de Desenvolvimento Rural, Paulo Guilherme Cabral, que ir\u00e3o analisar o pedido. O prazo final para o preenchimento do CAR se encerra no dia 6 de maio, mas poder\u00e1 ser prorrogado por mais um ano. (Correio do Povo)<\/span><\/p>\n","protected":false},"excerpt":{"rendered":"<p>A Emater busca recursos do governo federal para auxiliar os agricultores no preenchimento do Cadastro Ambiental Rural (CAR). O presidente do \u00f3rg\u00e3o, Clair Kuhn, esteve no Minist\u00e9rio do Meio Ambiente ontem, em Bras\u00edlia, tratando do tema. A iniciativa permitir\u00e1 agilizar o cadastramento no Rio Grande do Sul. O Estado \u00e9 o lanterna entre todas as <a href=\"https:\/\/www.sindilat.com.br\/site\/2015\/02\/12\/cadastro-ambiental-rural\/\" class=\"more-link\">...continuar lendo<span class=\"screen-reader-text\"> \"Cadastro Ambiental Rural\"<\/span><\/a><\/p>\n","protected":false},"author":1,"featured_media":109,"comment_status":"open","ping_status":"open","sticky":false,"template":"","format":"standard","meta":{"ngg_post_thumbnail":0,"footnotes":""},"categories":[18],"tags":[],"class_list":{"0":"post-203","1":"post","2":"type-post","3":"status-publish","4":"format-standard","5":"has-post-thumbnail","7":"category-noticias","8":"h-entry","9":"hentry","10":"h-as-article"},"_links":{"self":[{"href":"https:\/\/www.sindilat.com.br\/site\/wp-json\/wp\/v2\/posts\/203","targetHints":{"allow":["GET"]}}],"collection":[{"href":"https:\/\/www.sindilat.com.br\/site\/wp-json\/wp\/v2\/posts"}],"about":[{"href":"https:\/\/www.sindilat.com.br\/site\/wp-json\/wp\/v2\/types\/post"}],"author":[{"embeddable":true,"href":"https:\/\/www.sindilat.com.br\/site\/wp-json\/wp\/v2\/users\/1"}],"replies":[{"embeddable":true,"href":"https:\/\/www.sindilat.com.br\/site\/wp-json\/wp\/v2\/comments?post=203"}],"version-history":[{"count":0,"href":"https:\/\/www.sindilat.com.br\/site\/wp-json\/wp\/v2\/posts\/203\/revisions"}],"wp:featuredmedia":[{"embeddable":true,"href":"https:\/\/www.sindilat.com.br\/site\/wp-json\/wp\/v2\/media\/109"}],"wp:attachment":[{"href":"https:\/\/www.sindilat.com.br\/site\/wp-json\/wp\/v2\/media?parent=203"}],"wp:term":[{"taxonomy":"category","embeddable":true,"href":"https:\/\/www.sindilat.com.br\/site\/wp-json\/wp\/v2\/categories?post=203"},{"taxonomy":"post_tag","embeddable":true,"href":"https:\/\/www.sindilat.com.br\/site\/wp-json\/wp\/v2\/tags?post=203"}],"curies":[{"name":"wp","href":"https:\/\/api.w.org\/{rel}","templated":true}]}}