{"id":19836,"date":"2026-09-01T19:07:30","date_gmt":"2026-09-01T19:07:30","guid":{"rendered":"https:\/\/www.sindilat.com.br\/site\/?p=19836"},"modified":"2026-09-01T19:07:30","modified_gmt":"2026-09-01T19:07:30","slug":"alianca-lactea-debate-sanidade-animal-competitividade-e-caminhos-internacionais","status":"publish","type":"post","link":"https:\/\/www.sindilat.com.br\/site\/2026\/09\/01\/alianca-lactea-debate-sanidade-animal-competitividade-e-caminhos-internacionais\/","title":{"rendered":"Alian\u00e7a L\u00e1ctea debate sanidade animal, competitividade e caminhos internacionais\u00a0\u00a0"},"content":{"rendered":"<h1><img loading=\"lazy\" decoding=\"async\" class=\"aligncenter size-medium wp-image-19837\" src=\"https:\/\/www.sindilat.com.br\/site\/wp-content\/uploads\/2026\/09\/IMG_20260901_115021-300x169.jpg\" alt=\"\" width=\"300\" height=\"169\" srcset=\"https:\/\/www.sindilat.com.br\/site\/wp-content\/uploads\/2026\/09\/IMG_20260901_115021-300x169.jpg 300w, https:\/\/www.sindilat.com.br\/site\/wp-content\/uploads\/2026\/09\/IMG_20260901_115021-1024x577.jpg 1024w, https:\/\/www.sindilat.com.br\/site\/wp-content\/uploads\/2026\/09\/IMG_20260901_115021-768x433.jpg 768w, https:\/\/www.sindilat.com.br\/site\/wp-content\/uploads\/2026\/09\/IMG_20260901_115021-1536x866.jpg 1536w, https:\/\/www.sindilat.com.br\/site\/wp-content\/uploads\/2026\/09\/IMG_20260901_115021-2048x1155.jpg 2048w, https:\/\/www.sindilat.com.br\/site\/wp-content\/uploads\/2026\/09\/IMG_20260901_115021-960x541.jpg 960w, https:\/\/www.sindilat.com.br\/site\/wp-content\/uploads\/2026\/09\/IMG_20260901_115021-1320x744.jpg 1320w\" sizes=\"auto, (max-width: 300px) 100vw, 300px\" \/><\/h1>\n<p style=\"text-align: justify;\"><span style=\"font-weight: 400;\">O Brasil precisa avan\u00e7ar nas garantias de sanidade animal para permitir que os estados produtores ligados \u00e0 Alian\u00e7a L\u00e1ctea Sul-Brasileira consigam chegar aos mercados internacionais, seguindo trajet\u00f3rias j\u00e1 exitosas de outras prote\u00ednas animais, como ovos e carnes. \u201cPrecisamos avan\u00e7ar junto ao governo federal no setindo de agilizar libera\u00e7\u00e3o, mesmo que seja de forma regionalizada, para conseguir embarcar nossos produtos para fora, buscando nichos de mercado que est\u00e3o se abrindo na \u00c1sia, por exemplo, e que est\u00e3o sedendos por comida e que agregram grandes poula\u00e7\u00f5es\u201d, disse Darlan Palharini, secretario-executivo do Sindilat\/RS.&nbsp;<\/span><\/p>\n<p style=\"text-align: justify;\"><span style=\"font-weight: 400;\">Na reuni\u00e3o da Alian\u00e7a L\u00e1ctea realizada na manh\u00e3 desta ter\u00e7a-feira (01\/09), durante a Expointer&nbsp; o 1\u00ba vice-presidente da entidade, Alexandre Guerra, assinalou que avan\u00e7o da cadeia depende da constru\u00e7\u00e3o de solu\u00e7\u00f5es conjuntas e do fortalecimento de todos os seus elos. \u201cS\u00e3o caminhos que a gente vai debatendo e temos visto que estamos avan\u00e7ando. Temos que trabalhar pensando no conjunto, desde os pequenos, m\u00e9dios e grandes, da ind\u00fastria e do campo, porque sempre repetimos que precisamos estar todos fortes e unidos. Somos interdependentes e todos s\u00e3o importantes\u201d, destacou. Guerra tamb\u00e9m chamou aten\u00e7\u00e3o para o crescimento de segmentos como o de queijos e para a necessidade de ampliar o est\u00edmulo ao consumo. Al\u00e9m disso, ressaltou a import\u00e2ncia de garantir condi\u00e7\u00f5es adequadas para a distribui\u00e7\u00e3o da produ\u00e7\u00e3o brasileira, citando os impactos de novas tarifas que encarecem o transporte de produtos da Regi\u00e3o Sul para o centro do Brasil.&nbsp;&nbsp;<\/span><\/p>\n<p style=\"text-align: justify;\"><span style=\"font-weight: 400;\">Neste cen\u00e1rio, Darlan assinalou a necessidade de construir mecanismos para ampliar a prote\u00e7\u00e3o e a sustentabilidade do setor diante de preocupa\u00e7\u00f5es relacionadas \u00e0s negocia\u00e7\u00f5es comerciais, especialmente em rela\u00e7\u00e3o ao acordo entre Mercosul e Uni\u00e3o Europeia. \u201cExiste uma preocupa\u00e7\u00e3o com a cria\u00e7\u00e3o de salvaguardas para produtos brasileiros, e o setor l\u00e1cteo est\u00e1 inserido nesse debate, assim como outros segmentos, como vinhos e azeite de oliva\u201d, afirmou. Segundo ele, a busca por maior competitividade passa tamb\u00e9m pela constru\u00e7\u00e3o de alternativas pr\u00f3prias para o setor. \u201cPrecisamos buscar mecanismos e instrumentos que contribuam para a prote\u00e7\u00e3o e a sustentabilidade da cadeia. A discuss\u00e3o sobre comercializa\u00e7\u00e3o futura, por exemplo, \u00e9 um dos temas que come\u00e7am a ganhar espa\u00e7o e que certamente estar\u00e1 presente nas nossas pr\u00f3ximas reuni\u00f5es\u201d, destacou.<\/span><\/p>\n<p style=\"text-align: justify;\"><b>Alian\u00e7a L\u00e1ctea completa 12 anos<\/b><\/p>\n<p style=\"text-align: justify;\"><span style=\"font-weight: 400;\">A reuni\u00e3o desta ter\u00e7a-feira celebrou os 12 anos da Alian\u00e7a L\u00e1ctea Sul-Brasileira (ALSB). A entidade foi fundada durante a Expointer, que serviu como palco para o encontro das lideran\u00e7as do setor. A Alian\u00e7a L\u00e1ctea Sul-Brasileira \u00e9 um f\u00f3rum p\u00fablico-privado que re\u00fane lideran\u00e7as e entidades do Rio Grande do Sul, Santa Catarina, Paran\u00e1 e Mato Grosso do Sul.<\/span><\/p>\n<p style=\"text-align: justify;\"><strong>Foto: Gisele Ortolan&nbsp;<\/strong><\/p>\n","protected":false},"excerpt":{"rendered":"<p>O Brasil precisa avan\u00e7ar nas garantias de sanidade animal para permitir que os estados produtores ligados \u00e0 Alian\u00e7a L\u00e1ctea Sul-Brasileira consigam chegar aos mercados internacionais, seguindo trajet\u00f3rias j\u00e1 exitosas de outras prote\u00ednas animais, como ovos e carnes. \u201cPrecisamos avan\u00e7ar junto ao governo federal no setindo de agilizar libera\u00e7\u00e3o, mesmo que seja de forma regionalizada, para <a href=\"https:\/\/www.sindilat.com.br\/site\/2026\/09\/01\/alianca-lactea-debate-sanidade-animal-competitividade-e-caminhos-internacionais\/\" class=\"more-link\">...continuar lendo<span class=\"screen-reader-text\"> \"Alian\u00e7a L\u00e1ctea debate sanidade animal, competitividade e caminhos internacionais\u00a0\u00a0\"<\/span><\/a><\/p>\n","protected":false},"author":3,"featured_media":19837,"comment_status":"closed","ping_status":"open","sticky":false,"template":"","format":"standard","meta":{"ngg_post_thumbnail":0,"footnotes":""},"categories":[31,18],"tags":[],"class_list":["post-19836","post","type-post","status-publish","format-standard","has-post-thumbnail","category-noticias-sindilat-tv","category-noticias","h-entry","hentry","h-as-article"],"_links":{"self":[{"href":"https:\/\/www.sindilat.com.br\/site\/wp-json\/wp\/v2\/posts\/19836","targetHints":{"allow":["GET"]}}],"collection":[{"href":"https:\/\/www.sindilat.com.br\/site\/wp-json\/wp\/v2\/posts"}],"about":[{"href":"https:\/\/www.sindilat.com.br\/site\/wp-json\/wp\/v2\/types\/post"}],"author":[{"embeddable":true,"href":"https:\/\/www.sindilat.com.br\/site\/wp-json\/wp\/v2\/users\/3"}],"replies":[{"embeddable":true,"href":"https:\/\/www.sindilat.com.br\/site\/wp-json\/wp\/v2\/comments?post=19836"}],"version-history":[{"count":1,"href":"https:\/\/www.sindilat.com.br\/site\/wp-json\/wp\/v2\/posts\/19836\/revisions"}],"predecessor-version":[{"id":19838,"href":"https:\/\/www.sindilat.com.br\/site\/wp-json\/wp\/v2\/posts\/19836\/revisions\/19838"}],"wp:featuredmedia":[{"embeddable":true,"href":"https:\/\/www.sindilat.com.br\/site\/wp-json\/wp\/v2\/media\/19837"}],"wp:attachment":[{"href":"https:\/\/www.sindilat.com.br\/site\/wp-json\/wp\/v2\/media?parent=19836"}],"wp:term":[{"taxonomy":"category","embeddable":true,"href":"https:\/\/www.sindilat.com.br\/site\/wp-json\/wp\/v2\/categories?post=19836"},{"taxonomy":"post_tag","embeddable":true,"href":"https:\/\/www.sindilat.com.br\/site\/wp-json\/wp\/v2\/tags?post=19836"}],"curies":[{"name":"wp","href":"https:\/\/api.w.org\/{rel}","templated":true}]}}