{"id":19822,"date":"2026-08-31T15:10:58","date_gmt":"2026-08-31T15:10:58","guid":{"rendered":"https:\/\/www.sindilat.com.br\/site\/?p=19822"},"modified":"2026-08-31T15:10:58","modified_gmt":"2026-08-31T15:10:58","slug":"pegou-pagou-levou-lacteos-ganham-geladeira-de-autosservico-na-expointer","status":"publish","type":"post","link":"https:\/\/www.sindilat.com.br\/site\/2026\/08\/31\/pegou-pagou-levou-lacteos-ganham-geladeira-de-autosservico-na-expointer\/","title":{"rendered":"Pegou, pagou, levou: l\u00e1cteos ganham geladeira de autosservi\u00e7o na Expointer"},"content":{"rendered":"<div>\n<p dir=\"ltr\"><img loading=\"lazy\" decoding=\"async\" class=\"aligncenter size-medium wp-image-19823\" src=\"https:\/\/www.sindilat.com.br\/site\/wp-content\/uploads\/2026\/08\/geladeira-Sindilat-jpg-300x200.jpg\" alt=\"\" width=\"300\" height=\"200\" srcset=\"https:\/\/www.sindilat.com.br\/site\/wp-content\/uploads\/2026\/08\/geladeira-Sindilat-jpg-300x200.jpg 300w, https:\/\/www.sindilat.com.br\/site\/wp-content\/uploads\/2026\/08\/geladeira-Sindilat-jpg.jpg 600w\" sizes=\"auto, (max-width: 300px) 100vw, 300px\" \/><\/p>\n<p dir=\"ltr\" style=\"text-align: justify;\">A experi\u00eancia de consumo de produtos l\u00e1cteos ganha um novo formato na Expointer 2026. Pela primeira vez, uma geladeira de autosservi\u00e7o exclusivamente com l\u00e1cteos estar\u00e1 dispon\u00edvel no Parque de Exposi\u00e7\u00f5es Assis Brasil, em Esteio (RS), permitindo que os visitantes encontrem op\u00e7\u00f5es pr\u00e1ticas, nutritivas e diversificadas para consumo durante a feira. A iniciativa \u00e9 do Sindicato da Ind\u00fastria de Latic\u00ednios do Rio Grande do Sul (Sindilat\/RS) e re\u00fane produtos de empresas associadas.<\/p>\n<p dir=\"ltr\" style=\"text-align: justify;\">Instalada em frente \u00e0 pista central de eventos, a geladeira ter\u00e1 queijos variados e bebidas proteicas prontas para o consumo. A proposta \u00e9 aproximar os produtos da ind\u00fastria l\u00e1ctea ga\u00facha do consumidor e, ao mesmo tempo, criar uma experi\u00eancia diferente dentro de um dos principais eventos do agroneg\u00f3cio brasileiro.<\/p>\n<p dir=\"ltr\" style=\"text-align: justify;\">Segundo o secret\u00e1rio-executivo do Sindilat\/RS, Darlan Palharini, a iniciativa busca apresentar os l\u00e1cteos de uma maneira mais direta e conectada aos novos h\u00e1bitos de consumo. \u201cA ideia \u00e9 levar para a Expointer uma experi\u00eancia simples, pr\u00e1tica e inovadora. O visitante poder\u00e1 escolher o produto, fazer o pagamento e levar na hora, encontrando diferentes op\u00e7\u00f5es de l\u00e1cteos em um \u00fanico espa\u00e7o. \u00c9 tamb\u00e9m uma forma de mostrar a diversidade dos produtos das nossas empresas associadas e aproximar a ind\u00fastria do consumidor\u201d, destaca.<\/p>\n<p dir=\"ltr\" style=\"text-align: justify;\">Al\u00e9m da praticidade, a a\u00e7\u00e3o evidencia a versatilidade dos l\u00e1cteos como alternativa de alimenta\u00e7\u00e3o ao longo da programa\u00e7\u00e3o da Expointer. A presen\u00e7a de diferentes categorias de produtos tamb\u00e9m permite ao p\u00fablico conhecer op\u00e7\u00f5es que v\u00e3o al\u00e9m do consumo tradicional, incluindo bebidas proteicas e variedades de queijos. \u201cO projeto representa uma nova forma de apresentar a for\u00e7a e a diversidade da ind\u00fastria l\u00e1ctea ga\u00facha, colocando os produtos diretamente \u00e0 disposi\u00e7\u00e3o do p\u00fablico e transformando a geladeira em um ponto de contato entre ind\u00fastria, produtos e consumidores. Levaremos para outros lugares tamb\u00e9m\u201d, diz o executivo.<\/p>\n<\/div>\n<div style=\"text-align: justify;\"><b><span style=\"color: #ff0000;\">Cr\u00e9dito: J\u00e9ssica Aguirres<\/span><\/b><\/div>\n","protected":false},"excerpt":{"rendered":"<p>A experi\u00eancia de consumo de produtos l\u00e1cteos ganha um novo formato na Expointer 2026. Pela primeira vez, uma geladeira de autosservi\u00e7o exclusivamente com l\u00e1cteos estar\u00e1 dispon\u00edvel no Parque de Exposi\u00e7\u00f5es Assis Brasil, em Esteio (RS), permitindo que os visitantes encontrem op\u00e7\u00f5es pr\u00e1ticas, nutritivas e diversificadas para consumo durante a feira. A iniciativa \u00e9 do Sindicato <a href=\"https:\/\/www.sindilat.com.br\/site\/2026\/08\/31\/pegou-pagou-levou-lacteos-ganham-geladeira-de-autosservico-na-expointer\/\" class=\"more-link\">...continuar lendo<span class=\"screen-reader-text\"> \"Pegou, pagou, levou: l\u00e1cteos ganham geladeira de autosservi\u00e7o na Expointer\"<\/span><\/a><\/p>\n","protected":false},"author":3,"featured_media":19823,"comment_status":"closed","ping_status":"open","sticky":false,"template":"","format":"standard","meta":{"ngg_post_thumbnail":0,"footnotes":""},"categories":[18,31],"tags":[],"class_list":["post-19822","post","type-post","status-publish","format-standard","has-post-thumbnail","category-noticias","category-noticias-sindilat-tv","h-entry","hentry","h-as-article"],"_links":{"self":[{"href":"https:\/\/www.sindilat.com.br\/site\/wp-json\/wp\/v2\/posts\/19822","targetHints":{"allow":["GET"]}}],"collection":[{"href":"https:\/\/www.sindilat.com.br\/site\/wp-json\/wp\/v2\/posts"}],"about":[{"href":"https:\/\/www.sindilat.com.br\/site\/wp-json\/wp\/v2\/types\/post"}],"author":[{"embeddable":true,"href":"https:\/\/www.sindilat.com.br\/site\/wp-json\/wp\/v2\/users\/3"}],"replies":[{"embeddable":true,"href":"https:\/\/www.sindilat.com.br\/site\/wp-json\/wp\/v2\/comments?post=19822"}],"version-history":[{"count":1,"href":"https:\/\/www.sindilat.com.br\/site\/wp-json\/wp\/v2\/posts\/19822\/revisions"}],"predecessor-version":[{"id":19824,"href":"https:\/\/www.sindilat.com.br\/site\/wp-json\/wp\/v2\/posts\/19822\/revisions\/19824"}],"wp:featuredmedia":[{"embeddable":true,"href":"https:\/\/www.sindilat.com.br\/site\/wp-json\/wp\/v2\/media\/19823"}],"wp:attachment":[{"href":"https:\/\/www.sindilat.com.br\/site\/wp-json\/wp\/v2\/media?parent=19822"}],"wp:term":[{"taxonomy":"category","embeddable":true,"href":"https:\/\/www.sindilat.com.br\/site\/wp-json\/wp\/v2\/categories?post=19822"},{"taxonomy":"post_tag","embeddable":true,"href":"https:\/\/www.sindilat.com.br\/site\/wp-json\/wp\/v2\/tags?post=19822"}],"curies":[{"name":"wp","href":"https:\/\/api.w.org\/{rel}","templated":true}]}}