{"id":19802,"date":"2026-08-26T17:00:23","date_gmt":"2026-08-26T17:00:23","guid":{"rendered":"https:\/\/www.sindilat.com.br\/site\/?p=19802"},"modified":"2026-08-27T17:59:17","modified_gmt":"2026-08-27T17:59:17","slug":"26-08-2026","status":"publish","type":"post","link":"https:\/\/www.sindilat.com.br\/site\/2026\/08\/26\/26-08-2026\/","title":{"rendered":"26\/08\/2026"},"content":{"rendered":"<p><img decoding=\"async\" src=\"https:\/\/dl.dnzdns.com\/v\/9wC509ABF0420\" alt=\"\" data-cke-saved-src=\"https:\/\/dl.dnzdns.com\/v\/9wC509ABF0420\"><\/p>\n<div id=\"icpbravoaccess_loaded\">\n<div id=\"icpbravoaccess_loaded\">\n<div id=\"icpbravoaccess_loaded\">\n<p style=\"text-align: justify;\">Porto Alegre, 26 de agosto de 2026&nbsp; &nbsp; &nbsp; &nbsp; &nbsp; &nbsp; &nbsp; &nbsp; &nbsp; &nbsp; &nbsp; &nbsp; &nbsp; &nbsp; &nbsp; &nbsp; &nbsp; &nbsp; &nbsp; &nbsp; &nbsp; &nbsp; &nbsp; &nbsp; &nbsp; &nbsp; &nbsp; &nbsp; Ano 20 - N\u00b0 5.001<\/p>\n<\/div>\n<\/div>\n<\/div>\n<hr>\n<p class=\"selectable-text copyable-text x15bjb6t x1n2onr6\" style=\"text-align: justify;\"><b>Pegou, pagou, levou: l\u00e1cteos ganham geladeira de autosservi\u00e7o na Expointer<\/b><\/p>\n<p class=\"selectable-text copyable-text x15bjb6t x1n2onr6\" style=\"text-align: justify;\">A experi\u00eancia de consumo de produtos l\u00e1cteos ganha um novo formato na Expointer 2026. Pela primeira vez, uma geladeira de autosservi\u00e7o exclusivamente com l\u00e1cteos estar\u00e1 dispon\u00edvel no Parque de Exposi\u00e7\u00f5es Assis Brasil, em Esteio (RS), permitindo que os visitantes encontrem op\u00e7\u00f5es pr\u00e1ticas, nutritivas e diversificadas para consumo durante a feira.<\/p>\n<p style=\"text-align: justify;\">A iniciativa \u00e9 do Sindicato da Ind\u00fastria de Latic\u00ednios do Rio Grande do Sul (Sindilat\/RS) e re\u00fane produtos de empresas associadas.<\/p>\n<p style=\"text-align: justify;\">A geladeira ter\u00e1 queijos variados e bebidas proteicas prontas para o consumo. A proposta \u00e9 aproximar os produtos da ind\u00fastria l\u00e1ctea ga\u00facha do consumidor e, ao mesmo tempo, criar uma experi\u00eancia diferente dentro de um dos principais eventos do agroneg\u00f3cio brasileiro.<\/p>\n<p style=\"text-align: justify;\">Segundo o secret\u00e1rio-executivo do Sindilat\/RS, Darlan Palharini, a iniciativa busca apresentar os l\u00e1cteos de uma maneira mais direta e conectada aos novos h\u00e1bitos de consumo. \u201cA ideia \u00e9 levar para a Expointer uma experi\u00eancia simples, pr\u00e1tica e inovadora. O visitante poder\u00e1 escolher o produto, fazer o pagamento e levar na hora, encontrando diferentes op\u00e7\u00f5es de l\u00e1cteos em um \u00fanico espa\u00e7o. \u00c9 tamb\u00e9m uma forma de mostrar a diversidade dos produtos das nossas empresas associadas e aproximar a ind\u00fastria do consumidor\u201d, destaca.<\/p>\n<p style=\"text-align: justify;\">Al\u00e9m da praticidade, a a\u00e7\u00e3o evidencia a versatilidade dos l\u00e1cteos como alternativa de alimenta\u00e7\u00e3o ao longo da programa\u00e7\u00e3o da Expointer. A presen\u00e7a de diferentes categorias de produtos tamb\u00e9m permite ao p\u00fablico conhecer op\u00e7\u00f5es que v\u00e3o al\u00e9m do consumo tradicional, incluindo bebidas proteicas e variedades de queijos. \u201cO projeto representa uma nova forma de apresentar a for\u00e7a e a diversidade da ind\u00fastria l\u00e1ctea ga\u00facha, colocando os produtos diretamente \u00e0 disposi\u00e7\u00e3o do p\u00fablico e transformando a geladeira em um ponto de contato entre ind\u00fastria, produtos e consumidores. Levaremos para outros lugares tamb\u00e9m\u201d, diz o executivo. (Sindilat\/RS)<\/p>\n<div style=\"text-align: justify;\">\n<hr>\n<\/div>\n<div style=\"text-align: justify;\">\n<p class=\"selectable-text copyable-text x15bjb6t x1n2onr6\"><b>Conseleite Paran\u00e1<\/b><\/p>\n<p class=\"selectable-text copyable-text x15bjb6t x1n2onr6\">RESOLU\u00c7\u00c3O N\u00ba 08\/2026<\/p>\n<p class=\"selectable-text copyable-text x15bjb6t x1n2onr6\">A diretoria do Conseleite-Paran\u00e1 reunida no dia 26 de agosto de 2026 na sede da FAEP na cidade de Curitiba, atendendo os dispositivos disciplinados no Cap\u00edtulo II do T\u00edtulo II do seu Regulamento, aprova e divulga os valores de refer\u00eancia para a mat\u00e9ria-prima leite realizados em Julho de 2026 e a proje\u00e7\u00e3o dos valores de refer\u00eancia para o m\u00eas de Agosto de 2026, calculados por metodologia definida pelo Conseleite-Paran\u00e1, a partir dos pre\u00e7os m\u00e9dios e do mix de comercializa\u00e7\u00e3o dos derivados l\u00e1cteos praticados pelas empresas participantes.&nbsp;<\/p>\n<p class=\"selectable-text copyable-text x15bjb6t x1n2onr6\"><img loading=\"lazy\" decoding=\"async\" class=\"alignnone size-full wp-image-19803\" src=\"https:\/\/www.sindilat.com.br\/site\/wp-content\/uploads\/2026\/08\/Conseleite.png\" alt=\"\" width=\"644\" height=\"790\" srcset=\"https:\/\/www.sindilat.com.br\/site\/wp-content\/uploads\/2026\/08\/Conseleite.png 644w, https:\/\/www.sindilat.com.br\/site\/wp-content\/uploads\/2026\/08\/Conseleite-245x300.png 245w\" sizes=\"auto, (max-width: 644px) 100vw, 644px\" \/><\/p>\n<p>Os valores de refer\u00eancia indicados nesta resolu\u00e7\u00e3o para a mat\u00e9ria-prima leite denominada \u201cLeite Padr\u00e3o\u201d, se referem ao leite analisado que cont\u00e9m 3,50% de gordura, 3,10% de prote\u00edna, 500 mil c\u00e9lulas som\u00e1ticas\/ml; 300 mil ufc\/ml de contagem de placas padr\u00e3o e volume di\u00e1rio de at\u00e9 300 litros\/dia.<\/p>\n<p>Os maiores valores de refer\u00eancia se referem ao leite analisado que cont\u00e9m acima de 4,25% de gordura, acima de 3,40% de prote\u00edna, abaixo de 200 mil c\u00e9lulas som\u00e1ticas\/ml, abaixo de 100 mil ufc\/ml de contagem de placas padr\u00e3o e volume di\u00e1rio superior a 3.000 litros\/dia; Os menores valores de refer\u00eancia se referem ao leite analisado que cont\u00e9m 3% de gordura, 2,9% de prote\u00edna, acima de 600 mil c\u00e9lulas som\u00e1ticas\/ml, acima de 500 mil ufc\/ml de contagem de placas padr\u00e3o e volume di\u00e1rio de at\u00e9 300 litros\/dia.<\/p>\n<p>Esses par\u00e2metros s\u00e3o apresentados na primeira tabela dessa resolu\u00e7\u00e3o. Para o leite pasteurizado o valor projetado para o m\u00eas de Agosto de 2026 \u00e9 de R$ 4,4039\/litro.<\/p>\n<p>Visando apoiar pol\u00edticas de pagamento da mat\u00e9ria-prima leite conforme a qualidade, o Conseleite-Paran\u00e1 disponibiliza um simulador para o c\u00e1lculo de valores de refer\u00eancia para o leite analisado em fun\u00e7\u00e3o de seus teores de gordura, prote\u00edna, contagem de c\u00e9lulas som\u00e1ticas e contagem bacteriana. O simulador est\u00e1 dispon\u00edvel no seguinte https:\/\/www.sistemafaep.org.br\/conseleite-parana\/ .&nbsp;<\/p>\n<p class=\"selectable-text copyable-text x15bjb6t x1n2onr6\"><b>Produ\u00e7\u00e3o de leite dos EUA aumentou 2,2%, em julho, na compara\u00e7\u00e3o interanual&nbsp;<\/b><\/p>\n<p class=\"selectable-text copyable-text x15bjb6t x1n2onr6\">A produ\u00e7\u00e3o de leite dos Estados Unidos da Am\u00e9rica (EUA) registra mais um m\u00eas de crescimento s\u00f3lidos, em julho, com a produ\u00e7\u00e3o nacional alcan\u00e7ando 20,1 bilh\u00f5es de libras \u2013 um resultado 2,2% superior ao de julho de 2025 \u2013 sinalizado que o setor mant\u00e9m uma firme trajet\u00f3ria de expans\u00e3o, apesar das incertezas do mercado.<\/p>\n<p>O relat\u00f3rio do Departamento de Agricultura dos EUA (USDA) de julho refor\u00e7a o padr\u00e3o que tem definido 2026: estabilidade no crescimento do rebanho, ganhos de produtividade e a oferta de leite atendendo a demanda dom\u00e9stica e a expans\u00e3o das oportunidades de exporta\u00e7\u00e3o.<\/p>\n<p>Talvez o indicador mais significativo de julho seja o tamanho do rebanho. O n\u00famero total de cabe\u00e7as chegou a 9,71 milh\u00f5es, o que representa 199 mil cabe\u00e7as a mais em rela\u00e7\u00e3o a julho de 2025. Isso representa mais de 2% de aumento, uma expans\u00e3o significativa, quando muitos analistas previam consolida\u00e7\u00e3o com queda no n\u00famero de animais.<\/p>\n<p>Nos 24 estados de maior produ\u00e7\u00e3o, o rebanho contabilizado foi de 9,27 milh\u00f5es de cabe\u00e7as, aumento de 185 mil em rela\u00e7\u00e3o ao ano passado. Na compara\u00e7\u00e3o mensal, entre junho e julho o acr\u00e9scimo, nesses estados, foi de 2 mil cabe\u00e7as, sugerindo que os produtores est\u00e3o mantendo n\u00edveis elevados de rebanho, em vez de expandir significativamente, no curto prazo.<\/p>\n<p>Embora a expans\u00e3o do rebanho tenha representado a maior parte do aumento da produ\u00e7\u00e3o de julho, a produtividade animal tamb\u00e9m contribuiu \u2013 ainda que de forma mais modesta.<\/p>\n<p>A produtividade animal dos EUA atingiu a m\u00e9dia de 2.075 libras em julho, apenas 3 libras a mais em rela\u00e7\u00e3o a julho de 2025. Nos 24 principais estados produtores, a m\u00e9dia foi de 2.093 libras, 5 a mais na compara\u00e7\u00e3o interanual.<\/p>\n<p>O ganho percentual pode parecer pequeno, as eles refletem o cont\u00ednuo melhoramento gen\u00e9tico, os programas de aprimoramento de nutri\u00e7\u00e3o e pr\u00e1ticas de manejo que seguem ampliando os limites org\u00e2nicos da capacidade de produ\u00e7\u00e3o sustent\u00e1vel das vacas leiteiras.<\/p>\n<p>\u00c9 importante ressaltar que a produtividade animal no m\u00eas de julho ocorreu mesmo durante um m\u00eas t\u00edpico de estresse t\u00e9rmico que impacta o rebanho em muitas regi\u00f5es. Superar os n\u00fameros do ano anterior indicam que os sistemas de resfriamento foram aprimorados, melhores estrat\u00e9gias de mitiga\u00e7\u00e3o do calor foram adotadas e um manejo cuidadoso do rebanho que geram resultados positivos.<\/p>\n<\/div>\n<div style=\"text-align: justify;\">\n<hr>\n<\/div>\n<p style=\"text-align: center;\"><i><b>Jogo R\u00e1pido<\/b><\/i><\/p>\n<p class=\"selectable-text copyable-text x15bjb6t x1n2onr6\" style=\"text-align: center;\"><strong><em><span class=\"selectable-text copyable-text xkrh14z\">Inscreva sua startup para o Milk Summit Mercosul 2026<\/span><\/em><\/strong><\/p>\n<p class=\"selectable-text copyable-text x15bjb6t x1n2onr6\" style=\"text-align: center;\"><em><span class=\"selectable-text copyable-text xkrh14z\">Startups e neg\u00f3cios inovadores j\u00e1 podem se inscrever para participar da Arena L\u00e1ctea de Inova\u00e7\u00e3o Sebrae, que ser\u00e1 realizada durante a Expofest, em Iju\u00ed (RS). O espa\u00e7o integrar\u00e1 a programa\u00e7\u00e3o do Milk Summit Mercosul 2026, marcado para os dias 14 e 15 de outubro. <\/span><\/em><em><span class=\"selectable-text copyable-text xkrh14z\">Ser\u00e3o selecionadas 20 empresas com solu\u00e7\u00f5es aplic\u00e1veis ao agroneg\u00f3cio, especialmente \u00e0 cadeia produtiva do leite e derivados. A exposi\u00e7\u00e3o ocorrer\u00e1 de 13 a 15 de outubro e permitir\u00e1 que os participantes apresentem suas tecnologias, produtos e modelos de neg\u00f3cio a produtores, ind\u00fastrias, cooperativas, lideran\u00e7as e outros representantes do setor. <\/span><\/em><em><span class=\"selectable-text copyable-text xkrh14z\">A participa\u00e7\u00e3o ser\u00e1 gratuita, com espa\u00e7o de 4 m\u00b2, identifica\u00e7\u00e3o da startup, duas cadeiras e tomada individual. Os demais custos ser\u00e3o de responsabilidade do expositor. A sele\u00e7\u00e3o considerar\u00e1 o grau de maturidade da startup, o n\u00edvel de inova\u00e7\u00e3o da solu\u00e7\u00e3o, o modelo de neg\u00f3cio e a conex\u00e3o com a cadeia do leite. Participantes do Programa Campo Inovador receber\u00e3o pontua\u00e7\u00e3o extra. <\/span><\/em><em><span class=\"selectable-text copyable-text xkrh14z\">As inscri\u00e7\u00f5es podem ser realizadas <a href=\"https:\/\/programas.sebraestartups.com.br\/in\/arena-l%C3%A1ctea-de-inova%C3%A7%C3%A3o-sebrae---milk-summit-mercosul-1787256591368x196757783986122980.\">clicando aqui<\/a>: Mais informa\u00e7\u00f5es podem ser obtidas com C\u00e1ssio Fridriczewski pelo WhatsApp (55) 99646-1613.<\/span><\/em><\/p>\n<div style=\"text-align: justify;\">\n<hr>\n<\/div>\n","protected":false},"excerpt":{"rendered":"<p>Porto Alegre, 26 de agosto de 2026&nbsp; &nbsp; &nbsp; &nbsp; &nbsp; &nbsp; &nbsp; &nbsp; &nbsp; &nbsp; &nbsp; &nbsp; &nbsp; &nbsp; &nbsp; &nbsp; &nbsp; &nbsp; &nbsp; &nbsp; &nbsp; &nbsp; &nbsp; &nbsp; &nbsp; &nbsp; &nbsp; &nbsp; Ano 20 - N\u00b0 5.001 Pegou, pagou, levou: l\u00e1cteos ganham geladeira de autosservi\u00e7o na Expointer A experi\u00eancia de consumo de produtos <a href=\"https:\/\/www.sindilat.com.br\/site\/2026\/08\/26\/26-08-2026\/\" class=\"more-link\">...continuar lendo<span class=\"screen-reader-text\"> \"26\/08\/2026\"<\/span><\/a><\/p>\n","protected":false},"author":2,"featured_media":0,"comment_status":"closed","ping_status":"open","sticky":false,"template":"","format":"standard","meta":{"ngg_post_thumbnail":0,"footnotes":""},"categories":[28,1],"tags":[],"class_list":["post-19802","post","type-post","status-publish","format-standard","category-newsletter","category-uncategorized","h-entry","hentry","h-as-article"],"_links":{"self":[{"href":"https:\/\/www.sindilat.com.br\/site\/wp-json\/wp\/v2\/posts\/19802","targetHints":{"allow":["GET"]}}],"collection":[{"href":"https:\/\/www.sindilat.com.br\/site\/wp-json\/wp\/v2\/posts"}],"about":[{"href":"https:\/\/www.sindilat.com.br\/site\/wp-json\/wp\/v2\/types\/post"}],"author":[{"embeddable":true,"href":"https:\/\/www.sindilat.com.br\/site\/wp-json\/wp\/v2\/users\/2"}],"replies":[{"embeddable":true,"href":"https:\/\/www.sindilat.com.br\/site\/wp-json\/wp\/v2\/comments?post=19802"}],"version-history":[{"count":3,"href":"https:\/\/www.sindilat.com.br\/site\/wp-json\/wp\/v2\/posts\/19802\/revisions"}],"predecessor-version":[{"id":19807,"href":"https:\/\/www.sindilat.com.br\/site\/wp-json\/wp\/v2\/posts\/19802\/revisions\/19807"}],"wp:attachment":[{"href":"https:\/\/www.sindilat.com.br\/site\/wp-json\/wp\/v2\/media?parent=19802"}],"wp:term":[{"taxonomy":"category","embeddable":true,"href":"https:\/\/www.sindilat.com.br\/site\/wp-json\/wp\/v2\/categories?post=19802"},{"taxonomy":"post_tag","embeddable":true,"href":"https:\/\/www.sindilat.com.br\/site\/wp-json\/wp\/v2\/tags?post=19802"}],"curies":[{"name":"wp","href":"https:\/\/api.w.org\/{rel}","templated":true}]}}