{"id":194,"date":"2015-02-09T11:21:24","date_gmt":"2015-02-09T11:21:24","guid":{"rendered":"http:\/\/www.sindilat.com.br\/site\/2015\/02\/09\/parque-assis-brasil-governo-busca-ajuda-privada\/"},"modified":"2015-02-09T11:21:24","modified_gmt":"2015-02-09T11:21:24","slug":"parque-assis-brasil-governo-busca-ajuda-privada","status":"publish","type":"post","link":"https:\/\/www.sindilat.com.br\/site\/2015\/02\/09\/parque-assis-brasil-governo-busca-ajuda-privada\/","title":{"rendered":"Parque Assis Brasil: Governo busca ajuda privada"},"content":{"rendered":"<p style=\"text-align: justify;\"><span style=\"color: #132630; font-family: verdana; font-size: 12px; line-height: 20px; text-align: justify;\"><img loading=\"lazy\" decoding=\"async\" class=\" alignright size-full wp-image-161\" src=\"http:\/\/www.sindilat.com.br\/site\/wp-content\/uploads\/2015\/01\/expointer.jpg\" alt=\"expointer\" style=\"color: #132630; font-family: verdana; font-size: 12px; line-height: 20px; text-align: justify; float: right;\" width=\"258\" height=\"193\" \/>O secret\u00e1rio da Agricultura, Ernani Polo, adiantou ontem que a inten\u00e7\u00e3o do Estado \u00e9 recuperar as estruturas do Parque de Exposi\u00e7\u00f5es Assis Brasil, danificadas por um temporal em dezembro, por meio de parceria com empresas e entidades de representa\u00e7\u00e3o agr\u00edcola. A abertura de negocia\u00e7\u00e3o, segundo ele, dever\u00e1 ocorrer t\u00e3o logo chegue o laudo t\u00e9cnico da Secretaria de Obras com as estimativas de custo. O motivo alegado foi a situa\u00e7\u00e3o financeira do Estado. \u201cComo se dar\u00e1 essa parceria ainda temos de ver. A ideia \u00e9 reunir o Conselho do parque, em conjunto com o governo e, a partir da\u00ed, encontrarmos uma alternativa boa para todos\u201d, afirmou, observando que as entidades tamb\u00e9m t\u00eam interesse no conserto dos pavilh\u00f5es. Pelas palavras de Polo, a recupera\u00e7\u00e3o dever\u00e1 contar com uma participa\u00e7\u00e3o m\u00ednima do caixa p\u00fablico. \u201cPode ser que alguma parte dos trabalhos fique por conta do Estado e ent\u00e3o ser\u00e1 necess\u00e1rio abrir processo licitat\u00f3rio\u201d, admitiu o secret\u00e1rio. \u201cSeja como for, \u00e9 certo que o parque estar\u00e1 pronto e em condi\u00e7\u00f5es at\u00e9 o in\u00edcio da pr\u00f3xima Expointer\u201d, previu, referindo-se a uma das maiores exposi\u00e7\u00f5es agropecu\u00e1rias da Am\u00e9rica Latina, marcada para o per\u00edodo de 29 de agosto a 6 de setembro. (Correio do Povo)&nbsp;<\/span><\/p>\n","protected":false},"excerpt":{"rendered":"<p>O secret\u00e1rio da Agricultura, Ernani Polo, adiantou ontem que a inten\u00e7\u00e3o do Estado \u00e9 recuperar as estruturas do Parque de Exposi\u00e7\u00f5es Assis Brasil, danificadas por um temporal em dezembro, por meio de parceria com empresas e entidades de representa\u00e7\u00e3o agr\u00edcola. A abertura de negocia\u00e7\u00e3o, segundo ele, dever\u00e1 ocorrer t\u00e3o logo chegue o laudo t\u00e9cnico da <a href=\"https:\/\/www.sindilat.com.br\/site\/2015\/02\/09\/parque-assis-brasil-governo-busca-ajuda-privada\/\" class=\"more-link\">...continuar lendo<span class=\"screen-reader-text\"> \"Parque Assis Brasil: Governo busca ajuda privada\"<\/span><\/a><\/p>\n","protected":false},"author":1,"featured_media":161,"comment_status":"open","ping_status":"open","sticky":false,"template":"","format":"standard","meta":{"ngg_post_thumbnail":0,"footnotes":""},"categories":[2],"tags":[],"class_list":{"0":"post-194","1":"post","2":"type-post","3":"status-publish","4":"format-standard","5":"has-post-thumbnail","7":"category-nocat","8":"h-entry","9":"hentry","10":"h-as-article"},"_links":{"self":[{"href":"https:\/\/www.sindilat.com.br\/site\/wp-json\/wp\/v2\/posts\/194","targetHints":{"allow":["GET"]}}],"collection":[{"href":"https:\/\/www.sindilat.com.br\/site\/wp-json\/wp\/v2\/posts"}],"about":[{"href":"https:\/\/www.sindilat.com.br\/site\/wp-json\/wp\/v2\/types\/post"}],"author":[{"embeddable":true,"href":"https:\/\/www.sindilat.com.br\/site\/wp-json\/wp\/v2\/users\/1"}],"replies":[{"embeddable":true,"href":"https:\/\/www.sindilat.com.br\/site\/wp-json\/wp\/v2\/comments?post=194"}],"version-history":[{"count":0,"href":"https:\/\/www.sindilat.com.br\/site\/wp-json\/wp\/v2\/posts\/194\/revisions"}],"wp:featuredmedia":[{"embeddable":true,"href":"https:\/\/www.sindilat.com.br\/site\/wp-json\/wp\/v2\/media\/161"}],"wp:attachment":[{"href":"https:\/\/www.sindilat.com.br\/site\/wp-json\/wp\/v2\/media?parent=194"}],"wp:term":[{"taxonomy":"category","embeddable":true,"href":"https:\/\/www.sindilat.com.br\/site\/wp-json\/wp\/v2\/categories?post=194"},{"taxonomy":"post_tag","embeddable":true,"href":"https:\/\/www.sindilat.com.br\/site\/wp-json\/wp\/v2\/tags?post=194"}],"curies":[{"name":"wp","href":"https:\/\/api.w.org\/{rel}","templated":true}]}}