{"id":192,"date":"2015-02-06T11:17:00","date_gmt":"2015-02-06T11:17:00","guid":{"rendered":"http:\/\/www.sindilat.com.br\/site\/2015\/02\/06\/chuvas-regulares-ate-marco-ajudam-agricultura-do-pais-mas-nao-aliviam-reservatorios\/"},"modified":"2015-02-06T11:17:00","modified_gmt":"2015-02-06T11:17:00","slug":"chuvas-regulares-ate-marco-ajudam-agricultura-do-pais-mas-nao-aliviam-reservatorios","status":"publish","type":"post","link":"https:\/\/www.sindilat.com.br\/site\/2015\/02\/06\/chuvas-regulares-ate-marco-ajudam-agricultura-do-pais-mas-nao-aliviam-reservatorios\/","title":{"rendered":"Chuvas regulares at\u00e9 mar\u00e7o ajudam agricultura do pa\u00eds, mas n\u00e3o aliviam reservat\u00f3rios"},"content":{"rendered":"<p style=\"text-align: justify;\"><span style=\"color: #132630; font-family: verdana; font-size: 12px; line-height: 20px; text-align: justify;\"><img loading=\"lazy\" decoding=\"async\" class=\" alignright size-full wp-image-96\" src=\"http:\/\/www.sindilat.com.br\/site\/wp-content\/uploads\/2015\/01\/Agua1.jpg\" alt=\"Agua1\" style=\"float: right;\" width=\"350\" height=\"369\" \/>O bloqueio atmosf\u00e9rico que impedia a forma\u00e7\u00e3o de chuvas mais frequentes e prolongadas durante o ver\u00e3o no Sudeste, Centro\u00acOeste e Nordeste do Brasil j\u00e1 n\u00e3o existe mais, e essas regi\u00f5es com lavouras e reservat\u00f3rios assolados pela seca ao longo de 2014 e em janeiro dever\u00e3o ser beneficiadas por precipita\u00e7\u00f5es normais em fevereiro e mar\u00e7o. Na avalia\u00e7\u00e3o do meteorologista Marco Ant\u00f4nio dos Santos, da Somar, essas chuvas v\u00e3o beneficiar a agricultura, estancando, mas n\u00e3o revertendo, perdas nas safras atingidas pelas altas temperaturas e baixa umidade. No entanto, no caso dos reservat\u00f3rios, as precipita\u00e7\u00f5es apenas ser\u00e3o suficientes para elevar um pouco o n\u00edvel, sem afastar riscos de racionamento, de \u00e1gua ou energia hidrel\u00e9trica. \"Daqui por diante (sem os bloqueios de massas de ar quente), as frentes frias v\u00e3o conseguir avan\u00e7ar com mais facilidade provocando chuvas mais regulares\", afirmou Santos, nesta quintafeira. Segundo ele, as \u00e1reas de caf\u00e9, cana\u00acde\u00aca\u00e7\u00facar e gr\u00e3os, importantes culturas de um dos maiores produtores globais de alimentos, ser\u00e3o beneficiadas por chuvas \"bem regulares\" no m\u00eas de fevereiro. \"E assim vai, e provavelmente o m\u00eas de mar\u00e7o tamb\u00e9m ser\u00e1 assim, com chuvas dentro da m\u00e9dia... No m\u00ednimo, chuvas dentro da m\u00e9dia, algumas localidades podem ter mais.\" Para o agrometeorologista, o c\u00e9u somente est\u00e1 aberto atualmente no Rio Grande do Sul, Santa Catarina, Paran\u00e1 e extremo sul de Mato Grosso do Sul, que em geral receberam mais chuvas no per\u00edodo seco das regi\u00f5es Sudeste, central e Nordeste do pa\u00eds. \"Essas regi\u00f5es ao sul podem ter um per\u00edodo um pouquinho mais seco agora, mas n\u00e3o teremos aus\u00eancia de chuvas...\", disse ele, explicando que antes toda umidade da Amaz\u00f4nia estava direcionada para o Sul, e, agora, com o fim do bloqueio atmosf\u00e9rico, essa umidade passou para a regi\u00e3o central, como normalmente acontece no ver\u00e3o. Produtores de soja, milho, cana e caf\u00e9 j\u00e1 relataram perdas nas \u00e1reas mais afetadas pelo tempo seco do final do ano passado e in\u00edcio de janeiro. E as chuvas agora poder\u00e3o recuperar somente algumas poucas lavouras. \"As perdas contabilizadas at\u00e9 agora j\u00e1 n\u00e3o voltam mais, se teve perda na soja, no milho, na cana, elas n\u00e3o se recuperam mais... Tivemos quase 2014 inteiro e agora janeiro com chuvas abaixo da m\u00e9dia\", observou Santos. RESERVAT\u00d3RIOS Com o retorno da regularidade de chuvas t\u00edpicas de ver\u00e3o, a tend\u00eancia \u00e9 que o n\u00edvel dos reservat\u00f3rios de \u00e1gua tenha somente uma ligeira recupera\u00e7\u00e3o ou que n\u00e3o caia mais. Segundo ele, os volumes previstos n\u00e3o ser\u00e3o suficientes para elevar os mananciais ao ponto de o pa\u00eds chegar no per\u00edodo de tempo mais seco, a partir de abril, com alguma folga. \"Para melhorar o sistema, precisaria chover pelo menos 20 dias direto, uma chuva como a que temos visto hoje, precisaria ocorrer direto\", disse ele. Como isso n\u00e3o deve ocorrer, \"o m\u00e1ximo que pode acontecer s\u00e3o pequenas eleva\u00e7\u00f5es do n\u00edvel (dos reservat\u00f3rios). O sistema Cantareira (que abastece a regi\u00e3o metropolitana de S\u00e3o Paulo e outras cidades do interior) pode sair do seus 5 por cento, e ir para... vamos supor 10. Ainda \u00e9 uma situa\u00e7\u00e3o extremamente de risco.\" (Reuters)&nbsp;<\/span><\/p>\n","protected":false},"excerpt":{"rendered":"<p>O bloqueio atmosf\u00e9rico que impedia a forma\u00e7\u00e3o de chuvas mais frequentes e prolongadas durante o ver\u00e3o no Sudeste, Centro\u00acOeste e Nordeste do Brasil j\u00e1 n\u00e3o existe mais, e essas regi\u00f5es com lavouras e reservat\u00f3rios assolados pela seca ao longo de 2014 e em janeiro dever\u00e3o ser beneficiadas por precipita\u00e7\u00f5es normais em fevereiro e mar\u00e7o. Na <a href=\"https:\/\/www.sindilat.com.br\/site\/2015\/02\/06\/chuvas-regulares-ate-marco-ajudam-agricultura-do-pais-mas-nao-aliviam-reservatorios\/\" class=\"more-link\">...continuar lendo<span class=\"screen-reader-text\"> \"Chuvas regulares at\u00e9 mar\u00e7o ajudam agricultura do pa\u00eds, mas n\u00e3o aliviam reservat\u00f3rios\"<\/span><\/a><\/p>\n","protected":false},"author":1,"featured_media":96,"comment_status":"open","ping_status":"open","sticky":false,"template":"","format":"standard","meta":{"ngg_post_thumbnail":0,"footnotes":""},"categories":[2],"tags":[],"class_list":{"0":"post-192","1":"post","2":"type-post","3":"status-publish","4":"format-standard","5":"has-post-thumbnail","7":"category-nocat","8":"h-entry","9":"hentry","10":"h-as-article"},"_links":{"self":[{"href":"https:\/\/www.sindilat.com.br\/site\/wp-json\/wp\/v2\/posts\/192","targetHints":{"allow":["GET"]}}],"collection":[{"href":"https:\/\/www.sindilat.com.br\/site\/wp-json\/wp\/v2\/posts"}],"about":[{"href":"https:\/\/www.sindilat.com.br\/site\/wp-json\/wp\/v2\/types\/post"}],"author":[{"embeddable":true,"href":"https:\/\/www.sindilat.com.br\/site\/wp-json\/wp\/v2\/users\/1"}],"replies":[{"embeddable":true,"href":"https:\/\/www.sindilat.com.br\/site\/wp-json\/wp\/v2\/comments?post=192"}],"version-history":[{"count":0,"href":"https:\/\/www.sindilat.com.br\/site\/wp-json\/wp\/v2\/posts\/192\/revisions"}],"wp:featuredmedia":[{"embeddable":true,"href":"https:\/\/www.sindilat.com.br\/site\/wp-json\/wp\/v2\/media\/96"}],"wp:attachment":[{"href":"https:\/\/www.sindilat.com.br\/site\/wp-json\/wp\/v2\/media?parent=192"}],"wp:term":[{"taxonomy":"category","embeddable":true,"href":"https:\/\/www.sindilat.com.br\/site\/wp-json\/wp\/v2\/categories?post=192"},{"taxonomy":"post_tag","embeddable":true,"href":"https:\/\/www.sindilat.com.br\/site\/wp-json\/wp\/v2\/tags?post=192"}],"curies":[{"name":"wp","href":"https:\/\/api.w.org\/{rel}","templated":true}]}}