{"id":19179,"date":"2026-04-30T18:20:43","date_gmt":"2026-04-30T18:20:43","guid":{"rendered":"https:\/\/www.sindilat.com.br\/site\/?p=19179"},"modified":"2026-04-30T18:22:35","modified_gmt":"2026-04-30T18:22:35","slug":"30-04-2026","status":"publish","type":"post","link":"https:\/\/www.sindilat.com.br\/site\/2026\/04\/30\/30-04-2026\/","title":{"rendered":"30\/04\/2026"},"content":{"rendered":"<p><img decoding=\"async\" src=\"https:\/\/dl.dnzdns.com\/v\/9wC509ABF0420\" alt=\"\" data-cke-saved-src=\"https:\/\/dl.dnzdns.com\/v\/9wC509ABF0420\"><\/p>\n<div id=\"icpbravoaccess_loaded\">\n<div id=\"icpbravoaccess_loaded\">\n<div id=\"icpbravoaccess_loaded\">\n<p style=\"text-align: justify;\">Porto Alegre, 30 de abril de 2026&nbsp; &nbsp; &nbsp; &nbsp; &nbsp; &nbsp; &nbsp; &nbsp; &nbsp; &nbsp; &nbsp; &nbsp; &nbsp; &nbsp; &nbsp; &nbsp; &nbsp; &nbsp; &nbsp; &nbsp; &nbsp; &nbsp; &nbsp; &nbsp; &nbsp; &nbsp; &nbsp; &nbsp; &nbsp; &nbsp; Ano 20 - N\u00b0 4.621<\/p>\n<\/div>\n<\/div>\n<\/div>\n<hr>\n<p style=\"text-align: justify;\"><b>Assinado o decreto de promulga\u00e7\u00e3o do acordo entre Mercosul e Uni\u00e3o Europeia<\/b><\/p>\n<p style=\"text-align: justify;\">O presidente Luiz In\u00e1cio Lula da Silva assinou decreto de promulga\u00e7\u00e3o do acordo comercial entre Mercosul e Uni\u00e3o Europeia (UE), que entra em vigor provisoriamente nesta sexta-feira, 1 de maio de 2026. O pacto entre os blocos avan\u00e7ou ap\u00f3s mais de 25 anos de negocia\u00e7\u00f5es.<\/p>\n<p style=\"text-align: justify;\">Durante a cerim\u00f4nia, Lula defendeu rela\u00e7\u00f5es multilaterais entre as na\u00e7\u00f5es: \u201cSe o Brasil aprender a se respeitar, vamos negociar igualdade de condi\u00e7\u00f5es com qualquer pa\u00eds\u201d, disse. Segundo ele, o pa\u00eds adotar\u00e1 a mesma postura em futuros acordos, como fez nas tratativas com a Uni\u00e3o Europeia.<\/p>\n<p style=\"text-align: justify;\">Em rela\u00e7\u00e3o ao cen\u00e1rio global recente, marcado pelo aumento de tarifas promovido pelo presidente dos Estados Unidos, Donald Trump, Lula afirmou que Brasil e Uni\u00e3o Europeia deram uma resposta ao mundo de que \u201cn\u00e3o existe nada melhor\u201d do que acreditar na democracia, no multilateralismo e nas rela\u00e7\u00f5es cordiais entre as na\u00e7\u00f5es. \u201cN\u00e3o existe sa\u00edda individual para nenhum pa\u00eds nesse mundo de com\u00e9rcio\u201d, refor\u00e7ou.<\/p>\n<p style=\"text-align: justify;\">Outros acordos comerciais<\/p>\n<p style=\"text-align: justify;\">O presidente tamb\u00e9m encaminhou duas mensagens ao Congresso Nacional referentes aos acordos de Mercosul com Singapura e Associa\u00e7\u00e3o Europeia de Livre Com\u00e9rcio, a EFTA. Lula afirmou que o Brasil trabalha para concluir o tratado comercial com o Canad\u00e1.<\/p>\n<p style=\"text-align: justify;\">Como mostrou o Valor em mar\u00e7o, o acordo entre Mercosul e Canad\u00e1 ainda tem temas sens\u00edveis a serem alinhados, como o acesso a carne, l\u00e1cteos, frango e ovos, al\u00e9m de diverg\u00eancias sobre regras de indica\u00e7\u00e3o geogr\u00e1fica. Ainda assim, essas quest\u00f5es n\u00e3o devem impedir a conclus\u00e3o do tratado, prevista para este ano.<\/p>\n<p style=\"text-align: justify;\">Incorpora\u00e7\u00e3o da Col\u00f4mbia ao Mercosul<\/p>\n<p style=\"text-align: justify;\">Lula declarou ainda que o Brasil articula a incorpora\u00e7\u00e3o da Col\u00f4mbia ao Mercosul \u2014 atualmente formado por Brasil, Argentina, Paraguai e Uruguai, com a Bol\u00edvia em processo de ades\u00e3o \u2014 e sinalizou que outros pa\u00edses tamb\u00e9m podem vir a integrar o bloco.<\/p>\n<p style=\"text-align: justify;\">O presidente tamb\u00e9m mencionou o que classificou como \u201cproblema\u201d relacionado ao excesso de produ\u00e7\u00e3o e \u00e0 importa\u00e7\u00e3o de leite do Uruguai e da Argentina. Ele defendeu a necessidade de equil\u00edbrio \u201cpara que todos se sintam confort\u00e1veis\u201d.<\/p>\n<p style=\"text-align: justify;\">A importa\u00e7\u00e3o de leite e derivados pelo Brasil tem gerado press\u00e3o sobre o mercado nacional em 2026. Isso fez com que, em mar\u00e7o, a Frente Parlamentar da Agropecu\u00e1ria (FPA) protocolasse proposta na C\u00e2mara dos Deputados para investigar os impactos dessas compras externas sobre a renda de produtores nacionais. Grande parte desses produtos est\u00e3o vindo da Argentina e Uruguai.<\/p>\n<p style=\"text-align: justify;\">Acordo Mercosul-UE<\/p>\n<p style=\"text-align: justify;\">O acordo comercial re\u00fane pa\u00edses que somam cerca de 718 milh\u00f5es de pessoas e um Produto Interno Bruto (PIB) combinado de aproximadamente US$ 22,4 trilh\u00f5es, al\u00e9m de estabelecer uma zona de livre com\u00e9rcio entre o Mercosul (composto por Brasil, Argentina, Paraguai e Uruguai) e os 27 pa\u00edses da Uni\u00e3o Europeia. Atualmente, a UE \u00e9 o segundo principal parceiro comercial do Brasil.<\/p>\n<p style=\"text-align: justify;\">O tratado deve eliminar de forma progressiva tarifas em cerca de 91% dos produtos importados pelo Mercosul e 95% pela Uni\u00e3o Europeia. A redu\u00e7\u00e3o ocorrer\u00e1 de forma gradual, com prazos que variam entre quatro e quinze anos. O texto tamb\u00e9m prev\u00ea uma s\u00e9rie de regras para salvaguardas comerciais, especialmente em setores considerados sens\u00edveis.<\/p>\n<p style=\"text-align: justify;\">A nova etapa do acordo ocorre ap\u00f3s o Brasil notificar oficialmente a Comiss\u00e3o Europeia, em 18 de mar\u00e7o, sobre a conclus\u00e3o dos procedimentos internos de ratifica\u00e7\u00e3o. A Uni\u00e3o Europeia, por sua vez, notificou o Brasil em 24 de mar\u00e7o. Com isso, foram cumpridos os requisitos para a entrada em vigor provis\u00f3ria do acordo a partir de 1\u00ba de maio.<\/p>\n<p style=\"text-align: justify;\">Apesar de j\u00e1 ter sido aprovado nos parlamentos do Mercosul e da Uni\u00e3o Europeia, o acordo ainda passa por avalia\u00e7\u00e3o jur\u00eddica no bloco europeu. Em janeiro, o Parlamento Europeu decidiu submeter o texto a uma revis\u00e3o pelo Tribunal de Justi\u00e7a da Uni\u00e3o Europeia (TJUE), o que pode atrasar a entrada em vigor plena do tratado. A emiss\u00e3o de um parecer desse tipo costuma levar em m\u00e9dia entre 18 e 24 meses.<\/p>\n<p style=\"text-align: justify;\">No dia 23 de abril, Lula classificou como \u201ccoisa de gente ciumenta\u201d a decis\u00e3o dos eurodeputados de acionar o TJUE para questionar o pacto comercial. Segundo ele, a a\u00e7\u00e3o n\u00e3o seria um entrave para os avan\u00e7os das negocia\u00e7\u00f5es entre Mercosul e UE. Ele ainda reiterou que o Brasil n\u00e3o pretende \u201cdestruir\u201d os produtos europeus, mas construir uma pol\u00edtica de complementaridade entre os blocos.<\/p>\n<p style=\"text-align: justify;\">As informa\u00e7\u00f5es s\u00e3o do Valor Econ\u00f4mico, adaptadas pela equipe MilkPoint.<\/p>\n<div style=\"text-align: justify;\">\n<hr>\n<\/div>\n<div style=\"text-align: justify;\">\n<p><b>Banco Central reduz taxa Selic para 14,5% ao ano<\/b><\/p>\n<p>Resultado j\u00e1 era projetado por analistas de mercado, que apontavam a segunda diminui\u00e7\u00e3o seguida de juros<\/p>\n<p>O Comit\u00ea de Pol\u00edtica Monet\u00e1ria (Copom) do Banco Central (BC) decidiu, nesta quarta-feira (29), reduzir a taxa b\u00e1sica de juro em 0,25 ponto percentual. Assim, a Selic fica em 14,5% ao ano.&nbsp;<\/p>\n<p>A leve redu\u00e7\u00e3o j\u00e1 era projetada por analistas de mercado, que apontavam a segunda diminui\u00e7\u00e3o seguida de juros. Em mar\u00e7o, o Copom reduziu o juro tamb\u00e9m em 0,25 ponto percentual, ap\u00f3s uma sequ\u00eancia de reuni\u00f5es que optaram pela manuten\u00e7\u00e3o da taxa Selic em 15% ao ano.<\/p>\n<p>Segundo comunicado do Copom, a diminui\u00e7\u00e3o contida \u00e9 reflexo do ambiente externo que \"permanece incerto, em fun\u00e7\u00e3o da indefini\u00e7\u00e3o a respeito da dura\u00e7\u00e3o, extens\u00e3o, e desdobramentos dos conflitos geopol\u00edticos no Oriente M\u00e9dio\".&nbsp;<\/p>\n<p>O cen\u00e1rio global, conforme o Comit\u00ea, \"exige cautela por parte de pa\u00edses emergentes em ambiente marcado por eleva\u00e7\u00e3o da volatilidade de pre\u00e7os de ativos e commodities\".<\/p>\n<p>Ao comunicar a queda da taxa b\u00e1sica de juro, o colegiado disse que a \"decis\u00e3o \u00e9 compat\u00edvel com a estrat\u00e9gia de converg\u00eancia da infla\u00e7\u00e3o para o redor da meta ao longo do horizonte relevante\". Tamb\u00e9m afirmou que a decis\u00e3o n\u00e3o gera preju\u00edzo na estabilidade de pre\u00e7os.<\/p>\n<p><img decoding=\"async\" src=\"https:\/\/dl.dnzdns.com\/v\/mNvufcABF0156\" alt=\"\" data-cke-saved-src=\"https:\/\/dl.dnzdns.com\/v\/mNvufcABF0156\"><\/p>\n<p>O que \u00e9 taxa Selic?<br \/>\nA Selic \u00e9 utilizada para balizar o mercado de cr\u00e9dito geral. Ela serve de par\u00e2metro para todas as outras taxas de juros das mais diversas opera\u00e7\u00f5es, sejam elas de aplica\u00e7\u00f5es e investimentos ou de financiamento imobili\u00e1rio, por exemplo.<\/p>\n<p>Junto \u00e0 infla\u00e7\u00e3o oficial medida pelo IPCA, a taxa Selic serve para aquecer e garantir a estabilidade da atividade econ\u00f4mica brasileira. Em patamares baixos, possibilita maior tomada de cr\u00e9dito e financiamentos.<\/p>\n<p>Em patamares elevados, ajuda a conter o avan\u00e7o da varia\u00e7\u00e3o de pre\u00e7os, j\u00e1 que limita o consumo e, consequentemente, freia a infla\u00e7\u00e3o. (Zero Hora)<\/p>\n<p><b>Sistema FIERGS alerta para riscos do fim da escala 6x1 sobre emprego e economia<\/b><\/p>\n<p>Retra\u00e7\u00e3o no emprego, aumento da informalidade e queda no Produto Interno Bruto (PIB) est\u00e3o entre os poss\u00edveis impactos da redu\u00e7\u00e3o jornada de trabalho e extin\u00e7\u00e3o da escala 6x1, conforme alertou o Sistema FIERGS durante reuni\u00e3o-almo\u00e7o na sede da entidade, em Porto Alegre, nesta segunda-feira (27). A mat\u00e9ria est\u00e1 em tramita\u00e7\u00e3o no Congresso Nacional por meio de propostas de emenda \u00e0 Constitui\u00e7\u00e3o (PECs). Recentemente, o governo federal tamb\u00e9m encaminhou um projeto de lei (PL) sobre o tema. O deputado federal Lucas Redecker foi convidado para esclarecer pontos da tramita\u00e7\u00e3o e conhecer os pontos de vista da ind\u00fastria ga\u00facha.<\/p>\n<p>O presidente do Sistema FIERGS, Claudio Bier, afirmou que a pauta exige responsabilidade e equil\u00edbrio. \u201cTrata-se de uma mudan\u00e7a estrutural. Assim, n\u00e3o pode avan\u00e7ar sem um debate amplo e respons\u00e1vel com a sociedade, especialmente em um ano eleitoral. Os impactos s\u00e3o relevantes\u201d, destacou. Segundo estimativas, a redu\u00e7\u00e3o de jornada para 40 horas semanais pode elevar em at\u00e9 R$ 267 bilh\u00f5es por ano os custos com trabalhadores formais. Na ind\u00fastria, esse aumento pode chegar a R$ 88 bilh\u00f5es. \u201cH\u00e1, ainda, proje\u00e7\u00f5es de queda no PIB. A FIERGS acompanha de perto a realidade do ch\u00e3o de f\u00e1brica das micro e pequenas empresas. No cotidiano, junto aos trabalhadores, o sentimento n\u00e3o \u00e9 de reivindica\u00e7\u00f5es por mudan\u00e7as repentinas, mas de preocupa\u00e7\u00e3o com a preserva\u00e7\u00e3o de empregos e gera\u00e7\u00e3o de renda\u201d, acrescentou.&nbsp;<\/p>\n<p>O deputado Lucas Redecker explicou a tramita\u00e7\u00e3o das PECs no Congresso, enfatizando que a comiss\u00e3o especial da C\u00e2mara dos Deputados ser\u00e1 o espa\u00e7o para discutir ajustes e poss\u00edveis compensa\u00e7\u00f5es ao setor produtivo. Ele tamb\u00e9m refor\u00e7ou que a popula\u00e7\u00e3o em geral precisa estar informada de todos os riscos que a medida pode trazer. \u201cOs preju\u00edzos ao gerador de empregos ir\u00e3o impactar o consumidor e o empregado. Isso pode aumentar a informalidade no pa\u00eds. Por isso, n\u00e3o se trata de ser favor\u00e1vel ou contr\u00e1rio, mas de buscar meios de compensa\u00e7\u00e3o. Como vamos trabalhar na redu\u00e7\u00e3o dos impactos?\u201d, questionou.&nbsp;&nbsp;<\/p>\n<p>Entre as poss\u00edveis medidas compensat\u00f3rias, que devem ser constru\u00eddas juntamente com o setor produtivo, est\u00e3o uma transi\u00e7\u00e3o adequada para a nova jornada e a desonera\u00e7\u00e3o da folha de pagamento para os segmentos. Durante o encontro, tamb\u00e9m foi citada a PEC do Jovem Aprendiz, formulada com contribui\u00e7\u00f5es t\u00e9cnicas do Sistema FIERGS, que permite que jovens menores de 18 anos atuem em atividades enquadradas pela legisla\u00e7\u00e3o como insalubres ou perigosas, sob condi\u00e7\u00f5es de emancipa\u00e7\u00e3o ou forma\u00e7\u00e3o t\u00e9cnica. \u201c\u00c9 uma forma de tentar diminuir os danos. Aumenta a m\u00e3o de obra de jovens formados pelo Senai, por exemplo, e que, muitas vezes, ficam num limbo de dois anos\u201d, disse o coordenador do Conselho das Rela\u00e7\u00f5es do Trabalho (Contrab) do Sistema FIERGS, Guilherme Scozziero. Ele tamb\u00e9m enfatizou que \u00e9 preciso separar escala e jornada de trabalho. \u201cAs escalas devem ser tratadas nas negocia\u00e7\u00f5es. A jornada m\u00e1xima \u00e9 que ser\u00e1 estipulada pela Constitui\u00e7\u00e3o\u201d, ponderou.<\/p>\n<p>Coordenador do Conselho de Articula\u00e7\u00e3o Pol\u00edtica (Coap) do Sistema FIERGS, Diogo Paz Bier destacou a mobiliza\u00e7\u00e3o da federa\u00e7\u00e3o junto a Confedera\u00e7\u00e3o Nacional da Ind\u00fastria (CNI) e afirmou que o Brasil pode estar perdendo competitividade. \u201cPor um lado, temos o acordo entre Mercosul e Uni\u00e3o Europeia, que amplia nossas oportunidades de mercado. Mas, por outro, estamos perdendo a oportunidade de sermos competitivos com essa pauta da redu\u00e7\u00e3o de jornada, ao aumentar o custo de quem produz no pa\u00eds\u201d, refletiu. (Fiergs)<\/p>\n<\/div>\n<div style=\"text-align: justify;\">\n<hr>\n<\/div>\n<p style=\"text-align: center;\"><i><b>Jogo R\u00e1pido<\/b><\/i><\/p>\n<p style=\"text-align: center;\"><i><b>Fenasoja ter\u00e1 f\u00f3runs sobre suinocultura, brucelose e tuberculose<\/b><br \/>\nA Fenasoja, que ocorre de 1\u00ba a 10 de maio em Santa Rosa, ter\u00e1 um dia dedicado \u00e0 sanidade animal, com a realiza\u00e7\u00e3o de dois f\u00f3runs na quarta-feira (6\/5): o 2\u00ba F\u00f3rum Estadual de Sanidade Su\u00edna, \u00e0s 10h, e o 1\u00ba F\u00f3rum Estadual de Brucelose e Tuberculose Bovina, \u00e0s 14h. Os encontros s\u00e3o organizados pelo Departamento de Vigil\u00e2ncia e Defesa Sanit\u00e1ria Animal da Secretaria da Agricultura, Pecu\u00e1ria, Produ\u00e7\u00e3o Sustent\u00e1vel e Irriga\u00e7\u00e3o (DDA\/Seapi) e pelo Fundo de Desenvolvimento e Defesa Sanit\u00e1ria Animal (Fundesa). O 1\u00ba F\u00f3rum Estadual de Brucelose e Tuberculose Bovina vai discutir a import\u00e2ncia da preven\u00e7\u00e3o e do controle dessas enfermidades. A programa\u00e7\u00e3o contar\u00e1 com palestras com experi\u00eancia nas suas \u00e1reas, com a vis\u00e3o da Ind\u00fastria de Latic\u00ednios, do produtor rural, do Fundo de Apoio \u2013 Fundesa, e do Servi\u00e7o Veterin\u00e1rio Oficial Estadual. \u201cSanta Rosa est\u00e1 inserida numa das principais regi\u00f5es produtoras de leite do estado. Sediar o F\u00f3rum na Fenasoja tem como finalidade mobilizar e sensibilizar a cadeia de produ\u00e7\u00e3o em rela\u00e7\u00e3o ao tema\u201d, explica a fiscal estadual agropecu\u00e1ria Ana Cl\u00e1udia Groff, do Programa de Controle e Erradica\u00e7\u00e3o da Brucelose e Tuberculose Animal da Seapi. Os dois f\u00f3runs ocorrer\u00e3o no Palco Semear, na Exporural. (SEAPI adaptado pelo Sindilat\/RS)<\/i><\/p>\n<div style=\"text-align: justify;\">\n<hr>\n<\/div>\n","protected":false},"excerpt":{"rendered":"<p>Porto Alegre, 30 de abril de 2026&nbsp; &nbsp; &nbsp; &nbsp; &nbsp; &nbsp; &nbsp; &nbsp; &nbsp; &nbsp; &nbsp; &nbsp; &nbsp; &nbsp; &nbsp; &nbsp; &nbsp; &nbsp; &nbsp; &nbsp; &nbsp; &nbsp; &nbsp; &nbsp; &nbsp; &nbsp; &nbsp; &nbsp; &nbsp; &nbsp; Ano 20 - N\u00b0 4.621 Assinado o decreto de promulga\u00e7\u00e3o do acordo entre Mercosul e Uni\u00e3o Europeia O presidente <a href=\"https:\/\/www.sindilat.com.br\/site\/2026\/04\/30\/30-04-2026\/\" class=\"more-link\">...continuar lendo<span class=\"screen-reader-text\"> \"30\/04\/2026\"<\/span><\/a><\/p>\n","protected":false},"author":2,"featured_media":0,"comment_status":"closed","ping_status":"open","sticky":false,"template":"","format":"standard","meta":{"ngg_post_thumbnail":0,"footnotes":""},"categories":[28],"tags":[],"class_list":{"0":"post-19179","1":"post","2":"type-post","3":"status-publish","4":"format-standard","6":"category-newsletter","7":"h-entry","8":"hentry","9":"h-as-article"},"_links":{"self":[{"href":"https:\/\/www.sindilat.com.br\/site\/wp-json\/wp\/v2\/posts\/19179","targetHints":{"allow":["GET"]}}],"collection":[{"href":"https:\/\/www.sindilat.com.br\/site\/wp-json\/wp\/v2\/posts"}],"about":[{"href":"https:\/\/www.sindilat.com.br\/site\/wp-json\/wp\/v2\/types\/post"}],"author":[{"embeddable":true,"href":"https:\/\/www.sindilat.com.br\/site\/wp-json\/wp\/v2\/users\/2"}],"replies":[{"embeddable":true,"href":"https:\/\/www.sindilat.com.br\/site\/wp-json\/wp\/v2\/comments?post=19179"}],"version-history":[{"count":5,"href":"https:\/\/www.sindilat.com.br\/site\/wp-json\/wp\/v2\/posts\/19179\/revisions"}],"predecessor-version":[{"id":19184,"href":"https:\/\/www.sindilat.com.br\/site\/wp-json\/wp\/v2\/posts\/19179\/revisions\/19184"}],"wp:attachment":[{"href":"https:\/\/www.sindilat.com.br\/site\/wp-json\/wp\/v2\/media?parent=19179"}],"wp:term":[{"taxonomy":"category","embeddable":true,"href":"https:\/\/www.sindilat.com.br\/site\/wp-json\/wp\/v2\/categories?post=19179"},{"taxonomy":"post_tag","embeddable":true,"href":"https:\/\/www.sindilat.com.br\/site\/wp-json\/wp\/v2\/tags?post=19179"}],"curies":[{"name":"wp","href":"https:\/\/api.w.org\/{rel}","templated":true}]}}