{"id":19156,"date":"2026-04-27T19:17:36","date_gmt":"2026-04-27T19:17:36","guid":{"rendered":"https:\/\/www.sindilat.com.br\/site\/?p=19156"},"modified":"2026-04-27T19:20:01","modified_gmt":"2026-04-27T19:20:01","slug":"27-04-2026","status":"publish","type":"post","link":"https:\/\/www.sindilat.com.br\/site\/2026\/04\/27\/27-04-2026\/","title":{"rendered":"27\/04\/2026"},"content":{"rendered":"<p><img decoding=\"async\" src=\"https:\/\/dl.dnzdns.com\/v\/9wC509ABF0420\" alt=\"\" data-cke-saved-src=\"https:\/\/dl.dnzdns.com\/v\/9wC509ABF0420\"><\/p>\n<div id=\"icpbravoaccess_loaded\">\n<div id=\"icpbravoaccess_loaded\">\n<div id=\"icpbravoaccess_loaded\">\n<p style=\"text-align: justify;\">Porto Alegre, 27 de abril de 2026&nbsp; &nbsp; &nbsp; &nbsp; &nbsp; &nbsp; &nbsp; &nbsp; &nbsp; &nbsp; &nbsp; &nbsp; &nbsp; &nbsp; &nbsp; &nbsp; &nbsp; &nbsp; &nbsp; &nbsp; &nbsp; &nbsp; &nbsp; &nbsp; &nbsp; &nbsp; &nbsp; &nbsp; &nbsp; &nbsp; Ano 20 - N\u00b0 4.618<\/p>\n<\/div>\n<\/div>\n<\/div>\n<hr>\n<p style=\"text-align: justify;\"><b>RAR Agro &amp; Ind\u00fastria lan\u00e7a app para leitura de r\u00f3tulos e inova em acessibilidade e inclus\u00e3o<\/b><\/p>\n<p style=\"text-align: justify;\">A solu\u00e7\u00e3o tecnol\u00f3gica foi desenvolvida para facilitar o acesso \u00e0 informa\u00e7\u00e3o por pessoas com dificuldades de leitura, promovendo mais autonomia para idosos, pessoas com dislexia, n\u00e3o alfabetizadas ou com defici\u00eancia visual.<\/p>\n<p style=\"text-align: justify;\">A RAR Agro &amp; Ind\u00fastria integrou, em parte de seus produtos, uma nova solu\u00e7\u00e3o tecnol\u00f3gica em formato de aplicativo visando a inclus\u00e3o e responsabilidade social de pessoas com dificuldades de leitura. A iniciativa promove mais autonomia para idosos, pessoas com dislexia, n\u00e3o alfabetizadas ou com defici\u00eancia visual.<\/p>\n<p style=\"text-align: justify;\">\u201cAcreditamos que a inova\u00e7\u00e3o deve caminhar junto com a inclus\u00e3o. Ao integrar nossos produtos ao aplicativo, refor\u00e7amos o compromisso de tornar a experi\u00eancia de consumo mais acess\u00edvel e democr\u00e1tica, garantindo que mais pessoas possam acessar informa\u00e7\u00f5es de forma aut\u00f4noma e segura\u201d, destaca Angelo Sartor, CEO da RAR Agro &amp; Ind\u00fastria.<\/p>\n<p style=\"text-align: justify;\">Por meio da c\u00e2mera do celular, o aplicativo \u00e9 capaz de descrever informa\u00e7\u00f5es presentes em r\u00f3tulos, al\u00e9m de identificar lugares, pessoas e objetos. A navega\u00e7\u00e3o \u00e9 organizada em uma interface segmentada, permitindo que o usu\u00e1rio selecione exatamente o tipo de informa\u00e7\u00e3o que deseja consultar.<\/p>\n<p style=\"text-align: justify;\">Neste primeiro momento, tr\u00eas produtos da marca passam a contar com a funcionalidade: Gran Formaggio Rar fracionado 200g, Gran Formaggio Rar fracionado 300g e Gran Formaggio Rar lascas 150g, ampliando o acesso \u00e0 informa\u00e7\u00e3o e tornando a experi\u00eancia de consumo mais inclusiva para diferentes perfis de p\u00fablico.<\/p>\n<p style=\"text-align: justify;\">As informa\u00e7\u00f5es s\u00e3o da RAR Agro &amp; Ind\u00fastria, adaptadas pela equipe MilkPoint.<\/p>\n<div style=\"text-align: justify;\">\n<hr>\n<\/div>\n<div style=\"text-align: justify;\">\n<p><b>Conseleite\/MG divulga proje\u00e7\u00e3o do valor de refer\u00eancia do leite a ser pago em maio\/26<\/b><\/p>\n<p>O Conseleite\/MG divulga a proje\u00e7\u00e3o do valor de refer\u00eancia do leite entregue em abril a ser pago em maio. Confira!<\/p>\n<p>A diretoria do Conseleite Minas Gerais reunida no dia 24 de Abril de 2026, atendendo os dispositivos disciplinados no artigo 15 do seu Estatuto, inciso I e de acordo com metodologia definida pelo Conseleite Minas Gerais que considera os pre\u00e7os m\u00e9dios e o mix de comercializa\u00e7\u00e3o dos derivados l\u00e1cteos praticados pelas empresas participantes, aprova e divulga:<\/p>\n<p>a) A proje\u00e7\u00e3o para o maior valor de refer\u00eancia; o valor m\u00e9dio de refer\u00eancia; o valor base de refer\u00eancia e o menor valor de refer\u00eancia para o produto entregue em Fevereiro\/2026 a ser pago em Mar\u00e7o\/2026.<\/p>\n<p>b) A proje\u00e7\u00e3o para o maior valor de refer\u00eancia; o valor m\u00e9dio de refer\u00eancia; o valor base de refer\u00eancia e o menor valor de refer\u00eancia para o produto entregue em Mar\u00e7o\/2026 a ser pago em Abril\/2026.<\/p>\n<p>c) A proje\u00e7\u00e3o para o maior valor de refer\u00eancia; o valor m\u00e9dio de refer\u00eancia; o valor base de refer\u00eancia e o menor valor de refer\u00eancia para o produto entregue em Abril\/2026 a ser pago em Maio\/2026.<\/p>\n<p><img decoding=\"async\" src=\"https:\/\/dl.dnzdns.com\/v\/3Byi07ABF0416\" alt=\"\" data-cke-saved-src=\"https:\/\/dl.dnzdns.com\/v\/3Byi07ABF0416\"><br \/>\n<img decoding=\"async\" src=\"https:\/\/dl.dnzdns.com\/v\/5QRg0fABF0478\" alt=\"\" data-cke-saved-src=\"https:\/\/dl.dnzdns.com\/v\/5QRg0fABF0478\"><\/p>\n<p>Per\u00edodos de apura\u00e7\u00e3o:<\/p>\n<p>M\u00eas de fevereiro\/2026: de 01\/02\/2026 a 28\/02\/2026<br \/>\nM\u00eas de mar\u00e7o\/2026: de 01\/03\/2026 a 31\/03\/2026<br \/>\nParcial de abril\/2026: de 01\/04\/2026 a 20\/04\/2026<\/p>\n<p>Os valores de refer\u00eancia indicados nesta resolu\u00e7\u00e3o para a mat\u00e9ria-prima leite denominada leite base se refere ao leite analisado que cont\u00e9m 3,30% de gordura, 3,10% de prote\u00edna, 400 mil c\u00e9lulas som\u00e1ticas\/ml, 100 mil ufc\/ml de contagem bacteriana e produ\u00e7\u00e3o individual di\u00e1ria de at\u00e9 160 litros\/dia. Os valores s\u00e3o posto propriedade incluindo 1,5% de Funrural.<\/p>\n<p>As informa\u00e7\u00f5es s\u00e3o do Conseleite\/MG.<\/p>\n<\/div>\n<p>&nbsp;<\/p>\n<p>&nbsp;<\/p>\n<div style=\"text-align: justify;\">\n<p><b>Renda para consumo do brasileiro \u00e9 a menor em mais de uma d\u00e9cada, diz consultoria<\/b><\/p>\n<p>Sobra ap\u00f3s gastos essenciais, pagamento de d\u00edvida e imposto fica menor em 2026, indica Tend\u00eancias<\/p>\n<p>Tem sobrado menos dinheiro no fim do m\u00eas para as fam\u00edlias brasileiras gastarem com consumo que n\u00e3o seja de itens b\u00e1sicos e o pagamento de impostos e d\u00edvidas. Isso pode ajudar a explicar o desconforto do eleitorado com o cen\u00e1rio econ\u00f4mico e a piora na avalia\u00e7\u00e3o do governo federal, apesar do emprego e da renda com o trabalho pujantes no pa\u00eds. O tema, inclusive, entrou no radar das campanhas presidenciais.<\/p>\n<p>A renda dispon\u00edvel das fam\u00edlias ap\u00f3s gastos com itens essenciais, impostos e servi\u00e7os da d\u00edvida est\u00e1 no n\u00edvel mais baixo desde 2011, quando come\u00e7a a s\u00e9rie da Tend\u00eancias Consultoria.&nbsp;<\/p>\n<p>Em fevereiro, a \u201csobra\u201d da massa de renda ampliada das fam\u00edlias depois de arcar com essas despesas era de 21%, segundo a consultoria. No in\u00edcio de 2024, era de 23,6%. \u00c9 uma deteriora\u00e7\u00e3o bastante expressiva em pouco tempo, observa Alessandra Ribeiro, s\u00f3cia e diretora de macroeconomia e an\u00e1lise setorial. O pico do indicador foi atingido em mar\u00e7o de 2011 (27,2%) e, depois, em junho de 2020 (27%).<\/p>\n<p><img decoding=\"async\" src=\"https:\/\/dl.dnzdns.com\/v\/vApWd4ABF0117\" alt=\"\" data-cke-saved-src=\"https:\/\/dl.dnzdns.com\/v\/vApWd4ABF0117\"><\/p>\n<p>O indicador parte da massa de renda ampliada das fam\u00edlias, que considera o sal\u00e1rio, mas tamb\u00e9m outras fontes, como previd\u00eancia, benef\u00edcios sociais, alugu\u00e9is e dividendos. Do total \u00e9 retirada a infla\u00e7\u00e3o de itens essenciais em habita\u00e7\u00e3o (aluguel e taxas; combust\u00edveis e energia, como g\u00e1s de botij\u00e3o e conta de luz), transportes (transporte p\u00fablico; combust\u00edvel veicular), sa\u00fade e cuidados pessoais (produtos farmac\u00eauticos e \u00f3ticos; servi\u00e7os de sa\u00fade), comunica\u00e7\u00e3o, educa\u00e7\u00e3o e alimenta\u00e7\u00e3o no domic\u00edlio. S\u00e3o considerados as varia\u00e7\u00f5es e os pesos do IPCA.&nbsp;<\/p>\n<p>Tamb\u00e9m \u00e9 abatido o pagamento de juro e principal das d\u00edvidas, considerando a m\u00e9dia das linhas de cr\u00e9dito do Banco Central. Mas a Tend\u00eancias faz adapta\u00e7\u00f5es, por exemplo, ao enquadrar tamb\u00e9m como cr\u00e9dito o parcelamento de compras no cart\u00e3o. Por fim, s\u00e3o usados dados da Receita para descontar Imposto de Renda e contribui\u00e7\u00f5es previdenci\u00e1rias. \u201c\u00c9 um indicador do que sobra para outros tipos de consumo\u201d, diz Ribeiro. (Valor Econ\u00f4mico)<\/p>\n<\/div>\n<div style=\"text-align: justify;\">\n<hr>\n<\/div>\n<p style=\"text-align: center;\"><i><b>Jogo R\u00e1pido<\/b><\/i><\/p>\n<p style=\"text-align: center;\"><i><b>CEPEA: O Boletim do Leite de abril<\/b><\/i><br \/>\n<i>A pesquisa do Cepea, da Esalq\/USP, mostra que a \u201cM\u00e9dia Brasil\u201d do leite ao produtor subiu 5,43% em fevereiro\/26 e fechou a R$2,1464\/litro, registrando a segunda alta mensal consecutiva. O pre\u00e7o, contudo, ainda est\u00e1 25,45% abaixo do registrado em fevereiro\/25, em termos reais (os valores foram deflacionados pelo IPCA de fevereiro\/26). Os pre\u00e7os dos derivados l\u00e1cteos seguiram em alta em mar\u00e7o, conforme indicam pesquisas do Cepea, realizadas com o apoio da OCB (Organiza\u00e7\u00e3o das Cooperativas Brasileiras). Esse movimento esteve atrelado \u00e0 valoriza\u00e7\u00e3o do leite cru, que, por sua vez, foi impulsionada pela redu\u00e7\u00e3o da oferta no campo \u2013 reflexo da sazonalidade e da modera\u00e7\u00e3o dos investimentos na atividade \u2013, o que intensificou a competi\u00e7\u00e3o da ind\u00fastria pela mat\u00e9ria-prima. Tanto as importa\u00e7\u00f5es quanto as exporta\u00e7\u00f5es brasileiras de l\u00e1cteos aumentaram em mar\u00e7o, e as aquisi\u00e7\u00f5es avan\u00e7aram de forma mais expressiva. Segundo dados da Secex analisados pelo Cepea, as importa\u00e7\u00f5es subiram 33,3% frente a fevereiro, chegando a 242,65 milh\u00f5es de litros Equivalente-Leite (EqL). Os embarques, por sua vez, registraram alta mais modesta, de 11,2%, somando 5,6 milh\u00f5es de litros EqL. Apesar da estabilidade no pre\u00e7o da ra\u00e7\u00e3o, a eleva\u00e7\u00e3o das despesas relacionadas \u00e0s opera\u00e7\u00f5es agr\u00edcolas impulsionou um aumento de 0,46% no Custo Operacional Efetivo (COE) da pecu\u00e1ria leiteira na \u201cM\u00e9dia Brasil\u201d em mar\u00e7o. Com o resultado, o primeiro trimestre encerrou-se com uma alta acumulada de 2,11% no COE.&nbsp;<a href=\"https:\/\/www.cepea.org.br\/br\/releases\/o-boletim-do-leite-de-abril-ja-esta-disponivel-4.aspx\" data-cke-saved-href=\"https:\/\/www.cepea.org.br\/br\/releases\/o-boletim-do-leite-de-abril-ja-esta-disponivel-4.aspx\">Acesse o boletim na \u00edntegra clicando aqui.<\/a>&nbsp;(CEPEA editado pelo Sindilat)<\/i><\/p>\n<div style=\"text-align: justify;\">\n<hr>\n<\/div>\n","protected":false},"excerpt":{"rendered":"<p>Porto Alegre, 27 de abril de 2026&nbsp; &nbsp; &nbsp; &nbsp; &nbsp; &nbsp; &nbsp; &nbsp; &nbsp; &nbsp; &nbsp; &nbsp; &nbsp; &nbsp; &nbsp; &nbsp; &nbsp; &nbsp; &nbsp; &nbsp; &nbsp; &nbsp; &nbsp; &nbsp; &nbsp; &nbsp; &nbsp; &nbsp; &nbsp; &nbsp; Ano 20 - N\u00b0 4.618 RAR Agro &amp; Ind\u00fastria lan\u00e7a app para leitura de r\u00f3tulos e inova em acessibilidade <a href=\"https:\/\/www.sindilat.com.br\/site\/2026\/04\/27\/27-04-2026\/\" class=\"more-link\">...continuar lendo<span class=\"screen-reader-text\"> \"27\/04\/2026\"<\/span><\/a><\/p>\n","protected":false},"author":2,"featured_media":0,"comment_status":"closed","ping_status":"open","sticky":false,"template":"","format":"standard","meta":{"ngg_post_thumbnail":0,"footnotes":""},"categories":[28],"tags":[],"class_list":{"0":"post-19156","1":"post","2":"type-post","3":"status-publish","4":"format-standard","6":"category-newsletter","7":"h-entry","8":"hentry","9":"h-as-article"},"_links":{"self":[{"href":"https:\/\/www.sindilat.com.br\/site\/wp-json\/wp\/v2\/posts\/19156","targetHints":{"allow":["GET"]}}],"collection":[{"href":"https:\/\/www.sindilat.com.br\/site\/wp-json\/wp\/v2\/posts"}],"about":[{"href":"https:\/\/www.sindilat.com.br\/site\/wp-json\/wp\/v2\/types\/post"}],"author":[{"embeddable":true,"href":"https:\/\/www.sindilat.com.br\/site\/wp-json\/wp\/v2\/users\/2"}],"replies":[{"embeddable":true,"href":"https:\/\/www.sindilat.com.br\/site\/wp-json\/wp\/v2\/comments?post=19156"}],"version-history":[{"count":6,"href":"https:\/\/www.sindilat.com.br\/site\/wp-json\/wp\/v2\/posts\/19156\/revisions"}],"predecessor-version":[{"id":19164,"href":"https:\/\/www.sindilat.com.br\/site\/wp-json\/wp\/v2\/posts\/19156\/revisions\/19164"}],"wp:attachment":[{"href":"https:\/\/www.sindilat.com.br\/site\/wp-json\/wp\/v2\/media?parent=19156"}],"wp:term":[{"taxonomy":"category","embeddable":true,"href":"https:\/\/www.sindilat.com.br\/site\/wp-json\/wp\/v2\/categories?post=19156"},{"taxonomy":"post_tag","embeddable":true,"href":"https:\/\/www.sindilat.com.br\/site\/wp-json\/wp\/v2\/tags?post=19156"}],"curies":[{"name":"wp","href":"https:\/\/api.w.org\/{rel}","templated":true}]}}