{"id":19151,"date":"2026-04-24T19:16:47","date_gmt":"2026-04-24T19:16:47","guid":{"rendered":"https:\/\/www.sindilat.com.br\/site\/?p=19151"},"modified":"2026-04-24T19:17:22","modified_gmt":"2026-04-24T19:17:22","slug":"24-04-2026","status":"publish","type":"post","link":"https:\/\/www.sindilat.com.br\/site\/2026\/04\/24\/24-04-2026\/","title":{"rendered":"24\/04\/2026"},"content":{"rendered":"<p><img decoding=\"async\" src=\"https:\/\/dl.dnzdns.com\/v\/9wC509ABF0420\" alt=\"\" data-cke-saved-src=\"https:\/\/dl.dnzdns.com\/v\/9wC509ABF0420\"><\/p>\n<div id=\"icpbravoaccess_loaded\">\n<div id=\"icpbravoaccess_loaded\">\n<div id=\"icpbravoaccess_loaded\">\n<p style=\"text-align: justify;\">Porto Alegre, 24 de abril de 2026&nbsp; &nbsp; &nbsp; &nbsp; &nbsp; &nbsp; &nbsp; &nbsp; &nbsp; &nbsp; &nbsp; &nbsp; &nbsp; &nbsp; &nbsp; &nbsp; &nbsp; &nbsp; &nbsp; &nbsp; &nbsp; &nbsp; &nbsp; &nbsp; &nbsp; &nbsp; &nbsp; &nbsp; &nbsp; &nbsp; Ano 20 - N\u00b0 4.617<\/p>\n<\/div>\n<\/div>\n<\/div>\n<hr>\n<p style=\"text-align: justify;\"><span style=\"font-size: 1rem;\"><b>Nota fiscal em papel n\u00e3o poder\u00e1 mais ser utilizada por produtores rurais do Rio Grande do Sul a partir de maio<\/b><\/span><\/p>\n<p style=\"text-align: justify;\">Esta \u00e9 a etapa final do processo que ocorre desde 2021, quando teve in\u00edcio a substitui\u00e7\u00e3o da nota em papel pela nota eletr\u00f4nica<\/p>\n<p style=\"text-align: justify;\">O governo do Estado, por meio da Secretaria da Fazenda (Sefaz), informa que os produtores rurais do Rio Grande do Sul devem ficar atentos \u00e0s novas altera\u00e7\u00f5es na documenta\u00e7\u00e3o fiscal. A partir de 1\u00ba de maio, a nota fiscal em papel, conhecida como \u201ctal\u00e3o do produtor\u201d, n\u00e3o poder\u00e1 mais ser utilizada. Ser\u00e1 preciso emitir a nota eletr\u00f4nica.<\/p>\n<p style=\"text-align: justify;\">A documenta\u00e7\u00e3o eletr\u00f4nica j\u00e1 era obrigat\u00f3ria desde janeiro para os mais de 800 mil produtores rurais que atuam no territ\u00f3rio ga\u00facho. No entanto, a Sefaz, por meio da Receita Estadual, havia autorizado que tal\u00f5es j\u00e1 impressos pudessem seguir sendo utilizados at\u00e9 o m\u00eas de abril. A partir de maio, caso as notas eletr\u00f4nicas n\u00e3o sejam emitidas, as transa\u00e7\u00f5es ficam sem documenta\u00e7\u00e3o fiscal, o que \u00e9 considerado descumprimento da legisla\u00e7\u00e3o tribut\u00e1ria.<\/p>\n<p style=\"text-align: justify;\">Produtores rurais poder\u00e3o usar notas fiscais em papel remanescentes at\u00e9 30 de abril<\/p>\n<p style=\"text-align: justify;\">\u201cEsta \u00e9 a etapa final de um processo que vem acontecendo desde 2021, que \u00e9 a substitui\u00e7\u00e3o gradual da nota em papel pela nota eletr\u00f4nica. Desde l\u00e1, temos dialogado com os produtores para garantir tempo para adapta\u00e7\u00e3o e para oferecer recursos que os ajudem a seguir em conformidade\u201d, explica o subsecret\u00e1rio adjunto da Receita Estadual Lu\u00eds Fernando Crivelaro.<\/p>\n<p style=\"text-align: justify;\">A obrigatoriedade da nota eletr\u00f4nica segue norma definida pelo Conselho Nacional de Pol\u00edtica Fazend\u00e1ria (Confaz) e est\u00e1 sendo colocada em pr\u00e1tica em outros estados brasileiros. A moderniza\u00e7\u00e3o traz mais agilidade e seguran\u00e7a na emiss\u00e3o de notas, reduzindo burocracias, minimizando falhas no preenchimento dos dados e evitando o risco da perda de documentos. A mudan\u00e7a tamb\u00e9m antecipa a realidade ap\u00f3s a Reforma Tribut\u00e1ria, quando notas em papel devem ser completamente retiradas de circula\u00e7\u00e3o.<\/p>\n<p style=\"text-align: justify;\">Como emitir nota eletr\u00f4nica<\/p>\n<p style=\"text-align: justify;\">A alternativa recomendada pela Sefaz para a emiss\u00e3o de nota eletr\u00f4nica \u00e9 o aplicativo Nota Fiscal F\u00e1cil (NFF), dispon\u00edvel gratuitamente para download em celulares. Em quatro meses, o n\u00famero de produtores rurais cadastrados no app cresceu 64,6% - s\u00e3o 214,8 mil hoje, sendo que, em dezembro de 2025, eram 130,4 mil. No \u00faltimo m\u00eas, 276 mil notas fiscais foram emitidas pela ferramenta.<\/p>\n<p style=\"text-align: justify;\">Receita Estadual alerta cerca de 3,4 mil empresas ga\u00fachas que podem ser exclu\u00eddas do Simples Nacional<\/p>\n<p style=\"text-align: justify;\">O NFF \u00e9 considerado de uso simples e intuitivo, de forma que toda a complexidade tribut\u00e1ria fica a cargo da Receita Estadual. Ele conta com uma funcionalidade de uso off-line para atender profissionais que trabalham no campo, muitas vezes sem internet.<\/p>\n<p style=\"text-align: justify;\">Para ajudar os produtores a usar a ferramenta com propriedade, a Sefaz produziu um manual e tr\u00eas tutoriais em v\u00eddeo, com instru\u00e7\u00f5es sobre diferentes recursos.&nbsp;<a href=\"https:\/\/www.agricultura.rs.gov.br\/nota-fiscal-em-papel-nao-podera-mais-ser-utilizada-por-produtores-rurais-do-rio-grande-do-sul-a-partir-de-maio\" data-cke-saved-href=\"https:\/\/www.agricultura.rs.gov.br\/nota-fiscal-em-papel-nao-podera-mais-ser-utilizada-por-produtores-rurais-do-rio-grande-do-sul-a-partir-de-maio\">Acesse os tutoriais clicando aqui.<\/a><\/p>\n<p style=\"text-align: justify;\">Mudan\u00e7a escalonada<br \/>\nA obrigatoriedade da nota eletr\u00f4nica foi implantada aos poucos, buscando garantir aos produtores rurais tempo para se adaptar \u00e0 novidade. A mudan\u00e7a come\u00e7ou em 2021 pela faixa dos que t\u00eam maior faturamento e, ent\u00e3o, foi expandida para pequenos produtores.<\/p>\n<p style=\"text-align: justify;\">A Receita Estadual tem dialogado com o setor sobre a implementa\u00e7\u00e3o da norma. Em diversos momentos, atendendo a pedidos de entidades rurais, a entrada em vigor foi adiada. Isso ocorreu, inclusive, ap\u00f3s as enchentes de 2024, que causaram preju\u00edzos para profissionais da \u00e1rea.<\/p>\n<p style=\"text-align: justify;\">Receita Estadual inicia envio de comunicados pr\u00e9vios para estimular regulariza\u00e7\u00e3o de d\u00e9bitos de ICMS antes do ajuizamento<\/p>\n<p style=\"text-align: justify;\">Apesar de o NFF ser a principal ferramenta para emiss\u00e3o de notas eletr\u00f4nicas, sendo recomendada pela Sefaz, h\u00e1 outras. Uma delas \u00e9 a Nota Fiscal Avulsa (NFA-e), tamb\u00e9m gratuita e indicada para opera\u00e7\u00f5es mais complexas, como, por exemplo, as de exporta\u00e7\u00e3o.<\/p>\n<p style=\"text-align: justify;\">H\u00e1 ainda solu\u00e7\u00f5es oferecidas por associa\u00e7\u00f5es e por cooperativas, e \u00e9 permitido o desenvolvimento de modelos pr\u00f3prios. (Seapi)<\/p>\n<div style=\"text-align: justify;\">\n<hr>\n<\/div>\n<p style=\"text-align: justify;\"><b>Conseleite Santa Catarina<\/b><\/p>\n<p style=\"text-align: justify;\">A diretoria do Conseleite Santa Catarina reunida em Chapec\u00f3 no dia 24 de Abril de 2026&nbsp;<br \/>\natendendo os dispositivos disciplinados no artigo 15 do seu Estatuto, inciso I, aprova e divulga os&nbsp;valores de refer\u00eancia da mat\u00e9ria-prima leite, realizados no m\u00eas de Mar\u00e7o de 2026 e a proje\u00e7\u00e3o&nbsp;dos valores de refer\u00eancia para o m\u00eas de Abril de 2026.&nbsp;<\/p>\n<p style=\"text-align: justify;\"><img decoding=\"async\" src=\"https:\/\/dl.dnzdns.com\/v\/RPto88ABF0110\" alt=\"\" data-cke-saved-src=\"https:\/\/dl.dnzdns.com\/v\/RPto88ABF0110\"><\/p>\n<p style=\"text-align: justify;\">O leite padr\u00e3o \u00e9 aquele que cont\u00e9m entre 3,50 e 3,59% de gordura, entre 3,11 e 3,15% de&nbsp;prote\u00edna, entre 450 e 499 mil c\u00e9lulas som\u00e1ticas\/ml e 251 a 300 mil ufc\/ml de contagem bacteriana&nbsp;e volume individual entregue de at\u00e9 50 litros\/dia. O Conseleite Santa Catarina n\u00e3o precifica leites&nbsp;com qualidades inferiores ao leite abaixo do padr\u00e3o. (Conseleite SC)<\/p>\n<p style=\"text-align: justify;\"><b>EMATER\/RS: Informativo Conjuntural 1916 de 23 de abril de 2026<\/b><\/p>\n<p style=\"text-align: justify;\">BOVINOCULTURA DE LEITE&nbsp;<\/p>\n<p style=\"text-align: justify;\">As condi\u00e7\u00f5es meteorol\u00f3gicas favoreceram o bem-estar dos animais. Por\u00e9m, a disponibilidade e a qualidade das pastagens ainda s\u00e3o limitantes em parte das propriedades, exigindo o uso de suplementa\u00e7\u00e3o com silagem e concentrados. Observou-se aumento na incid\u00eancia de ectoparasitas, como carrapatos e moscas, em algumas regi\u00f5es, o que demanda maior aten\u00e7\u00e3o ao manejo sanit\u00e1rio. As atividades seguem dentro da rotina produtiva, com ajustes nutricionais e manejo das \u00e1reas de pastagem, al\u00e9m de a\u00e7\u00f5es voltadas \u00e0 sanidade e \u00e0 gest\u00e3o de dejetos.&nbsp;<\/p>\n<p style=\"text-align: justify;\">Na regi\u00e3o administrativa da Emater\/RS-Ascar de Caxias do Sul, o bem-estar dos animais foi favorecido pelas temperaturas mais amenas. Foi utilizada silagem de milho para a suplementa\u00e7\u00e3o de volumosos, e aguarda-se a altura m\u00ednima para o pastoreio das vacas. Houve necessidade de tratamento de alguns casos de mastite.&nbsp;&nbsp;<\/p>\n<p style=\"text-align: justify;\">Na de Iju\u00ed, a produ\u00e7\u00e3o est\u00e1 est\u00e1vel em rela\u00e7\u00e3o ao per\u00edodo anterior. No munic\u00edpio sede, aumentou a procura por materiais para a confec\u00e7\u00e3o de esterqueiras e correta destina\u00e7\u00e3o dos dejetos animais. A infesta\u00e7\u00e3o por carrapatos diminuiu, e a sanidade do rebanho est\u00e1 adequada.&nbsp;&nbsp;<\/p>\n<p style=\"text-align: justify;\">Na de Pelotas, em algumas propriedades, os produtores t\u00eam intensificado o uso das pastagens em parte das \u00e1reas, apesar das limita\u00e7\u00f5es na oferta e na qualidade da forragem. Houve aumento na incid\u00eancia de carrapatos e moscas, demandando maior aten\u00e7\u00e3o ao manejo sanit\u00e1rio.&nbsp;<\/p>\n<p style=\"text-align: justify;\">Nas de Santa Maria e Santa Rosa, os indicadores produtivos est\u00e3o dentro da normalidade esperada para o per\u00edodo. Em algumas propriedades, houve necessidade de suplementa\u00e7\u00e3o alimentar.&nbsp; (Emater editado pelo Sindilat\/RS)<\/p>\n<div style=\"text-align: justify;\">\n<hr>\n<\/div>\n<p style=\"text-align: center;\"><i><b>Jogo R\u00e1pido<\/b><\/i><\/p>\n<p style=\"text-align: center;\"><i><b>Previs\u00e3o indica chuva para o fim de semana em v\u00e1rias regi\u00f5es do Estado<\/b><br \/>\nPara o final de semana, a previs\u00e3o \u00e9 de instabilidade em v\u00e1rias regi\u00f5es do Rio Grande do Sul. O tempo deve oscilar entre condi\u00e7\u00f5es inst\u00e1veis e est\u00e1veis em grande parte do territ\u00f3rio ga\u00facho. Os acumulados de chuva podem variar entre fracos e moderados, sendo pontualmente fortes.&nbsp; No domingo (26\/4), o tempo ainda deve ficar inst\u00e1vel em algumas regi\u00f5es e a estabilidade tem previs\u00e3o de volta a partir de segunda-feira (27\/4) em praticamente todo territ\u00f3rio do RS. As informa\u00e7\u00f5es constam no Boletim Integrado Agrometeorol\u00f3gico 17\/2026, produzido pela Secretaria da Agricultura, Pecu\u00e1ria, Produ\u00e7\u00e3o Sustent\u00e1vel e Irriga\u00e7\u00e3o (Seapi), em parceria com a Emater\/RS-Ascar e o Instituto Rio Grandense do Arroz (Irga). Segunda (27\/4), ter\u00e7a (28\/4) e quarta-feira (29\/4): o tempo deve voltar a ficar est\u00e1vel em praticamente todo o territ\u00f3rio ga\u00facho. N\u00e3o h\u00e1 previs\u00e3o de chuva significativa e as temperaturas devem entrar em decl\u00ednio. Assim, os acumulados de precipita\u00e7\u00e3o devem variar entre 0 e 100 mil\u00edmetros (mm) ao longo da semana, com alguns pontos isolados que podem ultrapassar esse valor. Na metade Sul, os acumulados podem ser menores, n\u00e3o ultrapassando os 20 mm. O boletim agrometeorol\u00f3gico atualiza semanalmente a situa\u00e7\u00e3o de diversas culturas e cria\u00e7\u00f5es de animais no RS. Acompanhe todas as publica\u00e7\u00f5es agrometeorol\u00f3gicas da Secretaria em&nbsp;<a href=\"http:\/\/www.agricultura.rs.gov.br\/agrometeorologia\" data-cke-saved-href=\"http:\/\/www.agricultura.rs.gov.br\/agrometeorologia\">www.agricultura.rs.gov.br\/agrometeorologia.<\/a><\/i><\/p>\n<div style=\"text-align: justify;\">\n<hr>\n<\/div>\n","protected":false},"excerpt":{"rendered":"<p>Porto Alegre, 24 de abril de 2026&nbsp; &nbsp; &nbsp; &nbsp; &nbsp; &nbsp; &nbsp; &nbsp; &nbsp; &nbsp; &nbsp; &nbsp; &nbsp; &nbsp; &nbsp; &nbsp; &nbsp; &nbsp; &nbsp; &nbsp; &nbsp; &nbsp; &nbsp; &nbsp; &nbsp; &nbsp; &nbsp; &nbsp; &nbsp; &nbsp; Ano 20 - N\u00b0 4.617 Nota fiscal em papel n\u00e3o poder\u00e1 mais ser utilizada por produtores rurais do Rio <a href=\"https:\/\/www.sindilat.com.br\/site\/2026\/04\/24\/24-04-2026\/\" class=\"more-link\">...continuar lendo<span class=\"screen-reader-text\"> \"24\/04\/2026\"<\/span><\/a><\/p>\n","protected":false},"author":2,"featured_media":0,"comment_status":"closed","ping_status":"open","sticky":false,"template":"","format":"standard","meta":{"ngg_post_thumbnail":0,"footnotes":""},"categories":[28],"tags":[],"class_list":{"0":"post-19151","1":"post","2":"type-post","3":"status-publish","4":"format-standard","6":"category-newsletter","7":"h-entry","8":"hentry","9":"h-as-article"},"_links":{"self":[{"href":"https:\/\/www.sindilat.com.br\/site\/wp-json\/wp\/v2\/posts\/19151","targetHints":{"allow":["GET"]}}],"collection":[{"href":"https:\/\/www.sindilat.com.br\/site\/wp-json\/wp\/v2\/posts"}],"about":[{"href":"https:\/\/www.sindilat.com.br\/site\/wp-json\/wp\/v2\/types\/post"}],"author":[{"embeddable":true,"href":"https:\/\/www.sindilat.com.br\/site\/wp-json\/wp\/v2\/users\/2"}],"replies":[{"embeddable":true,"href":"https:\/\/www.sindilat.com.br\/site\/wp-json\/wp\/v2\/comments?post=19151"}],"version-history":[{"count":3,"href":"https:\/\/www.sindilat.com.br\/site\/wp-json\/wp\/v2\/posts\/19151\/revisions"}],"predecessor-version":[{"id":19154,"href":"https:\/\/www.sindilat.com.br\/site\/wp-json\/wp\/v2\/posts\/19151\/revisions\/19154"}],"wp:attachment":[{"href":"https:\/\/www.sindilat.com.br\/site\/wp-json\/wp\/v2\/media?parent=19151"}],"wp:term":[{"taxonomy":"category","embeddable":true,"href":"https:\/\/www.sindilat.com.br\/site\/wp-json\/wp\/v2\/categories?post=19151"},{"taxonomy":"post_tag","embeddable":true,"href":"https:\/\/www.sindilat.com.br\/site\/wp-json\/wp\/v2\/tags?post=19151"}],"curies":[{"name":"wp","href":"https:\/\/api.w.org\/{rel}","templated":true}]}}