{"id":186,"date":"2015-02-06T11:10:00","date_gmt":"2015-02-06T11:10:00","guid":{"rendered":"http:\/\/www.sindilat.com.br\/site\/2015\/02\/06\/indice-fao-dos-precos-dos-lacteos\/"},"modified":"2015-02-06T11:10:00","modified_gmt":"2015-02-06T11:10:00","slug":"indice-fao-dos-precos-dos-lacteos","status":"publish","type":"post","link":"https:\/\/www.sindilat.com.br\/site\/2015\/02\/06\/indice-fao-dos-precos-dos-lacteos\/","title":{"rendered":"\u00cdndice FAO dos pre\u00e7os dos l\u00e1cteos"},"content":{"rendered":"<p style=\"text-align: justify;\"><span style=\"color: #132630; font-family: verdana; font-size: 12px; line-height: 20px; text-align: justify;\"><img loading=\"lazy\" decoding=\"async\" class=\" alignright size-full wp-image-185\" src=\"http:\/\/www.sindilat.com.br\/site\/wp-content\/uploads\/2015\/02\/image.gif\" width=\"400\" height=\"146\" alt=\"image\" style=\"float: right;\" srcset=\"https:\/\/www.sindilat.com.br\/site\/wp-content\/uploads\/2015\/02\/image.gif 540w, https:\/\/www.sindilat.com.br\/site\/wp-content\/uploads\/2015\/02\/image-300x110.gif 300w\" sizes=\"auto, (max-width: 400px) 100vw, 400px\" \/>O \u00edndice FAO dos pre\u00e7os dos produtos l\u00e1cteos se manteve em 173,8 pontos no m\u00eas de janeiro, muito pr\u00f3ximo do valor de dezembro. A queda nos pre\u00e7os do queijo e do leite em p\u00f3 desnatado compensaram a alta da manteiga e do leite em p\u00f3 integral, deixando-o inalterado. A desvaloriza\u00e7\u00e3o do euro converge as cota\u00e7\u00f5es da Europa com as da Oceania e dos Estados Unidos. A chegada de novos suprimentos ao mercado mundial \u00e9 equilibrada com a seca na Oceania, que reduz a produ\u00e7\u00e3o sazonal de leite. Enquanto isso, a Uni\u00e3o Europeia imp\u00f4s restri\u00e7\u00f5es ao bloco para evitar multas aos pa\u00edses que ultrapassarem as cotas, nesta temporada 2014\/15 (abril\/mar\u00e7o) que est\u00e1 chegando ao fim. (FAO)&nbsp;<\/span><\/p>\n","protected":false},"excerpt":{"rendered":"<p>O \u00edndice FAO dos pre\u00e7os dos produtos l\u00e1cteos se manteve em 173,8 pontos no m\u00eas de janeiro, muito pr\u00f3ximo do valor de dezembro. A queda nos pre\u00e7os do queijo e do leite em p\u00f3 desnatado compensaram a alta da manteiga e do leite em p\u00f3 integral, deixando-o inalterado. A desvaloriza\u00e7\u00e3o do euro converge as cota\u00e7\u00f5es <a href=\"https:\/\/www.sindilat.com.br\/site\/2015\/02\/06\/indice-fao-dos-precos-dos-lacteos\/\" class=\"more-link\">...continuar lendo<span class=\"screen-reader-text\"> \"\u00cdndice FAO dos pre\u00e7os dos l\u00e1cteos\"<\/span><\/a><\/p>\n","protected":false},"author":1,"featured_media":185,"comment_status":"open","ping_status":"open","sticky":false,"template":"","format":"standard","meta":{"ngg_post_thumbnail":0,"footnotes":""},"categories":[2],"tags":[],"class_list":{"0":"post-186","1":"post","2":"type-post","3":"status-publish","4":"format-standard","5":"has-post-thumbnail","7":"category-nocat","8":"h-entry","9":"hentry","10":"h-as-article"},"_links":{"self":[{"href":"https:\/\/www.sindilat.com.br\/site\/wp-json\/wp\/v2\/posts\/186","targetHints":{"allow":["GET"]}}],"collection":[{"href":"https:\/\/www.sindilat.com.br\/site\/wp-json\/wp\/v2\/posts"}],"about":[{"href":"https:\/\/www.sindilat.com.br\/site\/wp-json\/wp\/v2\/types\/post"}],"author":[{"embeddable":true,"href":"https:\/\/www.sindilat.com.br\/site\/wp-json\/wp\/v2\/users\/1"}],"replies":[{"embeddable":true,"href":"https:\/\/www.sindilat.com.br\/site\/wp-json\/wp\/v2\/comments?post=186"}],"version-history":[{"count":0,"href":"https:\/\/www.sindilat.com.br\/site\/wp-json\/wp\/v2\/posts\/186\/revisions"}],"wp:featuredmedia":[{"embeddable":true,"href":"https:\/\/www.sindilat.com.br\/site\/wp-json\/wp\/v2\/media\/185"}],"wp:attachment":[{"href":"https:\/\/www.sindilat.com.br\/site\/wp-json\/wp\/v2\/media?parent=186"}],"wp:term":[{"taxonomy":"category","embeddable":true,"href":"https:\/\/www.sindilat.com.br\/site\/wp-json\/wp\/v2\/categories?post=186"},{"taxonomy":"post_tag","embeddable":true,"href":"https:\/\/www.sindilat.com.br\/site\/wp-json\/wp\/v2\/tags?post=186"}],"curies":[{"name":"wp","href":"https:\/\/api.w.org\/{rel}","templated":true}]}}