{"id":18586,"date":"2026-01-16T17:29:29","date_gmt":"2026-01-16T17:29:29","guid":{"rendered":"https:\/\/www.sindilat.com.br\/site\/?p=18586"},"modified":"2026-01-16T17:29:29","modified_gmt":"2026-01-16T17:29:29","slug":"16-01-2026","status":"publish","type":"post","link":"https:\/\/www.sindilat.com.br\/site\/2026\/01\/16\/16-01-2026\/","title":{"rendered":"16\/01\/2026"},"content":{"rendered":"<p><img decoding=\"async\" src=\"https:\/\/dl.dnzdns.com\/v\/9wC509ABF0420\" alt=\"\" data-cke-saved-src=\"https:\/\/dl.dnzdns.com\/v\/9wC509ABF0420\"><\/p>\n<div id=\"icpbravoaccess_loaded\">\n<div id=\"icpbravoaccess_loaded\">\n<div id=\"icpbravoaccess_loaded\">\n<p style=\"text-align: justify;\">Porto Alegre, 16 de janeiro de 2026&nbsp; &nbsp; &nbsp; &nbsp; &nbsp; &nbsp; &nbsp; &nbsp; &nbsp; &nbsp; &nbsp; &nbsp; &nbsp; &nbsp; &nbsp; &nbsp; &nbsp; &nbsp; &nbsp; &nbsp; &nbsp; &nbsp; &nbsp; &nbsp; &nbsp; &nbsp; &nbsp; &nbsp; Ano 20 - N\u00b0 4.555<\/p>\n<hr>\n<\/div>\n<\/div>\n<\/div>\n<div style=\"text-align: justify;\">\n<p><b>Fundesa-RS encerra 2025 com saldo de R$ 181 milh\u00f5es<\/b><\/p>\n<p>O Fundo de Desenvolvimento e Defesa Sanit\u00e1ria Animal do Rio Grande do Sul (FUNDESA-RS) realizou, nesta quinta-feira (15), Assembleia Geral Ordin\u00e1ria para a presta\u00e7\u00e3o de contas do exerc\u00edcio de 2025. Os n\u00fameros consolidados do ano apontam uma disponibilidade de R$ 181.716.577,89. A receita total do exerc\u00edcio atingiu quase R$ 40 milh\u00f5es entre arrecada\u00e7\u00e3o de contribui\u00e7\u00f5es e receitas financeiras. J\u00e1 as sa\u00eddas somaram R$ 15,4 milh\u00f5es em 2025.<\/p>\n<p>Um dos destaques dos aportes homologados na assembleia foi a renova\u00e7\u00e3o do conv\u00eanio com a Universidade Estadual da Carolina do Norte (NCSU). Com um investimento de mais de R$ 1 milh\u00e3o e dura\u00e7\u00e3o de 24 meses, o projeto foca em vigil\u00e2ncia baseada em risco e an\u00e1lise de redes complexas para identificar \u00e1reas de vulnerabilidade \u00e0 dissemina\u00e7\u00e3o de doen\u00e7as. Segundo o professor da NCSU, Gustavo Machado, o objetivo nesta nova fase do projeto \u00e9 criar uma nova ferramenta, com base no trabalho j\u00e1 realizado, para direcionar as a\u00e7\u00f5es de fiscaliza\u00e7\u00e3o. \u201cO sistema possibilitar\u00e1 identificar diferentes fatores al\u00e9m da movimenta\u00e7\u00e3o para definir se uma propriedade dever\u00e1 ficar mais no foco da fiscaliza\u00e7\u00e3o\u201d, explica Machado. Al\u00e9m disso, na nova vers\u00e3o ser\u00e1 poss\u00edvel abastecer o sistema com dados de outras esp\u00e9cies, n\u00e3o somente de bovinos, o que dar\u00e1 um panorama geral do trabalho realizado nas propriedades visitadas. Uma vers\u00e3o preliminar dever\u00e1 ser apresentada at\u00e9 a metade do ano e posteriormente inserida na Plataforma de Defesa Sanit\u00e1ria Animal do RS (PDSA-RS)<\/p>\n<p>Outro assunto da assembleia foi a reforma do pr\u00e9dio que abrigar\u00e1 a Supervis\u00e3o Regional e a Inspetoria de Defesa Agropecu\u00e1ria de Alegrete. A obra, que come\u00e7ou nesta semana, ter\u00e1 investimento de R$ 422 mil e tem prazo 180 dias para conclus\u00e3o. Atualmente a supervis\u00e3o e a inspetoria funcionam em pr\u00e9dio alugado e, com a obra, ficar\u00e3o em im\u00f3vel pr\u00f3prio e em melhores condi\u00e7\u00f5es para o trabalho dos servidores e o atendimento dos produtores. \u201c\u00c9 uma forma de melhorar o servi\u00e7o ao produtor, aproximando a comunidade rural do Servi\u00e7o Veterin\u00e1rio Oficial e contribuindo para a\u00e7\u00f5es de orienta\u00e7\u00e3o\u201d, afirma o presidente do Conselho T\u00e9cnico Operacional da Pecu\u00e1ria de Corte, Pedro P\u00edffero, que visitou recentemente o im\u00f3vel e elogiou o projeto que ser\u00e1 executado. A engenheira respons\u00e1vel pela obra, Larissa Fontoura, destacou que o projeto j\u00e1 est\u00e1 em andamento e que ser\u00e3o refeitas toda a revis\u00e3o e atualiza\u00e7\u00e3o das partes hidr\u00e1ulica e el\u00e9trica, revestimento e pisos de banheiro e cozinha, contrapiso e piso na \u00e1rea externa da casa e reparos no telhado, al\u00e9m de pintura geral.<\/p>\n<p>O setor de Pecu\u00e1ria Leiteira foi o que demandou o maior volume de recursos para indeniza\u00e7\u00f5es por abate sanit\u00e1rio em 2025, totalizando R$ 3,68 milh\u00f5es pagos aos produtores no \u00e2mbito do controle da Brucelose e Tuberculose. Na cadeia da avicultura, o Conselho Deliberativo revisou e complementou indeniza\u00e7\u00f5es decorrentes do epis\u00f3dio de Influenza Avi\u00e1ria de Alta Patogenicidade (IAAP), totalizando um aporte de R$ 1,19 milh\u00e3o, referente \u00e0 destrui\u00e7\u00e3o de ovos f\u00e9rteis.<\/p>\n<p>Ao final da assembleia, os conselheiros debateram sobre os desafios para 2026. Entre os temas que dever\u00e3o ser trabalhados ao longo do ano est\u00e3o a rastreabilidade para o setor de bovinos de corte, tema em que o Rio Grande do Sul tem protagonizado avan\u00e7os com o projeto piloto para o Programa Nacional de Identifica\u00e7\u00e3o de Bovinos. Tamb\u00e9m est\u00e1 prevista para 2026 uma revis\u00e3o do estatuto do Fundesa, levando em considera\u00e7\u00e3o novos desafios surgidos ao longo das duas d\u00e9cadas de exist\u00eancia do Fundo, e ao aumento da relev\u00e2ncia do Fundesa em toda a rotina da defesa sanit\u00e1ria das cadeias de prote\u00edna animal. (Texto: Thais D'Avila\/Fundesa)<\/p>\n<\/div>\n<hr>\n<div style=\"text-align: justify;\"><b>Emater\/RS: Informativo Conjuntural 1902 de 15 de janeiro de 2026<\/b><\/p>\n<p>BOVINOCULTURA DE LEITE<\/p>\n<p>As condi\u00e7\u00f5es do per\u00edodo favoreceram o conforto t\u00e9rmico das matrizes, permitindo maior tempo de pastejo, com reflexos positivos no bem-estar animal e na condu\u00e7\u00e3o dos sistemas produtivos. A produ\u00e7\u00e3o est\u00e1 est\u00e1vel na maior parte das regi\u00f5es, e a qualidade do leite atende aos padr\u00f5es exigidos. Os produtores permanecem atentos aos manejos sanit\u00e1rios e higi\u00eanicos, especialmente em fun\u00e7\u00e3o da umidade registrada em per\u00edodos anteriores.&nbsp;&nbsp;<\/p>\n<p>Na regi\u00e3o administrativa da Emater\/RS-Ascar de Bag\u00e9, as condi\u00e7\u00f5es ambientais do per\u00edodo foram prop\u00edcias ao conforto das matrizes em lacta\u00e7\u00e3o, permitindo o pastejo sem restri\u00e7\u00f5es de hor\u00e1rio. A disponibilidade de forragem tem sido ampliada, e as pastagens semeadas no final de novembro e in\u00edcio de dezembro atingem o ponto de entrada dos animais.&nbsp;&nbsp;<\/p>\n<p>Na de Erechim, a melhoria das pastagens de ver\u00e3o possibilitou a redu\u00e7\u00e3o da oferta de alimentos conservados. Em fun\u00e7\u00e3o dos dias mais ensolarados, os produtores retomaram o acesso aos piquetes, favorecendo o aproveitamento das pastagens. Observou-se diminui\u00e7\u00e3o do excesso de umidade e da forma\u00e7\u00e3o de barro no entorno das propriedades e nos est\u00e1bulos, diminuindo os riscos de problemas sanit\u00e1rios, como mastite.&nbsp;<\/p>\n<p>Na de Frederico Westphalen, a possibilidade de maior tempo de pastejo no per\u00edodo noturno, aliada \u00e0s chuvas ocorridas nos \u00faltimos dias, contribuiu para a melhoria do bem-estar animal.&nbsp;&nbsp;<\/p>\n<p>Na de Caxias do Sul e na de Iju\u00ed, a produ\u00e7\u00e3o est\u00e1 est\u00e1vel, e a qualidade dentro dos padr\u00f5es exigidos pela legisla\u00e7\u00e3o vigente.&nbsp;<\/p>\n<p>Na de Passo Fundo, o rebanho apresentou escore corporal acima de 3,5. A alimenta\u00e7\u00e3o foi baseada em pastagens de ver\u00e3o, silagem e suplementa\u00e7\u00e3o com concentrados, ajustada \u00e0s necessidades de cada lote.&nbsp;<\/p>\n<p>Na de Santa Rosa, os criadores refor\u00e7aram os cuidados com a higiene de ordenha devido ao ac\u00famulo de sujidades no \u00fabere e nos tetos, visando manter a qualidade do leite dentro dos padr\u00f5es de Contagem Bacteriana Total (CBT). Observou-se leve queda na produtividade em fun\u00e7\u00e3o do excesso de chuvas nos per\u00edodos anteriores. (Fonte: Emater\/RS)<\/p>\n<p><b>BOLETIM INTEGRADO AGROMETEOROL\u00d3GICO No 03\/2026 \u2013 SEAPI&nbsp;<\/b><\/p>\n<p>Na sexta-feira (16\/01), a atua\u00e7\u00e3o de uma frente fria pr\u00f3xima ao Uruguai poder\u00e1 trazer instabilidade para a metade sul do Rio Grande do Sul. Assim, h\u00e1 previs\u00e3o de chuva fraca a moderada, localmente forte em pontos isolados, nessa regi\u00e3o. No s\u00e1bado (17\/01), o tempo seguir\u00e1 inst\u00e1vel devido \u00e0 passagem da frente fria, com previs\u00e3o de chuva em grande parte do estado, exceto na por\u00e7\u00e3o sudeste. No domingo (18\/01), a frente fria come\u00e7ar\u00e1 a avan\u00e7ar e reduzir sua influ\u00eancia sobre o territ\u00f3rio ga\u00facho, fazendo com que a precipita\u00e7\u00e3o fique restrita \u00e0s por\u00e7\u00f5es oeste e norte do estado.&nbsp;<\/p>\n<p>Na segunda-feira (19\/01), a influ\u00eancia da frente fria seguir\u00e1 diminuindo, mantendo a ocorr\u00eancia de precipita\u00e7\u00e3o apenas em \u00e1reas isoladas das por\u00e7\u00f5es oeste e norte. Na ter\u00e7a-feira (20\/01) e na quartafeira (21\/01), a atua\u00e7\u00e3o de um sistema de alta press\u00e3o favorecer\u00e1 o retorno do tempo est\u00e1vel em todo o Rio Grande do Sul, sem previs\u00e3o de chuva significativa. Nesse per\u00edodo, as temperaturas apresentar\u00e3o elevada amplitude t\u00e9rmica di\u00e1ria. De forma geral, os acumulados de precipita\u00e7\u00e3o previstos variam entre 5 e 30 mil\u00edmetros na maior parte do estado. As regi\u00f5es da Fronteira Oeste, Miss\u00f5es, Alto Uruguai, Norte, Campos de Cima da Serra, Central e Sul, podem ter valores um pouco maiores do que 30 mil\u00edmetros em pontos isolados. (Boletim Agrometerologico\/SEAPI)<\/p><\/div>\n<div style=\"text-align: justify;\">\n<hr>\n<\/div>\n<p style=\"text-align: center;\"><i><b>Jogo R\u00e1pido<br \/>\n<\/b><\/i><\/p>\n<p style=\"text-align: center;\"><i><b>Perspectiva de El Ni\u00f1o para o inverno<\/b><br \/>\nAinda tem muita pela frente, mas progn\u00f3sticos clim\u00e1ticos apontam para uma chance de 60% da ocorr\u00eancia do fen\u00f4meno El Ni\u00f1o em agosto. Doutor em desastres naturais, especialista em efeitos clim\u00e1ticos futuros e diretor da Kaz Tech, Marcos Kazaoka destaca que o mercado j\u00e1 d\u00e1 o anterior percentual crescente de 48%.&nbsp;Ele ressalta, no entanto, que \u00e9 uma tend\u00eancia projetada para meses \u00e0 frente, \u201cque precisa ser monitorada e avaliada\u201d. O fen\u00f4meno, quando presente, pode trazer efeitos opostos no Brasil. Na Amaz\u00f4nia, seca. No Rio Grande do Sul, costuma trazer excesso de chuva. (Zero Hora)<\/i><\/p>\n<div style=\"text-align: justify;\">\n<hr>\n<\/div>\n","protected":false},"excerpt":{"rendered":"<p>Porto Alegre, 16 de janeiro de 2026&nbsp; &nbsp; &nbsp; &nbsp; &nbsp; &nbsp; &nbsp; &nbsp; &nbsp; &nbsp; &nbsp; &nbsp; &nbsp; &nbsp; &nbsp; &nbsp; &nbsp; &nbsp; &nbsp; &nbsp; &nbsp; &nbsp; &nbsp; &nbsp; &nbsp; &nbsp; &nbsp; &nbsp; Ano 20 - N\u00b0 4.555 Fundesa-RS encerra 2025 com saldo de R$ 181 milh\u00f5es O Fundo de Desenvolvimento e Defesa Sanit\u00e1ria <a href=\"https:\/\/www.sindilat.com.br\/site\/2026\/01\/16\/16-01-2026\/\" class=\"more-link\">...continuar lendo<span class=\"screen-reader-text\"> \"16\/01\/2026\"<\/span><\/a><\/p>\n","protected":false},"author":2,"featured_media":0,"comment_status":"closed","ping_status":"open","sticky":false,"template":"","format":"standard","meta":{"ngg_post_thumbnail":0,"footnotes":""},"categories":[28],"tags":[],"class_list":{"0":"post-18586","1":"post","2":"type-post","3":"status-publish","4":"format-standard","6":"category-newsletter","7":"h-entry","8":"hentry","9":"h-as-article"},"_links":{"self":[{"href":"https:\/\/www.sindilat.com.br\/site\/wp-json\/wp\/v2\/posts\/18586","targetHints":{"allow":["GET"]}}],"collection":[{"href":"https:\/\/www.sindilat.com.br\/site\/wp-json\/wp\/v2\/posts"}],"about":[{"href":"https:\/\/www.sindilat.com.br\/site\/wp-json\/wp\/v2\/types\/post"}],"author":[{"embeddable":true,"href":"https:\/\/www.sindilat.com.br\/site\/wp-json\/wp\/v2\/users\/2"}],"replies":[{"embeddable":true,"href":"https:\/\/www.sindilat.com.br\/site\/wp-json\/wp\/v2\/comments?post=18586"}],"version-history":[{"count":2,"href":"https:\/\/www.sindilat.com.br\/site\/wp-json\/wp\/v2\/posts\/18586\/revisions"}],"predecessor-version":[{"id":18588,"href":"https:\/\/www.sindilat.com.br\/site\/wp-json\/wp\/v2\/posts\/18586\/revisions\/18588"}],"wp:attachment":[{"href":"https:\/\/www.sindilat.com.br\/site\/wp-json\/wp\/v2\/media?parent=18586"}],"wp:term":[{"taxonomy":"category","embeddable":true,"href":"https:\/\/www.sindilat.com.br\/site\/wp-json\/wp\/v2\/categories?post=18586"},{"taxonomy":"post_tag","embeddable":true,"href":"https:\/\/www.sindilat.com.br\/site\/wp-json\/wp\/v2\/tags?post=18586"}],"curies":[{"name":"wp","href":"https:\/\/api.w.org\/{rel}","templated":true}]}}