{"id":183,"date":"2015-02-04T11:07:00","date_gmt":"2015-02-04T11:07:00","guid":{"rendered":"http:\/\/www.sindilat.com.br\/site\/2015\/02\/04\/tarifaco-na-conta-de-luz-pode-chegar-a-26\/"},"modified":"2015-02-04T11:07:00","modified_gmt":"2015-02-04T11:07:00","slug":"tarifaco-na-conta-de-luz-pode-chegar-a-26","status":"publish","type":"post","link":"https:\/\/www.sindilat.com.br\/site\/2015\/02\/04\/tarifaco-na-conta-de-luz-pode-chegar-a-26\/","title":{"rendered":"Tarifa\u00e7o na conta de luz pode chegar a 26%"},"content":{"rendered":"<p style=\"text-align: justify;\"><span style=\"color: #132630; font-family: verdana; font-size: 12px; line-height: 20px; text-align: justify;\"><img loading=\"lazy\" decoding=\"async\" class=\" alignright size-full wp-image-182\" src=\"http:\/\/www.sindilat.com.br\/site\/wp-content\/uploads\/2015\/02\/Lampada-tomas-edison-20090828122530.jpg\" alt=\"Lampada tomas edison 20090828122530\" style=\"float: right;\" width=\"450\" height=\"382\" srcset=\"https:\/\/www.sindilat.com.br\/site\/wp-content\/uploads\/2015\/02\/Lampada-tomas-edison-20090828122530.jpg 450w, https:\/\/www.sindilat.com.br\/site\/wp-content\/uploads\/2015\/02\/Lampada-tomas-edison-20090828122530-300x255.jpg 300w\" sizes=\"auto, (max-width: 450px) 100vw, 450px\" \/>As revis\u00f5es tarif\u00e1rias extraordin\u00e1rias, que ser\u00e3o aplicadas a partir de mar\u00e7o \u00e0s distribuidoras de energia el\u00e9trica, podem chegar a 26% para as regi\u00f5es Sul, Sudeste e Centro-Oeste. Isso porque, al\u00e9m do valor das cotas da Conta de Desenvolvimento Energ\u00e9tico (CDE), que devem impactar em 19,97%, h\u00e1 ainda o impacto do aumento das tarifas da usina de Itaipu, calculado em cerca de 6%. Segundo o diretor-geral da Ag\u00eancia Nacional de Energia El\u00e9trica (Aneel), Romeu Rufino, outros fatores podem impactar as revis\u00f5es, tanto para mais como para menos. \u201cCada empresa tem a sua cota de Itaipu, e a CDE \u00e9 proporcional ao mercado\u201d \u2014 explicou. Ele tamb\u00e9m lembrou que haver\u00e1 uma audi\u00eancia p\u00fablica para debater os valores finais da CDE. As distribuidoras do Norte e Nordeste ter\u00e3o aumentos menores, j\u00e1 que os consumidores dessas regi\u00f5es n\u00e3o recebem a energia de Itaipu. Al\u00e9m disso, o impacto da CDE no Norte e Nordeste do pa\u00eds ser\u00e1 de apenas 3,89%. De acordo com Rufino, os reajustes das tarifas de energia, que ocorrerem no segundo semestre do ano, dever\u00e3o ser menores do que os que j\u00e1 come\u00e7aram a ser aplicados pela Aneel. Segundo ele, depois que as revis\u00f5es extraordin\u00e1rias forem aplicadas e houver a revis\u00e3o dos \u00edndices de bandeiras tarif\u00e1rias, os aumentos da conta de luz baixar\u00e3o para patamares menores. Rufino disse tamb\u00e9m que se as condi\u00e7\u00f5es de pagamento do empr\u00e9stimo feito \u00e0s distribuidoras forem modificadas, poder\u00e1 haver altera\u00e7\u00e3o nos reajustes tarif\u00e1rios j\u00e1 aplicados pela Aneel. Segundo ele, se os par\u00e2metros forem alterados, a diferen\u00e7a poder\u00e1 ser calculada no pr\u00f3ximo processo tarif\u00e1rio das empresas. Rufino ressaltou que as mudan\u00e7as nas condi\u00e7\u00f5es do empr\u00e9stimo est\u00e3o sendo estudadas pelo Minist\u00e9rio da Fazenda, bem como a possibilidade de uma nova parcela do empr\u00e9stimo. (Correio do Povo)<\/span><\/p>\n","protected":false},"excerpt":{"rendered":"<p>As revis\u00f5es tarif\u00e1rias extraordin\u00e1rias, que ser\u00e3o aplicadas a partir de mar\u00e7o \u00e0s distribuidoras de energia el\u00e9trica, podem chegar a 26% para as regi\u00f5es Sul, Sudeste e Centro-Oeste. Isso porque, al\u00e9m do valor das cotas da Conta de Desenvolvimento Energ\u00e9tico (CDE), que devem impactar em 19,97%, h\u00e1 ainda o impacto do aumento das tarifas da usina <a href=\"https:\/\/www.sindilat.com.br\/site\/2015\/02\/04\/tarifaco-na-conta-de-luz-pode-chegar-a-26\/\" class=\"more-link\">...continuar lendo<span class=\"screen-reader-text\"> \"Tarifa\u00e7o na conta de luz pode chegar a 26%\"<\/span><\/a><\/p>\n","protected":false},"author":1,"featured_media":182,"comment_status":"open","ping_status":"open","sticky":false,"template":"","format":"standard","meta":{"ngg_post_thumbnail":0,"footnotes":""},"categories":[2],"tags":[],"class_list":{"0":"post-183","1":"post","2":"type-post","3":"status-publish","4":"format-standard","5":"has-post-thumbnail","7":"category-nocat","8":"h-entry","9":"hentry","10":"h-as-article"},"_links":{"self":[{"href":"https:\/\/www.sindilat.com.br\/site\/wp-json\/wp\/v2\/posts\/183","targetHints":{"allow":["GET"]}}],"collection":[{"href":"https:\/\/www.sindilat.com.br\/site\/wp-json\/wp\/v2\/posts"}],"about":[{"href":"https:\/\/www.sindilat.com.br\/site\/wp-json\/wp\/v2\/types\/post"}],"author":[{"embeddable":true,"href":"https:\/\/www.sindilat.com.br\/site\/wp-json\/wp\/v2\/users\/1"}],"replies":[{"embeddable":true,"href":"https:\/\/www.sindilat.com.br\/site\/wp-json\/wp\/v2\/comments?post=183"}],"version-history":[{"count":0,"href":"https:\/\/www.sindilat.com.br\/site\/wp-json\/wp\/v2\/posts\/183\/revisions"}],"wp:featuredmedia":[{"embeddable":true,"href":"https:\/\/www.sindilat.com.br\/site\/wp-json\/wp\/v2\/media\/182"}],"wp:attachment":[{"href":"https:\/\/www.sindilat.com.br\/site\/wp-json\/wp\/v2\/media?parent=183"}],"wp:term":[{"taxonomy":"category","embeddable":true,"href":"https:\/\/www.sindilat.com.br\/site\/wp-json\/wp\/v2\/categories?post=183"},{"taxonomy":"post_tag","embeddable":true,"href":"https:\/\/www.sindilat.com.br\/site\/wp-json\/wp\/v2\/tags?post=183"}],"curies":[{"name":"wp","href":"https:\/\/api.w.org\/{rel}","templated":true}]}}