{"id":180,"date":"2015-02-04T10:55:00","date_gmt":"2015-02-04T10:55:00","guid":{"rendered":"http:\/\/www.sindilat.com.br\/site\/2015\/02\/04\/previsao-da-fonterra-e-de-producao-de-leite-3-3-menor\/"},"modified":"2015-02-04T10:55:00","modified_gmt":"2015-02-04T10:55:00","slug":"previsao-da-fonterra-e-de-producao-de-leite-3-3-menor","status":"publish","type":"post","link":"https:\/\/www.sindilat.com.br\/site\/2015\/02\/04\/previsao-da-fonterra-e-de-producao-de-leite-3-3-menor\/","title":{"rendered":"Previs\u00e3o da Fonterra \u00e9 de produ\u00e7\u00e3o de leite 3,3% menor"},"content":{"rendered":"<p style=\"text-align: justify;\"><span style=\"color: #132630; font-family: verdana; font-size: 12px; line-height: 20px; text-align: justify;\"><img loading=\"lazy\" decoding=\"async\" class=\" alignright size-full wp-image-100\" src=\"http:\/\/www.sindilat.com.br\/site\/wp-content\/uploads\/2015\/01\/070621142235341.jpg\" alt=\"070621142235341\" style=\"line-height: 24px; float: right;\" width=\"195\" height=\"260\" \/>A cooperativa de l\u00e1cteos da Nova Zel\u00e2ndia, Fonterra, reduziu o volume da sua previs\u00e3o de produ\u00e7\u00e3o de leite para a esta\u00e7\u00e3o de 2014-15 para 1,532 milh\u00f5es de quilos de s\u00f3lidos do leite (18,23 bilh\u00f5es de quilos de leite), refletindo o impacto do clima seco na produ\u00e7\u00e3o nas \u00faltimas semanas. A nova previs\u00e3o \u00e9 3,3% menor do que a produ\u00e7\u00e3o de 1,584 bilh\u00e3o de quilos de s\u00f3lidos do leite (18,84 bilh\u00f5es de quilos de leite) da esta\u00e7\u00e3o anterior. A previs\u00e3o anterior de produ\u00e7\u00e3o, feita em dezembro do ano passado, tinha sido desse mesmo volume \u2013 1,584 bilh\u00e3o de quilos de s\u00f3lidos do leite. A Fonterra disse que cumprir\u00e1 com todos os atuais compromissos de vendas, mas que planejou reduzir a quantidade de produtos oferecidos na plataforma de leil\u00f5es, GlobalDairyTrade. O diretor de assuntos cooperativos da Fonterra, Miles Hurrell, disse que a produ\u00e7\u00e3o di\u00e1ria de leite est\u00e1 agora 6,1% menor do que no mesmo per\u00edodo da esta\u00e7\u00e3o anterior, \u00e0 medida que os produtores parecem estar usando mais pr\u00e1ticas tradicionais para administrar seus neg\u00f3cios rurais, devido \u00e0 previs\u00e3o de baixo pagamento. \u201cNa primeira metade da esta\u00e7\u00e3o, as excelentes condi\u00e7\u00f5es de pastagens resultaram em volumes de leite maiores que na esta\u00e7\u00e3o anterior. A situa\u00e7\u00e3o mudou significativamente no curso desse m\u00eas\u201d. Em algumas regi\u00f5es, onde a qualidade das pastagens declinou bastante desde o meio de janeiro, os produtores estavam secando as vacas mais cedo. Parece tamb\u00e9m haver uma redu\u00e7\u00e3o nos suplementos alimentares, \u00e0 medida que a economia n\u00e3o suporta seu amplo uso nessa esta\u00e7\u00e3o, disse Hurrell. A reportagem \u00e9 do (The New Zealand Herald)&nbsp;<\/span><\/p>\n","protected":false},"excerpt":{"rendered":"<p>A cooperativa de l\u00e1cteos da Nova Zel\u00e2ndia, Fonterra, reduziu o volume da sua previs\u00e3o de produ\u00e7\u00e3o de leite para a esta\u00e7\u00e3o de 2014-15 para 1,532 milh\u00f5es de quilos de s\u00f3lidos do leite (18,23 bilh\u00f5es de quilos de leite), refletindo o impacto do clima seco na produ\u00e7\u00e3o nas \u00faltimas semanas. A nova previs\u00e3o \u00e9 3,3% menor <a href=\"https:\/\/www.sindilat.com.br\/site\/2015\/02\/04\/previsao-da-fonterra-e-de-producao-de-leite-3-3-menor\/\" class=\"more-link\">...continuar lendo<span class=\"screen-reader-text\"> \"Previs\u00e3o da Fonterra \u00e9 de produ\u00e7\u00e3o de leite 3,3% menor\"<\/span><\/a><\/p>\n","protected":false},"author":1,"featured_media":100,"comment_status":"open","ping_status":"open","sticky":false,"template":"","format":"standard","meta":{"ngg_post_thumbnail":0,"footnotes":""},"categories":[2],"tags":[],"class_list":{"0":"post-180","1":"post","2":"type-post","3":"status-publish","4":"format-standard","5":"has-post-thumbnail","7":"category-nocat","8":"h-entry","9":"hentry","10":"h-as-article"},"_links":{"self":[{"href":"https:\/\/www.sindilat.com.br\/site\/wp-json\/wp\/v2\/posts\/180","targetHints":{"allow":["GET"]}}],"collection":[{"href":"https:\/\/www.sindilat.com.br\/site\/wp-json\/wp\/v2\/posts"}],"about":[{"href":"https:\/\/www.sindilat.com.br\/site\/wp-json\/wp\/v2\/types\/post"}],"author":[{"embeddable":true,"href":"https:\/\/www.sindilat.com.br\/site\/wp-json\/wp\/v2\/users\/1"}],"replies":[{"embeddable":true,"href":"https:\/\/www.sindilat.com.br\/site\/wp-json\/wp\/v2\/comments?post=180"}],"version-history":[{"count":0,"href":"https:\/\/www.sindilat.com.br\/site\/wp-json\/wp\/v2\/posts\/180\/revisions"}],"wp:featuredmedia":[{"embeddable":true,"href":"https:\/\/www.sindilat.com.br\/site\/wp-json\/wp\/v2\/media\/100"}],"wp:attachment":[{"href":"https:\/\/www.sindilat.com.br\/site\/wp-json\/wp\/v2\/media?parent=180"}],"wp:term":[{"taxonomy":"category","embeddable":true,"href":"https:\/\/www.sindilat.com.br\/site\/wp-json\/wp\/v2\/categories?post=180"},{"taxonomy":"post_tag","embeddable":true,"href":"https:\/\/www.sindilat.com.br\/site\/wp-json\/wp\/v2\/tags?post=180"}],"curies":[{"name":"wp","href":"https:\/\/api.w.org\/{rel}","templated":true}]}}