{"id":1625,"date":"2017-07-20T18:12:00","date_gmt":"2017-07-20T18:12:00","guid":{"rendered":"http:\/\/www.sindilat.com.br\/site\/2017\/07\/20\/20-07-2017\/"},"modified":"2017-07-20T18:12:00","modified_gmt":"2017-07-20T18:12:00","slug":"20-07-2017","status":"publish","type":"post","link":"https:\/\/www.sindilat.com.br\/site\/2017\/07\/20\/20-07-2017\/","title":{"rendered":"20\/07\/2017"},"content":{"rendered":"<p>\u00a0<\/p>\n<div style=\"text-align: center;\"><a style=\"font-size: 12px; font-family: verdana, geneva, sans-serif;\" href=\"http:\/\/www.sindilat.com.br\"><img decoding=\"async\" style=\"height: 82px; width: 643px;\" src=\"http:\/\/cache.mail2easy.com.br\/i\/6186\/5\" alt=\"\" \/><\/a><\/div>\n<div style=\"text-align: center;\">\n<p><strong><em>Porto Alegre, 20 de julho de 2017<\/em><\/strong><strong><em>\u00a0 \u00a0 \u00a0 \u00a0 \u00a0 \u00a0 \u00a0 \u00a0 \u00a0 \u00a0 \u00a0 \u00a0 \u00a0 \u00a0 \u00a0 \u00a0 \u00a0 \u00a0 \u00a0 \u00a0 \u00a0 \u00a0 \u00a0 Ano 11- N\u00b0 2.545<\/em><\/strong><\/p>\n<p>\u00a0<\/p>\n<p><span style=\"font-size: 12px;\"><span style=\"font-family: tahoma,geneva,sans-serif;\"><img decoding=\"async\" src=\"http:\/\/cache.mail2easy.com.br\/i\/6186\/6\" \/><\/span><\/span><\/p>\n<p><img decoding=\"async\" style=\"font-family: verdana,geneva,sans-serif; font-size: 12px; height: 16px; text-align: justify; width: 811px;\" src=\"http:\/\/cache.mail2easy.com.br\/i\/6186\/7\" alt=\"\" \/><\/p>\n<div style=\"text-align: justify;\"><strong><u><span style=\"font-size: 12px;\"><span style=\"font-family: tahoma,geneva,sans-serif;\"><img decoding=\"async\" style=\"float: left; height: 34px; width: 53px;\" src=\"http:\/\/cache.mail2easy.com.br\/i\/6186\/8\" alt=\"\" \/><\/span><\/span><\/u><\/strong><\/div>\n<div style=\"text-align: justify;\">\n<div style=\"text-align: justify;\">\n<p style=\"text-align: justify; margin: 3.75pt 0cm 7.5pt; background: white;\"><strong>Conseleite\/PR<\/strong><\/p>\n<p> A diretoria do Conseleite-Paran\u00e1 reunida no dia 18 de Julho de 2017 na sede da FAEP na cidade de Curitiba, atendendo os dispositivos disciplinados no Cap\u00edtulo II do T\u00edtulo II do seu Regulamento, aprova e divulga os valores de refer\u00eancia para a mat\u00e9ria-prima leite realizados em Julho de 2017 e a proje\u00e7\u00e3o dos valores de refer\u00eancia para o m\u00eas de Junho 2017, calculados por metodologia definida pelo Conseleite-Paran\u00e1, a partir dos pre\u00e7os m\u00e9dios e do mix de comercializa\u00e7\u00e3o dos derivados l\u00e1cteos praticados pelas empresas participantes.<\/p>\n<p> Os valores de refer\u00eancia indicados nesta resolu\u00e7\u00e3o para a mat\u00e9ria-prima leite denominada \"Leite Padr\u00e3o\", se refere ao leite analisado que cont\u00e9m 3,50% de gordura, 3,10% de prote\u00edna, 400 mil c\u00e9lulas som\u00e1ticas \/ml e 300 mil ufc\/ml de contagem bacteriana. Para o leite pasteurizado o valor projetado para o m\u00eas de Julho de 2017 \u00e9 de R$ 2,3700\/litro. Visando apoiar pol\u00edticas de pagamento da mat\u00e9ria-prima leite conforme a qualidade, o Conseleite-Paran\u00e1 disponibiliza um simulador para o c\u00e1lculo de valores de refer\u00eancia para o leite analisado em fun\u00e7\u00e3o de seus teores de gordura, prote\u00edna, contagem de c\u00e9lulas som\u00e1ticas e contagem bacteriana. O simulador est\u00e1 dispon\u00edvel no seguinte endere\u00e7o eletr\u00f4nico: www.conseleitepr.com.br. (Conseleite\/PR)<\/p>\n<p style=\"text-align: justify; margin: 3.75pt 0cm 7.5pt; background: white;\"><img decoding=\"async\" style=\"width: 647px; height: 428px;\" src=\"http:\/\/cache.mail2easy.com.br\/i\/6186\/2322\" alt=\"\" \/><\/p>\n<p style=\"margin: 3.75pt 0cm 7.5pt; background: white;\"><img decoding=\"async\" style=\"font-family: verdana, geneva, sans-serif; font-size: 12px; height: 16px; text-align: justify; width: 811px; display: block; margin-left: auto; margin-right: auto;\" src=\"http:\/\/cache.mail2easy.com.br\/i\/6186\/7\" alt=\"\" \/><\/p>\n<p style=\"text-align: justify; margin: 3.75pt 0cm 7.5pt; background: white;\">\u00a0<\/p>\n<p style=\"text-align: justify; margin: 3.75pt 0cm 7.5pt; background: white;\"><strong>Brasil cria barreira de prote\u00e7\u00e3o sanit\u00e1ria na fronteira com a Venezuela<\/strong><\/p>\n<p style=\"margin: 3.75pt 0cm 7.5pt; background: white;\"> O tr\u00e2nsito de ve\u00edculos e pessoas que circulam com produtos de origem animal in natura no munic\u00edpio roraimense de Pacaraima, na fronteira com a Venezuela, est\u00e1 sob rigorosa fiscaliza\u00e7\u00e3o por causa de focos de febre aftosa detectados na Col\u00f4mbia.<\/p>\n<p> Segundo a chefe do Setor de Fiscaliza\u00e7\u00e3o Agropecu\u00e1ria da Superintend\u00eancia Federal de Agricultura de Roraima (SFA\/RR), Terezinha Brand\u00e3o, a barreira de prote\u00e7\u00e3o \u00e9 formada por tr\u00eas equipes permanentes: uma na entrada de Pacaraima, a segunda em regime de vinte e quatro horas na sa\u00edda do munic\u00edpio e a terceira em poss\u00edveis passagens clandestinas localizadas ao longo da fronteira seca do estado com o pa\u00eds vizinho.<\/p>\n<p> Na primeira semana de atua\u00e7\u00e3o, diz Terezinha Brand\u00e3o, foram aprendidos mais de 40 kg de produtos, entre carnes, queijos e embutidos. O trabalho do Minist\u00e9rio da Agricultura, Pecu\u00e1ria e Abastecimento (Mapa) tem o apoio da Ag\u00eancia de Defesa Agropecu\u00e1ria (Aderr) do estado. A a\u00e7\u00e3o \u00e9 por tempo indeterminado, assinala a chefe de Fiscaliza\u00e7\u00e3o Agropecu\u00e1ria da SFA\/RR. O Mapa est\u00e1 monitorando, por meio de boletins, a evolu\u00e7\u00e3o das medidas adotadas pela Col\u00f4mbia para conter a prolifera\u00e7\u00e3o do v\u00edrus.<\/p>\n<p> O refor\u00e7o na fiscaliza\u00e7\u00e3o se imp\u00f5e porque a Venezuela tem extensa fronteira com a Col\u00f4mbia. A medida objetiva garantir n\u00e3o s\u00f3 a sanidade do gado de Roraima, mas tamb\u00e9m a do restante do pa\u00eds. O estado tem cerca de 800 mil cabe\u00e7as de gado e foi declarado como livre de aftosa pelo Mapa em abril deste ano. O Brasil \u00e9 reconhecido pela Organiza\u00e7\u00e3o Mundial de Sa\u00fade Animal (OIE) como livre de aftosa com vacina\u00e7\u00e3o e tem o maior rebanho comercial do mundo, com 217,5 milh\u00f5es de cabe\u00e7as. (As informa\u00e7\u00f5es s\u00e3o do Mapa)<\/p>\n<p> <strong>Brasil facilita entrada de produtos agropecu\u00e1rios da UE; leite e produtos l\u00e1cteos s\u00e3o beneficiados<\/strong><\/p>\n<p> O Brasil concedeu autoriza\u00e7\u00f5es sanit\u00e1rias para a Uni\u00e3o Europeia (UE) que v\u00e3o facilitar a entrada de uma s\u00e9rie de produtos de origem animal do bloco no mercado brasileiro, como Bruxelas vinha exigindo em meio \u00e0s discuss\u00f5es sobre problemas com a carne brasileira. \"Atendemos a uma s\u00e9rie de pedidos da UE na \u00e1rea fitossanit\u00e1ria. Para eles, o impacto ser\u00e1 importante\"', afirmou o diretor do Departamento Econ\u00f4mico do Itamaraty, Pedro Miguel da Costa e Silva, que trabalha em Genebra.<\/p>\n<p> Segundo o Minist\u00e9rio da Agricultura, os produtos beneficiados s\u00e3o carne e produtos c\u00e1rneos de aves, bovinos e su\u00ednos, envolt\u00f3rios naturais de bovinos e su\u00ednos, gelatina e col\u00e1geno, leite e produtos l\u00e1cteos e mel e produtos ap\u00edcolas e ovos. Conforme o diplomata, as autoriza\u00e7\u00f5es n\u00e3o t\u00eam rela\u00e7\u00e3o com as discuss\u00f5es acerca das inspe\u00e7\u00f5es envolvendo carne brasileira, que at\u00e9 agora n\u00e3o satisfizeram Bruxelas.<\/p>\n<p> Pedro Miguel da Costa e Silva disse que a agenda SPS, que inclui medidas sanit\u00e1rias e fitossanit\u00e1rias, \u00e9 permanente entre Brasil e UE, e que quest\u00f5es espec\u00edficas fazem parte do dia a dia dessas discuss\u00f5es. E que \u00e9 em decorr\u00eancia de inspe\u00e7\u00f5es, converg\u00eancias regulat\u00f3rias e an\u00e1lises t\u00e9cnicas que os produtos s\u00e3o liberados nos respectivos mercados.<\/p>\n<p> Por\u00e9m, ao retornar de uma viagem ao Brasil logo depois de deflagrada a Opera\u00e7\u00e3o Carne Fraca, em mar\u00e7o, o comiss\u00e1rio de Sa\u00fade e Seguran\u00e7a de Alimentos da UE, Vytenis Andriukaitis, n\u00e3o escondeu que Bruxelas estava usando o problema para tentar arrancar rapidamente do Brasil melhor acesso para suas exporta\u00e7\u00f5es agroalimentares.<\/p>\n<p> Na ocasi\u00e3o, ele contou que aproveitou a viagem ao Brasil \"para destacar a forte insatisfa\u00e7\u00e3o dos Estados-membros\" com as dificuldades no acesso de produtos europeus do setor no pa\u00eds. E disse que elas contrastava \"com a abordagem transparente e construtiva [da UE] em rela\u00e7\u00e3o ao Brasil\", inclusive naquela situa\u00e7\u00e3o.\u00a0<\/p>\n<p> Em Genebra, no exame da pol\u00edtica comercial brasileira, a UE fez perguntas sobre inspe\u00e7\u00e3o, reconhecimento de produtos e outros aspectos t\u00e9cnicos. Foi o que levou a delega\u00e7\u00e3o brasileira a destacar que, na semana passada, uma s\u00e9rie de autoriza\u00e7\u00f5es para atender \u00e0 demanda europeia havia sido enviada. (As informa\u00e7\u00f5es s\u00e3o do jornal Valor Econ\u00f4mico)<\/p>\n<p> <strong>Languiru recebe distin\u00e7\u00e3o pela atua\u00e7\u00e3o no mercado internacional<\/strong><\/p>\n<p> A Cooperativa Languiru foi reconhecida como Destaque Mercadol\u00f3gico no 45\u00ba Pr\u00eamio Exporta\u00e7\u00e3o do Rio Grande do Sul. O presidente Dirceu Bayer, acompanhado do vice-presidente Renato Kreimeier, do diretor administrativo Euclides Andrade, do gerente industrial Fabiano Leonhardt e do jornalista Leandro Augusto Hamester, participaram da solenidade de premia\u00e7\u00e3o realizada na noite de 13 de julho no Teatro Bourbon Country, em Porto Alegre. Considerado o principal reconhecimento na \u00e1rea de com\u00e9rcio exterior no Rio Grande do Sul, o Pr\u00eamio Exporta\u00e7\u00e3o RS \u00e9 uma promo\u00e7\u00e3o da Associa\u00e7\u00e3o dos Dirigentes de Marketing e Vendas do Brasil (ADVB\/RS). A distin\u00e7\u00e3o busca valorizar empresas ga\u00fachas ou com sede no Estado que obtiveram os melhores resultados no com\u00e9rcio internacional, colaborando para a economia do Rio Grande do Sul com o desenvolvimento de estrat\u00e9gias inovadoras para expor e comercializar seus produtos no mercado externo. O 45\u00ba Pr\u00eamio Exporta\u00e7\u00e3o RS teve 43 empresas de diferentes setores agraciadas, valorizando os melhores resultados mercadol\u00f3gicos e estrat\u00e9gias inovadoras no \u00e2mbito global. A premia\u00e7\u00e3o \u00e9 baseada no desempenho quantitativo e qualitativo das exporta\u00e7\u00f5es, avaliados por Conselho formado por lideran\u00e7as de institui\u00e7\u00f5es relacionadas ao cen\u00e1rio exportador ga\u00facho: ADVB\/RS, Agenda 2020, Apex-Brasil, Badesul, Secretaria do Desenvolvimento Econ\u00f4mico, Ci\u00eancia e Tecnologia do Rio Grande do Sul, Banco do Brasil, Governo Federal, BRDE, Banrisul, Governo do Estado, Farsul, Fecom\u00e9rcio-RS, Federasul, Funda\u00e7\u00e3o de Economia e Estat\u00edstica, Fiergs, Movimento Brasil Competitivo, PGQP, Porto do Rio Grande, Secretaria dos Transportes do Rio Grande do Sul, PwC e UFRGS.<\/p>\n<p> As empresas agraciadas, provenientes de diferentes regi\u00f5es do Estado, foram reconhecidas em 21 categorias. Al\u00e9m disso, a edi\u00e7\u00e3o deste ano do Pr\u00eamio tamb\u00e9m reconheceu a personalidade Revela\u00e7\u00e3o em Com\u00e9rcio Internacional, entregue ao diretor-presidente do Tecon Rio Grande, Paulo Bertinetti, e Personalidade Competitiva Internacional 2017, concedida ao presidente da Cotrijal, Nei M\u00e2nica. A cerim\u00f4nia de premia\u00e7\u00e3o reuniu mais de 500 convidados, em especial lideran\u00e7as empresariais e pol\u00edticas do Estado, formadores de opini\u00e3o e imprensa.\u00a0<\/p>\n<p> Destaque Mercadol\u00f3gico<br \/> A Cooperativa Languiru foi laureada com a distin\u00e7\u00e3o Destaque Mercadol\u00f3gico, balizando a aplica\u00e7\u00e3o de avan\u00e7adas t\u00e9cnicas de marketing no mercado internacional. O reconhecimento notabiliza o trabalho da cooperativa, da prospec\u00e7\u00e3o ao p\u00f3s-venda, com a estrat\u00e9gia de fideliza\u00e7\u00e3o de clientes em diferentes mercados consumidores, atendendo altas exig\u00eancias quanto ao padr\u00e3o de qualidade dos produtos, e sua participa\u00e7\u00e3o nas maiores feiras de alimentos no mundo. Na mesma categoria tamb\u00e9m foram homenageadas as empresas Leeboy Brazil, de Porto Alegre, e Schio, de Vacaria. O presidente Dirceu Bayer recebeu o trof\u00e9u das m\u00e3os do presidente da Fecoagro, Paulo Pires. \"O agroneg\u00f3cio mais uma vez mostra a sua for\u00e7a para o desenvolvimento econ\u00f4mico do pa\u00eds, e precisa ser valorizado por isso. Precisamos seguir em frente, procurando um lugar ao sol diante do cen\u00e1rio de perda de confian\u00e7a na economia e na pol\u00edtica brasileira. \u00c9 essencial valorizarmos bons exemplos, como os que foram reconhecidos no Pr\u00eamio Exporta\u00e7\u00e3o RS. Momentos como esse s\u00e3o muito importantes e nos motivam a seguir em frente\", agradeceu Bayer. Consolidada como a segunda maior cooperativa de produ\u00e7\u00e3o do Estado (Ranking da Revista Amanh\u00e3 2016), o presidente enalteceu a qualidade dos produtos Languiru e o empenho de associados e colaboradores. \"O segredo da nossa qualidade est\u00e1 na atua\u00e7\u00e3o pr\u00f3xima aos associados, a grande maioria com pequenas propriedades. Tamb\u00e9m somos caracterizados pela diversidade de neg\u00f3cios da cooperativa e o excelente trabalho de assist\u00eancia t\u00e9cnica ao produtor. Em momentos de crise, essa diversifica\u00e7\u00e3o contribui significativamente para o desempenho positivo da Languiru ao longo dos \u00faltimos anos. Com este mix de alternativas, conseguimos nos posicionar de maneira diferenciada no mercado. Com o trabalho de gest\u00e3o, aliado \u00e0 dedica\u00e7\u00e3o de associados e colaboradores, a Languiru vive um excelente momento\", avaliou. Considerando a presen\u00e7a da Languiru no mercado externo, Bayer reiterou o incremento nos volumes comercializados. \"Estamos muito animados com o acr\u00e9scimo registrado nas exporta\u00e7\u00f5es de produtos de aves e su\u00ednos, com o advento dos investimentos realizados no nosso novo Frigor\u00edfico de Su\u00ednos e alicer\u00e7ado na nossa tradi\u00e7\u00e3o e qualidade empregada no Frigor\u00edfico de Aves. Passamos a atender novos e importantes mercados e hoje os produtos Languiru est\u00e3o presentes em mais de 40 pa\u00edses. Consolidamos o projeto da cooperativa, cujo desempenho reflete no faturamento que superou R$ 1,2 bilh\u00e3o no \u00faltimo exerc\u00edcio, com perspectiva de crescimento para 2017.\" Apesar do cen\u00e1rio de incertezas, Bayer se disse otimista. \"Vivemos um momento diferenciado e importante, com redu\u00e7\u00e3o dos custos de produ\u00e7\u00e3o, especialmente de insumos como o milho e o farelo de soja, o que nos permite resultados promissores tanto na avicultura como na suinocultura, refletindo no excelente desempenho econ\u00f4mico e financeiro da Languiru, especialmente neste primeiro semestre de 2017\", concluiu.<\/p>\n<p> Agenda positiva<br \/> O vice-presidente da Languiru, Renato Kreimeier, tamb\u00e9m se disse contente com o reconhecimento e valorizou a import\u00e2ncia da distin\u00e7\u00e3o como Destaque Mercadol\u00f3gico. \"Esse \u00e9 o 'Oscar da exporta\u00e7\u00e3o', o Rio Grande do Sul e o Brasil precisam marcar territ\u00f3rio tamb\u00e9m no mercado global. \u00c9 muito importante divulgar esses cases de sucesso, as boas not\u00edcias, num momento conturbado no cen\u00e1rio pol\u00edtico e econ\u00f4mico. \u00c9 uma honra podermos, mais uma vez, integrar este seleto grupo de empresas exportadoras bem-sucedidas. \u00c9 um momento comemorado por toda 'Fam\u00edlia Languiru'\", frisou. Da mesma forma, tamb\u00e9m enalteceu os recentes investimentos realizados pela cooperativa no seu parque industrial, bem como as melhorias implementadas pelos associados nas suas propriedades. \"Tanto a Languiru quanto o nosso produtor realizaram uma s\u00e9rie de investimentos em infraestrutura e tecnologia. Hoje, a cooperativa est\u00e1 preparada para atender aos mercados mais exigentes do mundo globalizado.\"<\/p>\n<p> Kreimeier lembrou a hist\u00f3ria da Languiru no mercado internacional, com a exporta\u00e7\u00e3o de cortes de frango h\u00e1 mais de 20 anos e o in\u00edcio das exporta\u00e7\u00f5es de produtos su\u00ednos. \"A Languiru vive um bom momento, gra\u00e7as \u00e0 efici\u00eancia e trabalho dos associados e medidas de gest\u00e3o e reestrutura\u00e7\u00e3o adotadas pela cooperativa a partir de 2015. Hoje, produzimos mais de 735 mil quilos de alimentos diariamente, al\u00e9m de 1,4 milh\u00e3o de quilos de alimentos para nutri\u00e7\u00e3o animal. Estamos entre as maiores cooperativas de produ\u00e7\u00e3o do Rio Grande do Sul, com previs\u00e3o de faturamento de R$ 1,3 bilh\u00e3o em 2017, bons n\u00fameros que tamb\u00e9m se refletem nas propriedades dos nossos associados, al\u00e9m da oferta de produtos de qualidade e com valor agregado ao mercado nacional e internacional\", finalizou o vice-presidente. (Assessoria de Imprensa Languiru)\u00a0<\/p>\n<p> <img decoding=\"async\" style=\"font-family: verdana, geneva, sans-serif; font-size: 12px; height: 16px; width: 811px; display: block; margin-left: auto; margin-right: auto;\" src=\"http:\/\/cache.mail2easy.com.br\/i\/6186\/7\" alt=\"\" \/><\/p>\n<\/p><\/div>\n<\/p><\/div>\n<div><em><strong><img decoding=\"async\" style=\"font-family: verdana,geneva,sans-serif; font-size: 12px; height: 30px; width: 231px;\" src=\"http:\/\/cache.mail2easy.com.br\/i\/6186\/9\" alt=\"\" \/><\/strong><\/em><\/div>\n<div><em>A qualidade dos produtos l\u00e1cteos chineses continua melhorando, mostra relat\u00f3rio<br \/> Qualidade\/China - Cerca de 99,8% do leite fresco e 99,5% das amostras de produtos l\u00e1cteos testados no \u00faltimo ano atingiram os padr\u00f5es estabelecidos, de acordo com o relat\u00f3rio sobre qualidade dos l\u00e1cteos publicado nesta quarta-feira. A qualidade dos produtos l\u00e1cteos dom\u00e9sticos continuou a melhorar em 2017, de acordo com o relat\u00f3rio conjunto realizado pela Associa\u00e7\u00e3o L\u00e1ctea da China (DAC) e o Minist\u00e9rio da Agricultura (MOA). A ind\u00fastria de latic\u00ednios do pa\u00eds se recuperou do esc\u00e2ndalo de 2008, quando a f\u00f3rmula infantil produzida pelo Grupo Sanlu, ent\u00e3o maior empresa de latic\u00ednios, apresentou contamina\u00e7\u00e3o por melamina, matando seis beb\u00eas e internando outros milhares com s\u00e9rios problemas. Verifica\u00e7\u00f5es peri\u00f3dicas do ano passado n\u00e3o detectaram aditivos ilegais, como a melamina, diz o relat\u00f3rio. Cerca de 98,7% das f\u00f3rmulas infantis testas atenderam os padr\u00f5es recomendados, um percentual muito acima de outros alimentos produzidos no mercado interno. Os indicadores de padr\u00f5es de qualidade e seguran\u00e7a encontrados s\u00e3o compat\u00edveis com os dos pa\u00edses desenvolvidos, disse Wang Jiaqi do MOA, em uma coletiva de imprensa, na ocasi\u00e3o do lan\u00e7amento do relat\u00f3rio. A qualidade do leite e dos produtos l\u00e1cteos melhorou, uma vez que a China tomou medidas severas nos \u00faltimos anos, incluindo melhorando os regulamentos e os padr\u00f5es para a ind\u00fastria, e refor\u00e7o na fiscaliza\u00e7\u00e3o, disse Liu Yaqing, diretor do DAC. A China produziu 37,12 milh\u00f5es de toneladas de leite e 29,93 milh\u00f5es de toneladas de produtos l\u00e1cteos no ano passado, ocupando o terceiro lugar, depois dos Estados Unidos e da \u00cdndia, segundo o relat\u00f3rio. (The Dairy Site - Tradu\u00e7\u00e3o Livre: Terra Viva)<\/em><\/div>\n<div>\n<p style=\"margin: 3.75pt 0cm 7.5pt; background: white;\"><em><img decoding=\"async\" style=\"font-family: verdana, geneva, sans-serif; font-size: 12px; height: 16px; width: 811px; display: block; margin-left: auto; margin-right: auto;\" src=\"http:\/\/cache.mail2easy.com.br\/i\/6186\/7\" alt=\"\" \/><\/em><\/p>\n<\/p><\/div>\n<div style=\"text-align: center;\">\u00a0<\/div>\n<\/p><\/div>\n","protected":false},"excerpt":{"rendered":"<p>\u00a0 Porto Alegre, 20 de julho de 2017\u00a0 \u00a0 \u00a0 \u00a0 \u00a0 \u00a0 \u00a0 \u00a0 \u00a0 \u00a0 \u00a0 \u00a0 \u00a0 \u00a0 \u00a0 \u00a0 \u00a0 \u00a0 \u00a0 \u00a0 \u00a0 \u00a0 \u00a0 Ano 11- N\u00b0 2.545 \u00a0 Conseleite\/PR A diretoria do Conseleite-Paran\u00e1 reunida no dia 18 de Julho de 2017 na sede da FAEP na cidade de <a href=\"https:\/\/www.sindilat.com.br\/site\/2017\/07\/20\/20-07-2017\/\" class=\"more-link\">...continuar lendo<span class=\"screen-reader-text\"> \"20\/07\/2017\"<\/span><\/a><\/p>\n","protected":false},"author":1,"featured_media":0,"comment_status":"open","ping_status":"open","sticky":false,"template":"","format":"standard","meta":{"ngg_post_thumbnail":0,"footnotes":""},"categories":[28],"tags":[],"class_list":{"0":"post-1625","1":"post","2":"type-post","3":"status-publish","4":"format-standard","6":"category-newsletter","7":"h-entry","8":"hentry","9":"h-as-article"},"_links":{"self":[{"href":"https:\/\/www.sindilat.com.br\/site\/wp-json\/wp\/v2\/posts\/1625","targetHints":{"allow":["GET"]}}],"collection":[{"href":"https:\/\/www.sindilat.com.br\/site\/wp-json\/wp\/v2\/posts"}],"about":[{"href":"https:\/\/www.sindilat.com.br\/site\/wp-json\/wp\/v2\/types\/post"}],"author":[{"embeddable":true,"href":"https:\/\/www.sindilat.com.br\/site\/wp-json\/wp\/v2\/users\/1"}],"replies":[{"embeddable":true,"href":"https:\/\/www.sindilat.com.br\/site\/wp-json\/wp\/v2\/comments?post=1625"}],"version-history":[{"count":0,"href":"https:\/\/www.sindilat.com.br\/site\/wp-json\/wp\/v2\/posts\/1625\/revisions"}],"wp:attachment":[{"href":"https:\/\/www.sindilat.com.br\/site\/wp-json\/wp\/v2\/media?parent=1625"}],"wp:term":[{"taxonomy":"category","embeddable":true,"href":"https:\/\/www.sindilat.com.br\/site\/wp-json\/wp\/v2\/categories?post=1625"},{"taxonomy":"post_tag","embeddable":true,"href":"https:\/\/www.sindilat.com.br\/site\/wp-json\/wp\/v2\/tags?post=1625"}],"curies":[{"name":"wp","href":"https:\/\/api.w.org\/{rel}","templated":true}]}}