{"id":1622,"date":"2017-07-18T18:10:41","date_gmt":"2017-07-18T18:10:41","guid":{"rendered":"http:\/\/www.sindilat.com.br\/site\/2017\/07\/18\/18-07-2017\/"},"modified":"2017-07-18T18:10:41","modified_gmt":"2017-07-18T18:10:41","slug":"18-07-2017","status":"publish","type":"post","link":"https:\/\/www.sindilat.com.br\/site\/2017\/07\/18\/18-07-2017\/","title":{"rendered":"18\/07\/2017"},"content":{"rendered":"<p>\u00a0<\/p>\n<div style=\"text-align: center;\">\u00a0<\/div>\n<div style=\"text-align: center;\"><a style=\"font-size: 12px; font-family: verdana, geneva, sans-serif;\" href=\"http:\/\/www.sindilat.com.br\"><img decoding=\"async\" style=\"height: 82px; width: 643px;\" src=\"http:\/\/cache.mail2easy.com.br\/i\/6186\/5\" alt=\"\" \/><\/a><\/div>\n<div style=\"text-align: center;\">\n<p><strong><em>Porto Alegre, 18 de julho de 2017<\/em><\/strong><strong><em>\u00a0 \u00a0 \u00a0 \u00a0 \u00a0 \u00a0 \u00a0 \u00a0 \u00a0 \u00a0 \u00a0 \u00a0 \u00a0 \u00a0 \u00a0 \u00a0 \u00a0 \u00a0 \u00a0 \u00a0 \u00a0 \u00a0 \u00a0 Ano 11- N\u00b0 2.543<\/em><\/strong><\/p>\n<p>\u00a0<\/p>\n<p><span style=\"font-size: 12px;\"><span style=\"font-family: tahoma,geneva,sans-serif;\"><img decoding=\"async\" src=\"http:\/\/cache.mail2easy.com.br\/i\/6186\/6\" \/><\/span><\/span><\/p>\n<p><img decoding=\"async\" style=\"font-family: verdana,geneva,sans-serif; font-size: 12px; height: 16px; text-align: justify; width: 811px;\" src=\"http:\/\/cache.mail2easy.com.br\/i\/6186\/7\" alt=\"\" \/><\/p>\n<div style=\"text-align: justify;\"><strong><u><span style=\"font-size: 12px;\"><span style=\"font-family: tahoma,geneva,sans-serif;\"><img decoding=\"async\" style=\"float: left; height: 34px; width: 53px;\" src=\"http:\/\/cache.mail2easy.com.br\/i\/6186\/8\" alt=\"\" \/><\/span><\/span><\/u><\/strong><\/div>\n<div style=\"text-align: justify;\">\n<div style=\"text-align: justify;\">\n<p style=\"text-align: justify; margin: 3.75pt 0cm 7.5pt; background: white;\"><strong>Setor leiteiro foi o que mais investiu em indeniza\u00e7\u00f5es no segundo trimestre<\/strong><\/p>\n<p> <img decoding=\"async\" style=\"width: 500px; height: 281px;\" src=\"http:\/\/cache.mail2easy.com.br\/i\/6186\/2316\" alt=\"\" \/><br \/> <span style=\"text-align: justify; background-color: #ffffff;\">\u00a0 \u00a0 \u00a0 \u00a0 \u00a0 \u00a0 \u00a0 Foto: Vitorya Paulo<\/span><\/p>\n<p style=\"text-align: justify; margin: 3.75pt 0cm 7.5pt; background: white;\"> O setor leiteiro foi o que mais investiu recursos \u00a0doFundo de Desenvolvimento e Defesa Sanit\u00e1ria Animal (Fundesa) no segundo trimestre de 2017. Segundo dados apresentados durante assembleia geral realizada nesta segunda-feira (17\/7), em Porto Alegre (RS), foram destinados R$ 2.151.433,46 - 76,2% a mais se comparado ao primeiro trimestre deste ano, quando foram investidos R$ 1.222.275,67. Representando o Sindicato da Ind\u00fastria de Latic\u00ednios do Rio Grande do Sul (Sindilat), participaram do encontro o presidente, Alexandre Guerra, e o secret\u00e1rio-executivo, Darlan Palharini. Na ocasi\u00e3o, foi homologada a indica\u00e7\u00e3o de Palharini para a fun\u00e7\u00e3o de presidente do Conselho T\u00e9cnico Operacional da Pecu\u00e1ria Leiteira do Fundesa para o per\u00edodo de 2017\/2018.\u00a0<\/p>\n<p> No segundo trimestre, foram atendidos 112 pedidos de indeniza\u00e7\u00e3o de bovinos de leite, o que corresponde a 569 animais e totaliza R$ 776.063,20. Os dados referem-se ao per\u00edodo entre 17 de abril a 17 de julho. No acumulado do ano, foram destinados R$ 1.763.628,73 milh\u00e3o a indeniza\u00e7\u00f5es - R$ 472 mil a mais que no primeiro semestre do ano passado. Para Guerra, os dados deixam claro o movimento em prol da sanidade dos animais. \"Esses n\u00fameros s\u00e3o resultado do trabalho do setor para deixar o seu rebanho livre de tuberculose e brucelose\", diz o dirigente. De acordo com o presidente do Fundesa, Rog\u00e9rio Kerber, o acr\u00e9scimo tamb\u00e9m \u00e9 derivado da crescente demanda da Secretaria de Agricultura do RS (Seapi). (Assessoria de Imprensa Sindilat)<br \/> \u00a0<\/p>\n<p style=\"margin: 3.75pt 0cm 7.5pt; background: white;\"><img decoding=\"async\" style=\"font-family: verdana, geneva, sans-serif; font-size: 12px; height: 16px; text-align: justify; width: 811px; display: block; margin-left: auto; margin-right: auto;\" src=\"http:\/\/cache.mail2easy.com.br\/i\/6186\/7\" alt=\"\" \/><\/p>\n<p style=\"text-align: justify; margin: 3.75pt 0cm 7.5pt; background: white;\"> <strong>GDT: leite em p\u00f3 integral \"de lado\"; manteiga em alta<\/strong><\/p>\n<p> O segundo leil\u00e3o GDT de junho, que ocorreu nesta ter\u00e7a-feira (18), ao contr\u00e1rio dos outros dois \u00faltimos leil\u00f5es, apresentou uma t\u00edmida alta (0,2%) no pre\u00e7o m\u00e9dio dos l\u00e1cteos. O queijo cheddar, que teve queda no \u00faltimo leil\u00e3o, agora teve aumento de 1,60%, com m\u00e9dia final de US$ 4.112\/tonelada<\/p>\n<p> J\u00e1 o leite em p\u00f3 desnatado, mais uma vez apresentou queda (3,20%), com m\u00e9dia de US$ 2.024\/tonelada. Por sua vez, no leite em p\u00f3 integral, se verificou novamente um pequeno aumento (0,30%), com m\u00e9dia de US$ 3.114\/tonelada.<\/p>\n<p> No caso da manteiga, houve um aumento de 3,4%, com o seu pre\u00e7o m\u00e9dio em US$ 6.004\/tonelada, contra uma queda no leil\u00e3o anterior de 0,1%. \u00c9 interessante entender o que esse aumento da manteiga nos indica: que o mercado de gorduras internacional ainda est\u00e1 aquecido em fun\u00e7\u00e3o do aumento da demanda pelo produto. Confira as mudan\u00e7as no gr\u00e1fico abaixo. (GDT\/Milkpoint)<\/p>\n<p style=\"text-align: justify; margin: 3.75pt 0cm 7.5pt; background: white;\">\u00a0<\/p>\n<p style=\"text-align: justify; margin: 3.75pt 0cm 7.5pt; background: white;\"><img decoding=\"async\" style=\"width: 642px; height: 390px;\" src=\"http:\/\/cache.mail2easy.com.br\/i\/6186\/2318\" alt=\"\" \/><\/p>\n<p style=\"text-align: justify; margin: 3.75pt 0cm 7.5pt; background: white;\">\u00a0<\/p>\n<p style=\"text-align: justify; margin: 3.75pt 0cm 7.5pt; background: white;\"><strong>Chile: importa\u00e7\u00f5es de produtos l\u00e1cteos batem recorde<\/strong><\/p>\n<p> At\u00e9 maio 2017, foi registrado um aumento de 78% nas importa\u00e7\u00f5es de produtos l\u00e1cteos do Chile, que alcan\u00e7aram quase US$ 140 milh\u00f5es. Expresso em litros equivalente, as importa\u00e7\u00f5es atingiram cerca de 340 milh\u00f5es de litros, o que representa um aumento de 69% em rela\u00e7\u00e3o ao volume importado nos primeiros cinco meses de 2016, de acordo com os dados contidos no \u00faltimo boletim sobre o setor leiteiro Servi\u00e7o de Estudos e Pol\u00edticas Agr\u00e1rias (Odepa).<\/p>\n<p> Os maiores aumentos nas importa\u00e7\u00f5es de l\u00e1cteos ocorreram no setor de queijos, cujo volume aumentou quase 79%, para 19.895 toneladas durante os primeiros cinco meses de 2017. Os destaques incluem cerca de 25% do volume importado de queijos de origem neozelandesa, com 4.926 toneladas e uma expans\u00e3o de quase 250%.<\/p>\n<p> Volumes significativos tamb\u00e9m foram provenientes dos Estados Unidos (3.691 toneladas e 18,6% das importa\u00e7\u00f5es totais at\u00e9 a data). A Argentina, com 11,6% e um total de 2.303 toneladas, \u00e9 um fornecedor tradicional e importante. No entanto, com seus pa\u00edses tomados em conjunto, a Uni\u00e3o Europeia \u00e9 a principal fonte de queijos importados, com cerca de 7.500 toneladas. Entre eles, a Alemanha contribui com quase 3.600 toneladas, um aumento de 336%. Tamb\u00e9m se destaca a Holanda, com 2.790 toneladas, e, em menor volume, Espanha e Fran\u00e7a, com cerca de 500 toneladas cada.<\/p>\n<p> Da mesma forma, aumentou a importa\u00e7\u00e3o de leite em p\u00f3, em particular de leite integral, atingindo 12.385 toneladas (125 milh\u00f5es de litros equivalentes, 60% a mais do que no ano anterior). A Nova Zel\u00e2ndia, com cerca de 4.500 toneladas, \u00e9 o segundo maior fornecedor, depois apenas dos Estados Unidos, com mais de 5.500 toneladas e quase 45% das importa\u00e7\u00f5es deste produto at\u00e9 agora. Em seguida est\u00e3o os pa\u00edses da Uni\u00e3o Europeia, Argentina e Uruguai.<\/p>\n<p> Deve-se notar que o Chile praticamente n\u00e3o tem tarifas sobre importa\u00e7\u00f5es de l\u00e1cteos. A exce\u00e7\u00e3o s\u00e3o os pa\u00edses da UE quando os volumes importados excedem as cotas, como em queijos, cuja cota \u00e9 2.550 toneladas atualmente, e outras fontes de exce\u00e7\u00e3o, como o Canad\u00e1.<\/p>\n<p> Tamb\u00e9m aumentou significativamente a importa\u00e7\u00e3o de leite fluido atingindo um total de 546.000 litros, assim como, o crescimento da importa\u00e7\u00e3o de leite concentrado ou evaporado e condensado. Ca\u00edram um pouco as importa\u00e7\u00f5es de manteiga, cujo pre\u00e7o internacional est\u00e1 muito alto.<\/p>\n<p> Exporta\u00e7\u00f5es de produtos l\u00e1cteos\u00a0<br \/> As exporta\u00e7\u00f5es de produtos l\u00e1cteos nos primeiros cinco meses de 2017 foram avaliados em US$ 95 milh\u00f5es, o que representou um aumento de 22% durante o mesmo per\u00edodo de 2016. Em litros equivalentes, as exporta\u00e7\u00f5es excederam 147 milh\u00f5es, diminuindo 2,8% em compara\u00e7\u00e3o com janeiro-maio de 2016.<\/p>\n<p> As exporta\u00e7\u00f5es de leite em p\u00f3 ca\u00edram 52%, para 2.855 toneladas, 88% dos quais foram para o mercado brasileiro. J\u00e1 as exporta\u00e7\u00f5es de queijos atingiram 4.142 toneladas de queijo, 96% a mais que no mesmo per\u00edodo de 2016. Quase 44% deles foram para o M\u00e9xico, mercado tradicional do Chile. Tamb\u00e9m foram importantes R\u00fassia, Coreia do Sul, China e Peru, mercados que aumentam sensivelmente.<\/p>\n<p> O valor das exporta\u00e7\u00f5es de produtos l\u00e1cteos nos primeiros cinco meses de 2017 foi de US$ 44,8 milh\u00f5es a menos que o das importa\u00e7\u00f5es (32,2%). A diferen\u00e7a percentual \u00e9 maior se a compara\u00e7\u00e3o \u00e9 feita em litros equivalentes, pois as importa\u00e7\u00f5es superaram 192,3 milh\u00f5es de litros as exporta\u00e7\u00f5es (131%). (As informa\u00e7\u00f5es s\u00e3o da Fedeleche, com dados da ODEPA.cl, traduzidas pela Equipe MilkPoint)<\/p>\n<\/p><\/div>\n<\/p><\/div>\n<div style=\"text-align: left;\">\n<div style=\"text-align: justify;\">\n<p style=\"background: white; margin: 3.75pt 0cm 7.5pt;\"><img decoding=\"async\" style=\"font-family: verdana, geneva, sans-serif; font-size: 12px; height: 16px; text-align: center; width: 811px; display: block; margin-left: auto; margin-right: auto;\" src=\"http:\/\/cache.mail2easy.com.br\/i\/6186\/7\" alt=\"\" \/><\/p>\n<\/p><\/div>\n<\/p><\/div>\n<div>\u00a0<em><strong><img decoding=\"async\" style=\"font-family: verdana,geneva,sans-serif; font-size: 12px; height: 30px; width: 231px;\" src=\"http:\/\/cache.mail2easy.com.br\/i\/6186\/9\" alt=\"\" \/><\/strong><\/em><\/div>\n<div><em>Fazendas produtoras de leite faturaram R$ 27 bilh\u00f5es em 2016<br \/> Cadeia produtiva - As fazendas produtoras de leite no Brasil faturaram R$ 27 bilh\u00f5es em 2016. Quase metade do leite produzido no pa\u00eds vem das pequenas fazendas, respons\u00e1veis por 47% da produ\u00e7\u00e3o. Al\u00e9m disso, a produ\u00e7\u00e3o de leite nesta fazendas emprega um milh\u00e3o e 200 mil pessoas. A cadeia produtiva do leite \u00e9 a que mais emprega no Brasil. S\u00e3o mais de 4 milh\u00f5es de pessoas empregadas em fun\u00e7\u00f5es no campo e nas f\u00e1bricas de latic\u00ednios. Por conta do alto consumo de leite e seus derivados no pa\u00eds, a produ\u00e7\u00e3o cresceu nos \u00faltimos anos e atualmente o Brasil j\u00e1 tem vacas campe\u00e3s que produzem mais de cem litros de leite por dia. <a href=\"http:\/\/1.globo.com\/economia\/agronegocios\/agro-a-industria-riqueza-do-brasil\/noticia\/fazendas-produtoras-de-leite-faturaram-r-27-bilhoes-em-2016.ghtml\">Assista o v\u00eddeo<\/a>. (G1)\u00a0<\/em><\/div>\n<div>\n<p style=\"margin: 3.75pt 0cm 7.5pt; background: white;\"><em><img decoding=\"async\" style=\"font-family: verdana, geneva, sans-serif; font-size: 12px; height: 16px; width: 811px; display: block; margin-left: auto; margin-right: auto;\" src=\"http:\/\/cache.mail2easy.com.br\/i\/6186\/7\" alt=\"\" \/><\/em><\/p>\n<\/p><\/div>\n<div style=\"text-align: center;\">\u00a0<\/div>\n<\/p><\/div>\n","protected":false},"excerpt":{"rendered":"<p>\u00a0 \u00a0 Porto Alegre, 18 de julho de 2017\u00a0 \u00a0 \u00a0 \u00a0 \u00a0 \u00a0 \u00a0 \u00a0 \u00a0 \u00a0 \u00a0 \u00a0 \u00a0 \u00a0 \u00a0 \u00a0 \u00a0 \u00a0 \u00a0 \u00a0 \u00a0 \u00a0 \u00a0 Ano 11- N\u00b0 2.543 \u00a0 Setor leiteiro foi o que mais investiu em indeniza\u00e7\u00f5es no segundo trimestre \u00a0 \u00a0 \u00a0 \u00a0 \u00a0 \u00a0 \u00a0 <a href=\"https:\/\/www.sindilat.com.br\/site\/2017\/07\/18\/18-07-2017\/\" class=\"more-link\">...continuar lendo<span class=\"screen-reader-text\"> \"18\/07\/2017\"<\/span><\/a><\/p>\n","protected":false},"author":1,"featured_media":0,"comment_status":"open","ping_status":"open","sticky":false,"template":"","format":"standard","meta":{"ngg_post_thumbnail":0,"footnotes":""},"categories":[28],"tags":[],"class_list":{"0":"post-1622","1":"post","2":"type-post","3":"status-publish","4":"format-standard","6":"category-newsletter","7":"h-entry","8":"hentry","9":"h-as-article"},"_links":{"self":[{"href":"https:\/\/www.sindilat.com.br\/site\/wp-json\/wp\/v2\/posts\/1622","targetHints":{"allow":["GET"]}}],"collection":[{"href":"https:\/\/www.sindilat.com.br\/site\/wp-json\/wp\/v2\/posts"}],"about":[{"href":"https:\/\/www.sindilat.com.br\/site\/wp-json\/wp\/v2\/types\/post"}],"author":[{"embeddable":true,"href":"https:\/\/www.sindilat.com.br\/site\/wp-json\/wp\/v2\/users\/1"}],"replies":[{"embeddable":true,"href":"https:\/\/www.sindilat.com.br\/site\/wp-json\/wp\/v2\/comments?post=1622"}],"version-history":[{"count":0,"href":"https:\/\/www.sindilat.com.br\/site\/wp-json\/wp\/v2\/posts\/1622\/revisions"}],"wp:attachment":[{"href":"https:\/\/www.sindilat.com.br\/site\/wp-json\/wp\/v2\/media?parent=1622"}],"wp:term":[{"taxonomy":"category","embeddable":true,"href":"https:\/\/www.sindilat.com.br\/site\/wp-json\/wp\/v2\/categories?post=1622"},{"taxonomy":"post_tag","embeddable":true,"href":"https:\/\/www.sindilat.com.br\/site\/wp-json\/wp\/v2\/tags?post=1622"}],"curies":[{"name":"wp","href":"https:\/\/api.w.org\/{rel}","templated":true}]}}