{"id":1618,"date":"2017-07-14T17:18:46","date_gmt":"2017-07-14T17:18:46","guid":{"rendered":"http:\/\/www.sindilat.com.br\/site\/2017\/07\/14\/14-07-2017\/"},"modified":"2017-07-14T17:18:46","modified_gmt":"2017-07-14T17:18:46","slug":"14-07-2017","status":"publish","type":"post","link":"https:\/\/www.sindilat.com.br\/site\/2017\/07\/14\/14-07-2017\/","title":{"rendered":"14\/07\/2017"},"content":{"rendered":"<p>\u00a0<\/p>\n<div style=\"text-align: center;\"><a style=\"font-size: 12px; font-family: verdana, geneva, sans-serif;\" href=\"http:\/\/www.sindilat.com.br\"><img decoding=\"async\" style=\"height: 82px; width: 643px;\" src=\"http:\/\/cache.mail2easy.com.br\/i\/6186\/5\" alt=\"\" \/><\/a><\/div>\n<div style=\"text-align: center;\">\n<p><strong><em>Porto Alegre, 14 de julho de 2017<\/em><\/strong><strong><em>\u00a0 \u00a0 \u00a0 \u00a0 \u00a0 \u00a0 \u00a0 \u00a0 \u00a0 \u00a0 \u00a0 \u00a0 \u00a0 \u00a0 \u00a0 \u00a0 \u00a0 \u00a0 \u00a0 \u00a0 \u00a0 \u00a0 \u00a0 Ano 11- N\u00b0 2.541<\/em><\/strong><\/p>\n<p>\u00a0<\/p>\n<p><span style=\"font-size: 12px;\"><span style=\"font-family: tahoma,geneva,sans-serif;\"><img decoding=\"async\" src=\"http:\/\/cache.mail2easy.com.br\/i\/6186\/6\" \/><\/span><\/span><\/p>\n<p><img decoding=\"async\" style=\"font-family: verdana,geneva,sans-serif; font-size: 12px; height: 16px; text-align: justify; width: 811px;\" src=\"http:\/\/cache.mail2easy.com.br\/i\/6186\/7\" alt=\"\" \/><\/p>\n<div style=\"text-align: justify;\"><strong><u><span style=\"font-size: 12px;\"><span style=\"font-family: tahoma,geneva,sans-serif;\"><img decoding=\"async\" style=\"float: left; height: 34px; width: 53px;\" src=\"http:\/\/cache.mail2easy.com.br\/i\/6186\/8\" alt=\"\" \/><\/span><\/span><\/u><\/strong><\/div>\n<div style=\"text-align: justify;\">\n<div style=\"text-align: justify;\">\n<p style=\"text-align: justify; margin: 3.75pt 0cm 7.5pt; background: white;\"><strong>Lideran\u00e7as debatem projetos para o setor em Lajeado<\/strong><\/p>\n<p> <img decoding=\"async\" style=\"width: 500px; height: 276px;\" src=\"http:\/\/cache.mail2easy.com.br\/i\/6186\/2313\" alt=\"\" \/><br \/>\u00a0 \u00a0 \u00a0 \u00a0 \u00a0 \u00a0 \u00a0 \u00a0 \u00a0Foto: Vin\u00edcius Reis\/ALRS<\/p>\n<p> Foi com audit\u00f3rio da Univates lotado que lideran\u00e7as do setor l\u00e1cteo debateram projetos de desenvolvimento na manh\u00e3 desta quinta-feira (13\/07), durante o evento Pensar o Vale, promovido pelo jornal A Hora, de Lajeado (RS). Presente no debate, o presidente do Sindilat, Alexandre Guerra, sugeriu a implementa\u00e7\u00e3o de um projeto de incentivo tribut\u00e1rio que permita estimular o aumento da produ\u00e7\u00e3o de leite no Rio Grande do Sul. S\u00f3 assim, acredita ele, ser\u00e1 poss\u00edvel expandir e desenvolver o setor. Acompanhado do vice-presidente do Sindilat, Guilherme Portella, e do diretor Renato Kreinmeier, Guerra ainda defendeu a uni\u00e3o do segmento em torno do pedido de compras governamentais de leite feito em Bras\u00edlia esta semana, al\u00e9m da cria\u00e7\u00e3o de uma linha para que o Governo Federal fizesse aquisi\u00e7\u00e3o de l\u00e1cteos para estoque regulador e futuro leil\u00e3o em \u00e9pocas de entressafra, como acontece em outros pa\u00edses. Isso contribuiria para evitar a desist\u00eancia de produtores na atividade leiteira.<\/p>\n<p> Representantes do Sindilat estiveram tratando do pedido junto ao Minist\u00e9rio da Agricultura. A pasta ficou de avaliar o tema. \"\u00c9 a \u00fanica forma de retirar parte do leite do mercado e fomentar o setor, que vem enfrentando concorr\u00eancia desleal em fun\u00e7\u00e3o das importa\u00e7\u00f5es dos pa\u00edses do Prata. \u00c9 preciso viabilizar a compra emergencial para minimizar os preju\u00edzos das ind\u00fastrias\", ressaltou Guerra. O assunto deve ser tratado ainda esta semana com o secret\u00e1rio nacional da Seguran\u00e7a Alimentar e Nutricional do MDS, Caio Rocha.<\/p>\n<p> Durante o debate, tamb\u00e9m foi abordada a quest\u00e3o das contribui\u00e7\u00f5es para o Fundoleite e do futuro do Instituto Ga\u00facho do Leite (IGL). Tamb\u00e9m participaram da audi\u00eancia o secret\u00e1rio da Agricultura, Ernani Polo, deputados, vereadores e lideran\u00e7as locais. (Assessoria de Imprensa Sindilat)<\/p>\n<p style=\"text-align: justify; margin: 3.75pt 0cm 7.5pt; background: white;\"><strong style=\"text-align: center;\"><img decoding=\"async\" style=\"font-family: verdana, geneva, sans-serif; font-size: 12px; height: 16px; width: 811px; display: block; margin-left: auto; margin-right: auto;\" src=\"http:\/\/cache.mail2easy.com.br\/i\/6186\/7\" alt=\"\" \/><\/strong><\/p>\n<\/p><\/div>\n<\/p><\/div>\n<div style=\"text-align: left;\">\n<div style=\"text-align: justify;\">\n<p style=\"text-align: justify; background: white; margin: 3.75pt 0cm 7.5pt 0cm;\"><strong>UE: 48.290 produtores reduziram sua produ\u00e7\u00e3o de leite em 1,12 bilh\u00e3o de litros<\/strong><\/p>\n<p> A Comiss\u00e3o Europeia lan\u00e7ou um plano para redu\u00e7\u00e3o volunt\u00e1ria da produ\u00e7\u00e3o de leite no final de 2016, a fim de ajudar a reequilibrar o setor leiteiro. Cerca de 48.290 produtores participaram do programa, reduzindo a produ\u00e7\u00e3o de leite em 1,12 bilh\u00e3o de litros. Do or\u00e7amento original de 150 milh\u00f5es de euros (US$ 171,27 milh\u00e3o), cerca de 112 milh\u00f5es de euros (US$ 127,88 milh\u00e3o) foram usados para compensar os produtores.<\/p>\n<p> O programa foi desenvolvido entre o \u00faltimo trimestre de 2016 e janeiro de 2017. Seu objetivo era ajudar a combater os efeitos da crise no setor leiteiro, reduzindo a quantidade de leite dispon\u00edvel no mercado e, portanto, aumentando os pre\u00e7os aos produtores. Os produtores foram compensados com 14 centavos de euro (15,98 centavos de d\u00f3lar) por litro de produ\u00e7\u00e3o de leite reduzido.<\/p>\n<p> Segundo a Comiss\u00e3o, o programa tem contribu\u00eddo para o reequil\u00edbrio eficaz do mercado do leite da UE como um todo, o que se reflete no aumento dos pre\u00e7os do leite na UE no ano passado. O pre\u00e7o m\u00e9dio em abril 2017 foi de 32,9 centavos de euro (37,56 centavos de d\u00f3lar) por litro, um aumento de 21% em rela\u00e7\u00e3o ao mesmo m\u00eas do ano passado.\u00a0<\/p>\n<p> As informa\u00e7\u00f5es s\u00e3o do Agrodigital.<\/p>\n<p> Em 10\/07\/17 - 1 Euro = US$ 1,14185<\/p>\n<p> 0,87567 Euro = US$ 1 (Fonte: Oanda.com)\u00a0<\/p>\n<p> <strong>Acordo comercial entre UE e Jap\u00e3o agrada setor de l\u00e1cteos<\/strong><\/p>\n<p> Representantes do setor de l\u00e1cteos da Europa reagiram positivamente \u00e0 not\u00edcia de que a Uni\u00e3o Europeia (UE) e o Jap\u00e3o concordaram formalmente com um acordo de livre com\u00e9rcio.<\/p>\n<p> Ap\u00f3s quatro anos de negocia\u00e7\u00f5es, o presidente da Comiss\u00e3o Europeia, Jean-Claude Juncker, e o primeiro-ministro do Jap\u00e3o, Shinzo Abe, assinaram o acordo que eliminar\u00e1 as tarifas em grande parte do com\u00e9rcio bilateral.<\/p>\n<p> O Jap\u00e3o \u00e9 a terceira maior economia do mundo e o s\u00e9timo maior mercado de exporta\u00e7\u00e3o da Europa. O acordo proporcionar\u00e1 um valioso acesso para as exporta\u00e7\u00f5es de l\u00e1cteos da UE.<\/p>\n<p> O acordo foi assinado na v\u00e9spera de uma reuni\u00e3o do grupo G20 de economias l\u00edderes e segue o colapso de um acordo comercial entre o Jap\u00e3o e os EUA, que foi descartado no in\u00edcio do ano pelo presidente norte-americano, Donald Trump.<\/p>\n<p> Produtores e exportadores de carne e produtos l\u00e1cteos expressaram apoio para o acordo, com a demanda japonesa de produtos l\u00e1cteos em ascens\u00e3o.<\/p>\n<p> \"O setor dos produtos l\u00e1cteos \u00e9 um dos setores da economia europeia que sofreu as mais profundas reformas estruturais e pol\u00edticas nos \u00faltimos meses e anos\", disse a Associa\u00e7\u00e3o Europeia de L\u00e1cteos.<\/p>\n<p> \"Obtemos um enorme progresso em termos de competitividade global para a maioria dos nossos concorrentes em todo o mundo, gra\u00e7as \u00e0 estrat\u00e9gia comercial geral da Comiss\u00e3o da UE para abrir mais mercados de produtos l\u00e1cteos.\" (As informa\u00e7\u00f5es s\u00e3o do FoodBev.com)<br \/> \u00a0<\/p>\n<p style=\"background: white; margin: 3.75pt 0cm 7.5pt;\"><img decoding=\"async\" style=\"font-family: verdana, geneva, sans-serif; font-size: 12px; height: 16px; text-align: center; width: 811px; display: block; margin-left: auto; margin-right: auto;\" src=\"http:\/\/cache.mail2easy.com.br\/i\/6186\/7\" alt=\"\" \/><\/p>\n<\/p><\/div>\n<\/p><\/div>\n<div>\u00a0<em><strong><img decoding=\"async\" style=\"font-family: verdana,geneva,sans-serif; font-size: 12px; height: 30px; width: 231px;\" src=\"http:\/\/cache.mail2easy.com.br\/i\/6186\/9\" alt=\"\" \/><\/strong><\/em><\/div>\n<div>\n<p style=\"margin: 3.75pt 0cm 7.5pt; background: white;\"><em>APOIO AO LEITE<br \/> Preocupadas com o aumento das importa\u00e7\u00f5es de leite feitas pelo Brasil, entidades ligadas \u00e0 ind\u00fastria e aos produtores apresentaram a representantes do Minist\u00e9rio da Agricultura e do Desenvolvimento Social e Agr\u00e1rio alternativas para evitar que o pre\u00e7o ao produtor despenque. Secret\u00e1rio-executivo do Sindicato da Ind\u00fastria de Latic\u00ednios e Produtos Derivados, Darlan Palharini explica que um dos pedidos \u00e9 para que o governo fa\u00e7a compra emergencial de 20 mil toneladas de leite em p\u00f3: - \u00c9 uma a\u00e7\u00e3o preventiva, porque, com a entrada da safra, a tend\u00eancia \u00e9 de excesso de produ\u00e7\u00e3o. Com a compra do governo, a ideia \u00e9 que n\u00e3o haja queda t\u00e3o significativa no pre\u00e7o ao produtor. No primeiro semestre, as importa\u00e7\u00f5es subiram 5%. (Zero Hora)<\/em><\/p>\n<p style=\"margin: 3.75pt 0cm 7.5pt; background: white;\"><em><img decoding=\"async\" style=\"font-family: verdana, geneva, sans-serif; font-size: 12px; height: 16px; width: 811px; display: block; margin-left: auto; margin-right: auto;\" src=\"http:\/\/cache.mail2easy.com.br\/i\/6186\/7\" alt=\"\" \/><\/em><\/p>\n<\/p><\/div>\n<div>\u00a0<\/div>\n<div style=\"text-align: center;\">\u00a0<\/div>\n<\/p><\/div>\n","protected":false},"excerpt":{"rendered":"<p>\u00a0 Porto Alegre, 14 de julho de 2017\u00a0 \u00a0 \u00a0 \u00a0 \u00a0 \u00a0 \u00a0 \u00a0 \u00a0 \u00a0 \u00a0 \u00a0 \u00a0 \u00a0 \u00a0 \u00a0 \u00a0 \u00a0 \u00a0 \u00a0 \u00a0 \u00a0 \u00a0 Ano 11- N\u00b0 2.541 \u00a0 Lideran\u00e7as debatem projetos para o setor em Lajeado \u00a0 \u00a0 \u00a0 \u00a0 \u00a0 \u00a0 \u00a0 \u00a0 \u00a0Foto: Vin\u00edcius Reis\/ALRS Foi <a href=\"https:\/\/www.sindilat.com.br\/site\/2017\/07\/14\/14-07-2017\/\" class=\"more-link\">...continuar lendo<span class=\"screen-reader-text\"> \"14\/07\/2017\"<\/span><\/a><\/p>\n","protected":false},"author":1,"featured_media":0,"comment_status":"open","ping_status":"open","sticky":false,"template":"","format":"standard","meta":{"ngg_post_thumbnail":0,"footnotes":""},"categories":[28],"tags":[],"class_list":{"0":"post-1618","1":"post","2":"type-post","3":"status-publish","4":"format-standard","6":"category-newsletter","7":"h-entry","8":"hentry","9":"h-as-article"},"_links":{"self":[{"href":"https:\/\/www.sindilat.com.br\/site\/wp-json\/wp\/v2\/posts\/1618","targetHints":{"allow":["GET"]}}],"collection":[{"href":"https:\/\/www.sindilat.com.br\/site\/wp-json\/wp\/v2\/posts"}],"about":[{"href":"https:\/\/www.sindilat.com.br\/site\/wp-json\/wp\/v2\/types\/post"}],"author":[{"embeddable":true,"href":"https:\/\/www.sindilat.com.br\/site\/wp-json\/wp\/v2\/users\/1"}],"replies":[{"embeddable":true,"href":"https:\/\/www.sindilat.com.br\/site\/wp-json\/wp\/v2\/comments?post=1618"}],"version-history":[{"count":0,"href":"https:\/\/www.sindilat.com.br\/site\/wp-json\/wp\/v2\/posts\/1618\/revisions"}],"wp:attachment":[{"href":"https:\/\/www.sindilat.com.br\/site\/wp-json\/wp\/v2\/media?parent=1618"}],"wp:term":[{"taxonomy":"category","embeddable":true,"href":"https:\/\/www.sindilat.com.br\/site\/wp-json\/wp\/v2\/categories?post=1618"},{"taxonomy":"post_tag","embeddable":true,"href":"https:\/\/www.sindilat.com.br\/site\/wp-json\/wp\/v2\/tags?post=1618"}],"curies":[{"name":"wp","href":"https:\/\/api.w.org\/{rel}","templated":true}]}}