{"id":1614,"date":"2017-07-11T21:29:01","date_gmt":"2017-07-11T21:29:01","guid":{"rendered":"http:\/\/www.sindilat.com.br\/site\/2017\/07\/11\/sector-lacteo-vai-a-brasilia-solicitar-compra-de-leite-em-po\/"},"modified":"2017-07-11T21:29:01","modified_gmt":"2017-07-11T21:29:01","slug":"sector-lacteo-vai-a-brasilia-solicitar-compra-de-leite-em-po","status":"publish","type":"post","link":"https:\/\/www.sindilat.com.br\/site\/2017\/07\/11\/sector-lacteo-vai-a-brasilia-solicitar-compra-de-leite-em-po\/","title":{"rendered":"Setor l\u00e1cteo vai a Bras\u00edlia solicitar compra de leite em p\u00f3"},"content":{"rendered":"<p>Preocupados com as importa\u00e7\u00f5es de leite, representantes do Sindicato da Ind\u00fastria de Latic\u00ednios do Rio Grande do Sul (Sindilat) e da Fetag solicitaram, na tarde desta esta ter\u00e7a-feira (11\/7) que o governo federal execute um plano de compras governamentais de leite. O encontro ocorreu na sede do Minist\u00e9rio da Agricultura (Mapa) em Bras\u00edlia e contou com a presen\u00e7a da coordenadora geral de acesso a mercados do Mapa, Ana L\u00facia Oliveira Gomes. Para o presidente do Sindilat, Alexandre Guerra, \u00e9 de extrema urg\u00eancia que o governo assegure medidas para controlar o mercado, j\u00e1 que a importa\u00e7\u00e3o de leite cria um desequil\u00edbrio. \"Precisamos de medidas emergenciais para tirar a press\u00e3o do mercado e minimizar os impactos negativos\u201d, reivindica Guerra. Segundo os dirigentes presentes na encontro, o Mapa se comprometeu em estudar um plano de medidas e agendar uma reuni\u00e3o nos pr\u00f3ximos dez dias.<\/p>\n<p>A ideia \u00e9 que sejam adquiridos pelo governo 20 mil toneladas de leite em p\u00f3, o que representa um valor em torno de R$ 300 milh\u00f5es aos cofres p\u00fablicos. A forma de operacionalizar as compras ainda est\u00e1 em discuss\u00e3o com o Minist\u00e9rio da Agricultura. Para o secret\u00e1rio-executivo do Sindilat, Darlan Palharini, este custo \u00e9 pequeno frente \u00e0s consequ\u00eancias que o excesso de leite traz \u00e0s ind\u00fastrias e ao campo. \u201cEsta medida tamb\u00e9m ser\u00e1 importante para n\u00e3o causar um desest\u00edmulo nos produtores\u201d, ressalta Palharini. A ideia \u00e9 que o leite captado pelo governo nas opera\u00e7\u00f5es seja destinado a projetos assistenciais.<\/p>\n<p>Durante a reuni\u00e3o, tamb\u00e9m foi solicitada a cria\u00e7\u00e3o de mecanismos de compra de estoque regulador para o leite, pedido j\u00e1 encaminhado pelo setor ao governo em outras ocasi\u00f5es.<\/p>\n<figure><img decoding=\"async\" src=\"http:\/\/www.sindilat.com.br\/images\/026.JPG\" alt=\"\" \/><figcaption>Foto: Roberto Soso<\/figcaption><\/figure>\n","protected":false},"excerpt":{"rendered":"<p>Preocupados com as importa\u00e7\u00f5es de leite, representantes do Sindicato da Ind\u00fastria de Latic\u00ednios do Rio Grande do Sul (Sindilat) e da Fetag solicitaram, na tarde desta esta ter\u00e7a-feira (11\/7) que o governo federal execute um plano de compras governamentais de leite. O encontro ocorreu na sede do Minist\u00e9rio da Agricultura (Mapa) em Bras\u00edlia e contou <a href=\"https:\/\/www.sindilat.com.br\/site\/2017\/07\/11\/sector-lacteo-vai-a-brasilia-solicitar-compra-de-leite-em-po\/\" class=\"more-link\">...continuar lendo<span class=\"screen-reader-text\"> \"Setor l\u00e1cteo vai a Bras\u00edlia solicitar compra de leite em p\u00f3\"<\/span><\/a><\/p>\n","protected":false},"author":1,"featured_media":0,"comment_status":"open","ping_status":"open","sticky":false,"template":"","format":"standard","meta":{"ngg_post_thumbnail":0,"footnotes":""},"categories":[18],"tags":[],"class_list":{"0":"post-1614","1":"post","2":"type-post","3":"status-publish","4":"format-standard","6":"category-noticias","7":"h-entry","8":"hentry","9":"h-as-article"},"_links":{"self":[{"href":"https:\/\/www.sindilat.com.br\/site\/wp-json\/wp\/v2\/posts\/1614","targetHints":{"allow":["GET"]}}],"collection":[{"href":"https:\/\/www.sindilat.com.br\/site\/wp-json\/wp\/v2\/posts"}],"about":[{"href":"https:\/\/www.sindilat.com.br\/site\/wp-json\/wp\/v2\/types\/post"}],"author":[{"embeddable":true,"href":"https:\/\/www.sindilat.com.br\/site\/wp-json\/wp\/v2\/users\/1"}],"replies":[{"embeddable":true,"href":"https:\/\/www.sindilat.com.br\/site\/wp-json\/wp\/v2\/comments?post=1614"}],"version-history":[{"count":0,"href":"https:\/\/www.sindilat.com.br\/site\/wp-json\/wp\/v2\/posts\/1614\/revisions"}],"wp:attachment":[{"href":"https:\/\/www.sindilat.com.br\/site\/wp-json\/wp\/v2\/media?parent=1614"}],"wp:term":[{"taxonomy":"category","embeddable":true,"href":"https:\/\/www.sindilat.com.br\/site\/wp-json\/wp\/v2\/categories?post=1614"},{"taxonomy":"post_tag","embeddable":true,"href":"https:\/\/www.sindilat.com.br\/site\/wp-json\/wp\/v2\/tags?post=1614"}],"curies":[{"name":"wp","href":"https:\/\/api.w.org\/{rel}","templated":true}]}}