{"id":1611,"date":"2017-07-10T15:59:33","date_gmt":"2017-07-10T15:59:33","guid":{"rendered":"http:\/\/www.sindilat.com.br\/site\/2017\/07\/10\/10-07-2017\/"},"modified":"2017-07-10T15:59:33","modified_gmt":"2017-07-10T15:59:33","slug":"10-07-2017","status":"publish","type":"post","link":"https:\/\/www.sindilat.com.br\/site\/2017\/07\/10\/10-07-2017\/","title":{"rendered":"10\/07\/2017"},"content":{"rendered":"<p>\u00a0<\/p>\n<div style=\"text-align: center;\"><a style=\"font-size: 12px; font-family: verdana, geneva, sans-serif;\" href=\"http:\/\/www.sindilat.com.br\"><img decoding=\"async\" style=\"height: 82px; width: 643px;\" src=\"http:\/\/cache.mail2easy.com.br\/i\/6186\/5\" alt=\"\" \/><\/a><\/div>\n<div style=\"text-align: center;\">\n<p><strong><em>Porto Alegre, 10 de julho de 2017<\/em><\/strong><strong><em>\u00a0 \u00a0 \u00a0 \u00a0 \u00a0 \u00a0 \u00a0 \u00a0 \u00a0 \u00a0 \u00a0 \u00a0 \u00a0 \u00a0 \u00a0 \u00a0 \u00a0 \u00a0 \u00a0 \u00a0 \u00a0 \u00a0 \u00a0 Ano 11- N\u00b0 2.537<\/em><\/strong><\/p>\n<p>\u00a0<\/p>\n<p><span style=\"font-size: 12px;\"><span style=\"font-family: tahoma,geneva,sans-serif;\"><img decoding=\"async\" src=\"http:\/\/cache.mail2easy.com.br\/i\/6186\/6\" \/><\/span><\/span><\/p>\n<p><img decoding=\"async\" style=\"font-family: verdana,geneva,sans-serif; font-size: 12px; height: 16px; text-align: justify; width: 811px;\" src=\"http:\/\/cache.mail2easy.com.br\/i\/6186\/7\" alt=\"\" \/><\/p>\n<div style=\"text-align: justify;\"><strong><u><span style=\"font-size: 12px;\"><span style=\"font-family: tahoma,geneva,sans-serif;\"><img decoding=\"async\" style=\"float: left; height: 34px; width: 53px;\" src=\"http:\/\/cache.mail2easy.com.br\/i\/6186\/8\" alt=\"\" \/><\/span><\/span><\/u><\/strong><\/div>\n<div style=\"text-align: justify;\">\n<div style=\"text-align: justify;\">\n<p style=\"text-align: justify; margin: 3.75pt 0cm 7.5pt; background: white;\"><strong style=\"text-align: justify;\">\u00a0Sindilat participa da quarta etapa do Circuito de Gest\u00e3o e Inova\u00e7\u00e3o do Agroneg\u00f3cio<\/strong><br style=\"text-align: justify;\" \/> <br style=\"text-align: justify;\" \/> <span style=\"text-align: justify; background-color: #ffffff;\">Com foco exclusivo na cadeia do leite, a quarta etapa do Circuito de Gest\u00e3o e Inova\u00e7\u00e3o no Agroneg\u00f3cio ser\u00e1 realizada no dia 1\u00ba de agosto, em Passo Fundo (RS). Com promo\u00e7\u00e3o do Instituto de Educa\u00e7\u00e3o no Agroneg\u00f3cio (I-UMA), o evento inicia \u00e0s 13h30min, na Casa Santa Cruz, (R. Jo\u00e3o Biazus, n\u00ba 510, bairro Dom Rodolfo), com entrada franca. A partir das 14h, o secret\u00e1rio executivo do Sindicato da Ind\u00fastria dos Latic\u00ednios do Rio Grande do Sul (Sindilat), Darlan Palharini, ministra uma palestra, com foco na vis\u00e3o do mercado e na competitividade do setor leiteiro. \"O mercado \u00e9 soberano, temos de nos adaptar a ele\", diz, lembrando dos desafios a serem superados, entre eles a importa\u00e7\u00e3o de leite.<\/span><br style=\"text-align: justify;\" \/> <br style=\"text-align: justify;\" \/> <span style=\"text-align: justify; background-color: #ffffff;\">Palharini tamb\u00e9m pontua as conquistas, como a Lei do Leite, que surgiu atrav\u00e9s de discuss\u00f5es em eventos similares. \"S\u00e3o esses momentos que nos aproximam do produtor e da academia que s\u00e3o t\u00e3o importantes para debatermos as quest\u00f5es do setor\", conclui.\u00a0<\/span><br style=\"text-align: justify;\" \/> <br style=\"text-align: justify;\" \/> <span style=\"text-align: justify; background-color: #ffffff;\">O Circuito \u00e9 realizado de forma itinerante e objetiva levar conhecimento ao agroneg\u00f3cio, a partir do debate de temas t\u00e9cnicos ou de mercado, conforme explica a diretora do I-UMA, Jhussara Costa da Rosa. Para esta edi\u00e7\u00e3o ser\u00e3o apresentadas as vis\u00f5es dos principais elos estrat\u00e9gicos do setor.\u00a0<\/span><br style=\"text-align: justify;\" \/> <br style=\"text-align: justify;\" \/> <span style=\"text-align: justify; background-color: #ffffff;\">O evento contar\u00e1 tamb\u00e9m com palestras ministradas por representantes da Emater\/RS, com o tema Gest\u00e3o da Atividade Leiteira, e da Empresa Brasileira de Pesquisa Agropecu\u00e1ria (Embrapa), debatendo A\u00e7\u00f5es de Pesquisa, Desenvolvimento e Inova\u00e7\u00e3o na Atividade Leiteira, entre outras. As inscri\u00e7\u00f5es podem ser feitas pelo e-mail (agrocircuito@i-uma.edu.br) ou telefone: (51) 3239.8958. (Assessoria de Imprensa Sindilat)<\/span><\/p>\n<p style=\"text-align: justify; margin: 3.75pt 0cm 7.5pt; background: white;\"><strong style=\"text-align: center;\"><img decoding=\"async\" style=\"font-family: verdana,geneva,sans-serif; font-size: 12px; height: 16px; width: 811px;\" src=\"http:\/\/cache.mail2easy.com.br\/i\/6186\/7\" alt=\"\" \/><\/strong><\/p>\n<\/p><\/div>\n<\/p><\/div>\n<div style=\"text-align: left;\">\n<div style=\"text-align: justify;\">\n<p style=\"text-align: justify; background: white; margin: 3.75pt 0cm 7.5pt 0cm;\"><strong>Secretaria de Agricultura investiga casos de mastite ambiental<\/strong><\/p>\n<p style=\"text-align: justify; background: white; margin: 3.75pt 0cm 7.5pt 0cm;\"> O Polo Regional de Bauru da Ag\u00eancia Paulista de Tecnologia dos Agroneg\u00f3cios (APTA), da Secretaria de Agricultura e Abastecimento do Estado de S\u00e3o Paulo, integra projeto de pesquisa tem\u00e1tico, aprovado pela Funda\u00e7\u00e3o de Amparo \u00e0 Pesquisa do Estado de S\u00e3o Paulo (Fapesp), para investigar casos de mastite bovina causados por Escherichia coli, Klebsiella pneumoniae e Enterococus spp.<\/p>\n<p> O projeto, coordenado pelo professor H\u00e9lio Langoni, da Faculdade de Medicina Veterin\u00e1ria e Zootecnia (FMVZ) da Universidade Estadual \"J\u00falio de Mesquita Filho\" (Unesp), re\u00fane pesquisadores da FMVZ, do Polo Regional de Bauru da APTA, do Instituto de Bioci\u00eancias (Unesp-Botucatu) e da Universidade Estadual de Campinas (Unicamp).<\/p>\n<p> A mastite \u00e9 uma doen\u00e7a inflamat\u00f3ria da gl\u00e2ndula mam\u00e1ria, podendo afetar um ou mais tetos, com ocorr\u00eancia frequente em ruminantes. A enfermidade tem causa multifatorial e \u00e9 causada por cerca de 140 micro-organismos, muitos dos quais de origem contagiosa ou ambiental, com graus vari\u00e1veis de infecciosidade. A doen\u00e7a diminui a qualidade do leite, reduz a produtividade das vacas e diminui o tempo de prateleira dos produtos l\u00e1cteos.<\/p>\n<p> A expectativa dos pesquisadores \u00e9 que, a partir das an\u00e1lises, seja poss\u00edvel a produ\u00e7\u00e3o de uma vacina para o controle da mastite ambiental. Os pat\u00f3genos ambientais, de acordo com os pesquisadores, est\u00e3o presentes em \u00e1reas onde o animal \u00e9 manejado ou mantido, como salas de ordenha, ambientes da pr\u00e9 e p\u00f3s-ordenha ou nos est\u00e1bulos, local em que o gado permanece confinado. A doen\u00e7a \u00e9 transmitida para as gl\u00e2ndulas mam\u00e1rias a partir das fezes, solo, cama dos animais, \u00e1gua e equipamentos de ordenha.<\/p>\n<p> \"A mastite acarreta preju\u00edzos econ\u00f4micos tanto para os produtores como para a ind\u00fastria de latic\u00ednios pelo menor rendimento industrial e menor per\u00edodo de prateleira dos derivados l\u00e1cteos\", explica Simone Baldini Lucheis, pesquisadora da APTA que integra o trabalho.<\/p>\n<p> O projeto tem\u00e1tico aprovado pela Fapesp ser\u00e1 formado por seis subprojetos. Ser\u00e3o coletadas amostras de leite de propriedades localizadas nos Estados de S\u00e3o Paulo e Minas Gerais. Para a realiza\u00e7\u00e3o dos trabalhos, a ag\u00eancia de fomento paulista conceder\u00e1 duas bolsas de doutorado e uma de p\u00f3s-doutorado. (Canal Rural)<\/p>\n<p> <strong>Fiergs promove Miss\u00e3o Prospectiva \u00e0 Feira ANUGA\u00a0<\/strong><\/p>\n<p> A Federa\u00e7\u00e3o das Ind\u00fastrias do Rio Grande do Sul (Fiergs), por meio do Centro Internacional de Neg\u00f3cios (CIN-RS), est\u00e1 organizando a sua Miss\u00e3o Prospectiva \u00e0 Feira ANUGA, principal evento internacional do setor de bebidas e alimentos que ocorre na cidade de Col\u00f4nia, na Alemanha, de 7 a 11 de outubro. As empresas interessadas podem se inscrever at\u00e9 o dia 11 de agosto. Nesta edi\u00e7\u00e3o, o Sebrae\/RS apoia financeiramente a participa\u00e7\u00e3o de 10 micro e pequenas empresas ga\u00fachas na feira, contribuindo com at\u00e9 30% do valor total do pacote de viagem de cada organiza\u00e7\u00e3o.<\/p>\n<p> A iniciativa \u00e9 realizada a cada dois anos e re\u00fane os segmentos de alimentos finos, l\u00e1cteos, congelados, refrigerados e frescos, org\u00e2nicos, carnes, panifica\u00e7\u00e3o e confeitaria, bebidas quentes e infus\u00f5es, al\u00e9m de servi\u00e7os de alimenta\u00e7\u00e3o e catering. Uma das novidade \u00e9 que neste ano haver\u00e1 um novo espa\u00e7o no pavilh\u00e3o da Ag\u00eancia Brasileira de Promo\u00e7\u00e3o de Exporta\u00e7\u00f5es e Investimentos (Apex Brasil) para exposi\u00e7\u00e3o coletiva de produtos de at\u00e9 10 empresas brasileiras.<\/p>\n<p> A programa\u00e7\u00e3o conta ainda com circuitos guiados e visitas t\u00e9cnicas. A Feira reuniu mais de 7 mil expositores de 108 pa\u00edses em 2015, recebendo cerca 160 mil visitantes nos cinco dias de evento. As inscri\u00e7\u00f5es podem ser feitas atrav\u00e9s do link: <a href=\"http:\/\/mundosphinx.com.br\/app\/cni_v2\/index.php?acesso=mp_anuga\">mundosphinx.com.br\/app\/cni_v2\/index.php?acesso=mp_anuga<\/a>. Para mais informa\u00e7\u00f5es, <a href=\"http:\/\/www.cinrs.org.br\/eventos_cin.asp?idEvento=4287\">CLIQUE AQUI<\/a>. (Assessoria de Imprensa Sindilat)<\/p>\n<p style=\"text-align: justify; background: white; margin: 3.75pt 0cm 7.5pt 0cm;\"> <strong>Minas L\u00e1ctea discute qualidade do leite em Juiz de Fora em 2017<\/strong><\/p>\n<p> A qualidade do leite ser\u00e1 a quest\u00e3o fundamental durante o Minas L\u00e1ctea de 2017, que ocorre de 18 a 20 de julho, no Expominas, em Juiz de Fora (MG). Os principais especialistas do Brasil e do exterior v\u00e3o se reunir no Instituto de Latic\u00ednios C\u00e2ndido Tostes para buscar solu\u00e7\u00f5es a partir da experi\u00eancia obtidas em outros mercados.<\/p>\n<p> O encontro pretende criar um f\u00f3rum permanente de discuss\u00e3o sobre o tema, al\u00e9m de uma rede de pesquisa e desenvolvimento de projetos na \u00e1rea. De acordo com o coordenador do evento, Adauto Lemos, \u00e9 poss\u00edvel aperfei\u00e7oar conhecimentos sobre o leite produzido no Brasil e o impacto dos cruzamentos gen\u00e9ticos sobre a produ\u00e7\u00e3o leiteira e suposi\u00e7\u00f5es futuras.<\/p>\n<p> Um bra\u00e7o do evento ser\u00e1 o \"Semin\u00e1rio latino-americano: 3\u00ba Inoval\u00e1cteos\", organizado pela Ag\u00eancia de Desenvolvimento e Inova\u00e7\u00e3o em L\u00e1cteos em parceria com a Empresa de Pesquisa Agropecu\u00e1ria de Minas Gerais (Epamig) durante os tr\u00eas dias.<\/p>\n<p> A finalidade \u00e9 apresentar inova\u00e7\u00f5es dispon\u00edveis no mercado para a cadeia laticinista, al\u00e9m de expor produtos que s\u00e3o suporte para a ind\u00fastria, como softwares, insumos e equipamentos. As inscri\u00e7\u00f5es podem ser feitas pelo site do projeto.<\/p>\n<p> No dia 20 de julho, representantes da Universidade de Parma, na It\u00e1lia, v\u00e3o se reunir com a Associa\u00e7\u00e3o Brasileira de Pequenas e M\u00e9dias Cooperativas e Empresas de Latic\u00ednios (G100) e apresentar os caminhos que o pa\u00eds europeu adotou para adaptar os mercados de leite.<\/p>\n<p> Tamb\u00e9m durante o Minas L\u00e1ctea de 2017, produtores de leite poder\u00e3o fazer um curso sobre as novas exig\u00eancias da legisla\u00e7\u00e3o dos Estados Unidos aplicadas \u00e0s empresas exportadoras ou que est\u00e3o interessadas em exportar para o pa\u00eds.<\/p>\n<p> O curso ser\u00e1 ministrado em portugu\u00eas por um especialista da University Cornell, seguindo o conte\u00fado padr\u00e3o aprovado pela Food Safety Preventive Controls Alliance para o Food and Drugs Administration, que \u00e9 o \u00f3rg\u00e3o fiscalizador americano, com certifica\u00e7\u00e3o oficial.\u00a0<\/p>\n<p> <u>Congressos e concursos<\/u><br \/> O Minas L\u00e1ctea \u00e9 organizado pela Epamig e \u00e9 considerado um dos principais encontros do setor l\u00e1cteo na Am\u00e9rica Latina. O evento engloba o 31\u00ba Congresso Nacional de Latic\u00ednios, a 43\u00aa Exposi\u00e7\u00e3o de Produtos L\u00e1cteos (Expolac), o 43\u00ba Concurso Nacional de Produtos L\u00e1cteos, 43\u00aa Exposi\u00e7\u00e3o de M\u00e1quinas, Equipamentos, Embalagens e Insumos para a Ind\u00fastria Laticinista (Expomaq) e a 38\u00aa Semana do Laticinista.<\/p>\n<p> O Instituto de Latic\u00ednios C\u00e2ndido Tostes fica na Rua Tenente Luiz de Freitas, n\u00ba 116, no Bairro Santa Terezinha. J\u00e1 o Expominas fica no Km 790 da BR-040. A programa\u00e7\u00e3o completa est\u00e1 no site do Minas L\u00e1ctea. (As informa\u00e7\u00f5es s\u00e3o do G1)<\/p>\n<p> <strong>Piracanjuba se une a licenciamento de peso para divulgar produto 100% leite<\/strong><\/p>\n<p> Depois de desafiar a gravidade, lan\u00e7ar suas teias e sair das revistas em quadrinhos para ganhar s\u00e9ries de TV, desenhos animados, games, filmes e musicais, o Homem-Aranha chega \u00e0s embalagens do Pirakids School. Em mais uma parceria de sucesso, a Piracanjuba se une ao licenciamento da Marvel para apresentar um produto 100% leite semidesnatado, saud\u00e1vel e rico em vitaminas e minerais. \"Um dos super-her\u00f3is preferidos de todas as gera\u00e7\u00f5es vai estampar a embalagem de um alimento nutricionalmente equilibrado em a\u00e7\u00facares, gorduras e prote\u00ednas. \u00c9 o refor\u00e7o de energia que as crian\u00e7as precisavam para se divertir ainda mais\", afirma a Gerente de Marketing da Piracanjuba, Lisiane Guimar\u00e3es.<\/p>\n<p style=\"text-align: justify; background: white; margin: 3.75pt 0cm 7.5pt 0cm;\"> Desenvolvido especialmente para compor a lancheira infantil, o Pirakids School possui um conceito inovador, pois \u00e9 o \u00fanico leite aromatizado do pa\u00eds e n\u00e3o cont\u00e9m corantes nem conservantes. Dispon\u00edvel nos sabores chocolate e baunilha, o grande diferencial do produto \u00e9 possuir pouco a\u00e7\u00facar (o equivalente a uma colher rasa de sobremesa) em sua composi\u00e7\u00e3o. \"Sabemos da preocupa\u00e7\u00e3o dos pais em manter a alimenta\u00e7\u00e3o dos filhos equilibrada. Depois de muitas pesquisas, chegamos a um produto rico em c\u00e1lcio, saboroso, feito com leite semidesnatado, al\u00e9m de pr\u00e1tico, podendo ser carregado facilmente\", refor\u00e7a Lisiane.<\/p>\n<p style=\"text-align: justify; background: white; margin: 3.75pt 0cm 7.5pt 0cm;\"> O Pirakids School Homem-Aranha chega \u00e0s prateleiras de todo o pa\u00eds na segunda quinzena do m\u00eas de maio, dispon\u00edvel em embalagem de 200ml. A identidade visual do produto foi idealizada pela Pande, ag\u00eancia de design especializada na gest\u00e3o de marcas. (www.segs.com.br)<\/p>\n<p style=\"background: white; margin: 3.75pt 0cm 7.5pt;\"><img decoding=\"async\" style=\"font-family: verdana, geneva, sans-serif; font-size: 12px; height: 16px; text-align: center; width: 811px; display: block; margin-left: auto; margin-right: auto;\" src=\"http:\/\/cache.mail2easy.com.br\/i\/6186\/7\" alt=\"\" \/><\/p>\n<\/p><\/div>\n<\/p><\/div>\n<div>\u00a0<\/div>\n<div><em><strong><img decoding=\"async\" style=\"font-family: verdana,geneva,sans-serif; font-size: 12px; height: 30px; width: 231px;\" src=\"http:\/\/cache.mail2easy.com.br\/i\/6186\/9\" alt=\"\" \/><\/strong><\/em><\/div>\n<div>\n<p style=\"margin: 3.75pt 0cm 7.5pt; background: white;\"><em><span style=\"text-align: justify; background-color: #ffffff;\">Pi\u00e1<\/span><br style=\"text-align: justify;\" \/> <span style=\"text-align: justify; background-color: #ffffff;\">A PI\u00c1 vai lan\u00e7ar 13 produtos l\u00e1cteos at\u00e9 o final do ano. Assim, acelera seu ciclo de inova\u00e7\u00e3o. Uma das novidades ser\u00e1 o achocolatado zero lactose, em parceria com a Chocolate Lugano, de Gramado. (Zero Hora)<\/span><\/em><\/p>\n<\/p><\/div>\n<div><em><img decoding=\"async\" style=\"float: left; font-family: verdana, geneva, sans-serif; font-size: 12px; height: 16px; width: 811px;\" src=\"http:\/\/cache.mail2easy.com.br\/i\/6186\/7\" alt=\"\" \/><\/em><\/div>\n<div>\u00a0<\/div>\n<div style=\"text-align: center;\">\u00a0<\/div>\n<\/p><\/div>\n<p style=\"text-align: center;\">\u00a0<\/p>\n","protected":false},"excerpt":{"rendered":"<p>\u00a0 Porto Alegre, 10 de julho de 2017\u00a0 \u00a0 \u00a0 \u00a0 \u00a0 \u00a0 \u00a0 \u00a0 \u00a0 \u00a0 \u00a0 \u00a0 \u00a0 \u00a0 \u00a0 \u00a0 \u00a0 \u00a0 \u00a0 \u00a0 \u00a0 \u00a0 \u00a0 Ano 11- N\u00b0 2.537 \u00a0 \u00a0Sindilat participa da quarta etapa do Circuito de Gest\u00e3o e Inova\u00e7\u00e3o do Agroneg\u00f3cio Com foco exclusivo na cadeia do leite, <a href=\"https:\/\/www.sindilat.com.br\/site\/2017\/07\/10\/10-07-2017\/\" class=\"more-link\">...continuar lendo<span class=\"screen-reader-text\"> \"10\/07\/2017\"<\/span><\/a><\/p>\n","protected":false},"author":1,"featured_media":0,"comment_status":"open","ping_status":"open","sticky":false,"template":"","format":"standard","meta":{"ngg_post_thumbnail":0,"footnotes":""},"categories":[28],"tags":[],"class_list":{"0":"post-1611","1":"post","2":"type-post","3":"status-publish","4":"format-standard","6":"category-newsletter","7":"h-entry","8":"hentry","9":"h-as-article"},"_links":{"self":[{"href":"https:\/\/www.sindilat.com.br\/site\/wp-json\/wp\/v2\/posts\/1611","targetHints":{"allow":["GET"]}}],"collection":[{"href":"https:\/\/www.sindilat.com.br\/site\/wp-json\/wp\/v2\/posts"}],"about":[{"href":"https:\/\/www.sindilat.com.br\/site\/wp-json\/wp\/v2\/types\/post"}],"author":[{"embeddable":true,"href":"https:\/\/www.sindilat.com.br\/site\/wp-json\/wp\/v2\/users\/1"}],"replies":[{"embeddable":true,"href":"https:\/\/www.sindilat.com.br\/site\/wp-json\/wp\/v2\/comments?post=1611"}],"version-history":[{"count":0,"href":"https:\/\/www.sindilat.com.br\/site\/wp-json\/wp\/v2\/posts\/1611\/revisions"}],"wp:attachment":[{"href":"https:\/\/www.sindilat.com.br\/site\/wp-json\/wp\/v2\/media?parent=1611"}],"wp:term":[{"taxonomy":"category","embeddable":true,"href":"https:\/\/www.sindilat.com.br\/site\/wp-json\/wp\/v2\/categories?post=1611"},{"taxonomy":"post_tag","embeddable":true,"href":"https:\/\/www.sindilat.com.br\/site\/wp-json\/wp\/v2\/tags?post=1611"}],"curies":[{"name":"wp","href":"https:\/\/api.w.org\/{rel}","templated":true}]}}