{"id":155,"date":"2015-02-19T11:34:25","date_gmt":"2015-02-19T11:34:25","guid":{"rendered":"http:\/\/www.sindilat.com.br\/site\/2015\/02\/19\/pr-prazo-para-comprovar-vacinacao-se-encerra-em-maio\/"},"modified":"2015-02-19T11:34:25","modified_gmt":"2015-02-19T11:34:25","slug":"pr-prazo-para-comprovar-vacinacao-se-encerra-em-maio","status":"publish","type":"post","link":"https:\/\/www.sindilat.com.br\/site\/2015\/02\/19\/pr-prazo-para-comprovar-vacinacao-se-encerra-em-maio\/","title":{"rendered":"PR: prazo para comprovar vacina\u00e7\u00e3o se encerra em maio"},"content":{"rendered":"<p style=\"text-align: justify;\"><span style=\"color: #132630; font-family: verdana; font-size: 12px; line-height: 20px; text-align: justify;\">Desde junho de 2013, os produtores de leite t\u00eam que comprovar a aus\u00eancia de tuberculose e brucelose de todo rebanho leiteiro, al\u00e9m de apresentar o atestado de vacina\u00e7\u00e3o contra brucelose. As novas exig\u00eancias de controle de erradica\u00e7\u00e3o das doen\u00e7as preveem como pena a n\u00e3o comercializa\u00e7\u00e3o do leite produzido na propriedade. Latic\u00ednios que n\u00e3o entregarem a documenta\u00e7\u00e3o por parte de seus fornecedores tamb\u00e9m n\u00e3o podem comercializar o leite. Por conta disso, a regional de Ivaipor\u00e3 da Ag\u00eancia de Defesa Agropecu\u00e1ria do Paran\u00e1 (Adapar) alerta os produtores e latic\u00ednios que o prazo para a comprova\u00e7\u00e3o anual se encerra em maio. Segundo a veterin\u00e1ria da Adapar, Maria Andreolla, as novas normas fortalecem o Programa Estadual de Controle e Erradica\u00e7\u00e3o da Brucelose e Tuberculose (PECEBT) para garantir a qualidade do leite comercializado no Paran\u00e1, que vem trabalhando para se tornar um estado livre de zoonoses. Na regi\u00e3o de Ivaipor\u00e3, a preocupa\u00e7\u00e3o da veterin\u00e1ria Maria Andreola \u00e9 o tempo para a imuniza\u00e7\u00e3o e exame do rebanho, que \u00e9 estimado em 80 mil cabe\u00e7as de gado leiteiro. \u201cAt\u00e9 agora n\u00e3o estamos nem com 10% dos exames realizados. Por isso, alertamos os produtores para que acelerem a vacina\u00e7\u00e3o e os exames, pois o tempo \u00e9 curto\u201d, assinala Maria Andreolla. Ap\u00f3s adotar a devida vacina\u00e7\u00e3o e a realiza\u00e7\u00e3o dos exames, o produtor poder\u00e1 iniciar o processo para a certifica\u00e7\u00e3o da propriedade como Livre de Brucelose e Tuberculose. A certifica\u00e7\u00e3o de propriedades iniciou em 2005 e obedece aos princ\u00edpios t\u00e9cnicos estabelecidos pela Organiza\u00e7\u00e3o Mundial de Sa\u00fade Animal (OIE). As propriedades certificadas no estado do Paran\u00e1 recebem uma placa de identifica\u00e7\u00e3o, que \u00e9 colocada na porteira da propriedade, indicando o status sanit\u00e1rio conquistado. De acordo com a veterin\u00e1ria Maria Andreola, a brucelose e a tuberculose s\u00e3o comuns aos animais e aos seres humanos. A contamina\u00e7\u00e3o pode ocorrer tanto no contato direto com o animal contaminado como na ingest\u00e3o de leite n\u00e3o pasteurizado de animais doentes. \u201cS\u00e3o doen\u00e7as graves e que podem causar s\u00e9rios danos \u00e0 sa\u00fade dos animais e dos humanos\u201d. Maria Andreolla observa ainda que, para o gado, ambas as doen\u00e7as n\u00e3o possuem cura, sendo obrigat\u00f3rio o sacrif\u00edcio sanit\u00e1rio dos animais que apresentarem reagentes positivos. &nbsp;(Tribuna do Norte)&nbsp;<\/span><\/p>\n","protected":false},"excerpt":{"rendered":"<p>Desde junho de 2013, os produtores de leite t\u00eam que comprovar a aus\u00eancia de tuberculose e brucelose de todo rebanho leiteiro, al\u00e9m de apresentar o atestado de vacina\u00e7\u00e3o contra brucelose. As novas exig\u00eancias de controle de erradica\u00e7\u00e3o das doen\u00e7as preveem como pena a n\u00e3o comercializa\u00e7\u00e3o do leite produzido na propriedade. Latic\u00ednios que n\u00e3o entregarem a <a href=\"https:\/\/www.sindilat.com.br\/site\/2015\/02\/19\/pr-prazo-para-comprovar-vacinacao-se-encerra-em-maio\/\" class=\"more-link\">...continuar lendo<span class=\"screen-reader-text\"> \"PR: prazo para comprovar vacina\u00e7\u00e3o se encerra em maio\"<\/span><\/a><\/p>\n","protected":false},"author":1,"featured_media":0,"comment_status":"open","ping_status":"open","sticky":false,"template":"","format":"standard","meta":{"ngg_post_thumbnail":0,"footnotes":""},"categories":[18],"tags":[],"class_list":{"0":"post-155","1":"post","2":"type-post","3":"status-publish","4":"format-standard","6":"category-noticias","7":"h-entry","8":"hentry","9":"h-as-article"},"_links":{"self":[{"href":"https:\/\/www.sindilat.com.br\/site\/wp-json\/wp\/v2\/posts\/155","targetHints":{"allow":["GET"]}}],"collection":[{"href":"https:\/\/www.sindilat.com.br\/site\/wp-json\/wp\/v2\/posts"}],"about":[{"href":"https:\/\/www.sindilat.com.br\/site\/wp-json\/wp\/v2\/types\/post"}],"author":[{"embeddable":true,"href":"https:\/\/www.sindilat.com.br\/site\/wp-json\/wp\/v2\/users\/1"}],"replies":[{"embeddable":true,"href":"https:\/\/www.sindilat.com.br\/site\/wp-json\/wp\/v2\/comments?post=155"}],"version-history":[{"count":0,"href":"https:\/\/www.sindilat.com.br\/site\/wp-json\/wp\/v2\/posts\/155\/revisions"}],"wp:attachment":[{"href":"https:\/\/www.sindilat.com.br\/site\/wp-json\/wp\/v2\/media?parent=155"}],"wp:term":[{"taxonomy":"category","embeddable":true,"href":"https:\/\/www.sindilat.com.br\/site\/wp-json\/wp\/v2\/categories?post=155"},{"taxonomy":"post_tag","embeddable":true,"href":"https:\/\/www.sindilat.com.br\/site\/wp-json\/wp\/v2\/tags?post=155"}],"curies":[{"name":"wp","href":"https:\/\/api.w.org\/{rel}","templated":true}]}}