{"id":1526,"date":"2017-05-05T17:45:23","date_gmt":"2017-05-05T17:45:23","guid":{"rendered":"http:\/\/www.sindilat.com.br\/site\/2017\/05\/05\/05-05-2017\/"},"modified":"2017-05-05T17:45:23","modified_gmt":"2017-05-05T17:45:23","slug":"05-05-2017","status":"publish","type":"post","link":"https:\/\/www.sindilat.com.br\/site\/2017\/05\/05\/05-05-2017\/","title":{"rendered":"05\/05\/2017"},"content":{"rendered":"<p> <title><\/title> <\/p>\n<div style=\"text-align: center;\"><a href=\"http:\/\/www.sindilat.com.br\" style=\"font-size: 12px; font-family: verdana, geneva, sans-serif;\"><img decoding=\"async\" alt=\"\" src=\"http:\/\/cache.mail2easy.com.br\/i\/6186\/5\" style=\"height: 82px; width: 643px;\" \/><\/a><\/div>\n<div style=\"text-align: center;\">\n<p><strong><em>Porto Alegre, 05&nbsp;<\/em><\/strong><strong><em>de maio&nbsp;<\/em><\/strong><strong><em>de 2017. &nbsp; &nbsp; &nbsp; &nbsp; &nbsp; &nbsp; &nbsp; &nbsp; &nbsp; &nbsp; &nbsp; &nbsp; &nbsp; &nbsp; &nbsp; &nbsp; &nbsp; &nbsp; &nbsp; &nbsp; &nbsp; &nbsp; &nbsp; Ano 11- N\u00b0 2.493<\/em><\/strong><\/p>\n<p>&nbsp;<\/p>\n<p><span style=\"font-size: 12px;\"><span style=\"font-family: tahoma,geneva,sans-serif;\"><img decoding=\"async\" src=\"http:\/\/cache.mail2easy.com.br\/i\/6186\/6\" \/><\/span><\/span><\/p>\n<p><img decoding=\"async\" alt=\"\" src=\"http:\/\/cache.mail2easy.com.br\/i\/6186\/7\" style=\"font-family: verdana,geneva,sans-serif; font-size: 12px; height: 16px; text-align: justify; width: 811px;\" \/><\/p>\n<div style=\"text-align: justify;\"><strong><span style=\"text-decoration: underline;\"><span style=\"font-size: 12px;\"><span style=\"font-family: tahoma,geneva,sans-serif;\"><img decoding=\"async\" alt=\"\" src=\"http:\/\/cache.mail2easy.com.br\/i\/6186\/8\" style=\"float: left; height: 34px; width: 53px;\" \/><\/span><\/span><\/span><\/strong><\/div>\n<div style=\"text-align: justify;\">\n<div style=\"text-align: justify;\"><strong>Importa\u00e7\u00f5es em desacelera\u00e7\u00e3o<\/strong><\/p>\n<p> A balan\u00e7a comercial de l\u00e1cteos teve um d\u00e9ficit de 11,8 mil toneladas em abril, 12% maior que o apresentado no m\u00eas anterior. Em valores, o d\u00e9ficit da balan\u00e7a de l\u00e1cteos foi de US$ 41,6 milh\u00f5es.<\/p>\n<p> Gr\u00e1fico 1. Exporta\u00e7\u00f5es e importa\u00e7\u00f5es por categoria de produto. Fonte: MDIC.&nbsp;<br \/> &nbsp;<img decoding=\"async\" alt=\"\" src=\"http:\/\/cache.mail2easy.com.br\/i\/6186\/2236\" style=\"width: 561px; height: 246px;\" \/><\/p>\n<p> Neste m\u00eas, novamente as importa\u00e7\u00f5es de l\u00e1cteos apresentaram queda, tanto em volume quanto em valor. Em toneladas, a queda foi de 13%, totalizando 13,6 mil toneladas comercializadas e, em valor, queda de 9,7%, com total de US$ 46,9 milh\u00f5es. Ao analisar em equivalente-leite, o decr\u00e9scimo das importa\u00e7\u00f5es foi de 15%, sendo comercializado 99,7 milh\u00f5es de litros. Com esse cen\u00e1rio, o ritmo de crescimento das importa\u00e7\u00f5es em rela\u00e7\u00e3o ao ano passado vem diminuindo, sendo no acumulado janeiro a abril de 17% acima do mesmo per\u00edodo do ano passado.&nbsp;<\/p>\n<p> O volume importado de leite em p\u00f3 integral praticamente se manteve em rela\u00e7\u00e3o ao m\u00eas de mar\u00e7o. Foram adquiridas 7,6 mil toneladas do produto, valor somente 2% superior ao \u00faltimo registrado. O leite em p\u00f3 desnatado, por sua vez, teve menor quantidade importada, com expressiva diminui\u00e7\u00e3o de 46% e um total de 1,4 mil toneladas, possivelmente explicada pelos altos n\u00edveis de estoques no mercado nacional.<\/p>\n<p> Tamb\u00e9m foram registrados volumes inferiores de manteiga. Neste m\u00eas, foram adquiridas 255 toneladas de manteiga, valor 56% menor frente ao de mar\u00e7o, sem importa\u00e7\u00f5es do Uruguai.&nbsp;<\/p>\n<p> As exporta\u00e7\u00f5es tamb\u00e9m foram inferiores \u00e0s verificadas em mar\u00e7o. Em toneladas, o montante total foi de 1,8 mil toneladas, com queda de 64% em rela\u00e7\u00e3o ao m\u00eas passado. (MilkPoint)<\/p><\/div>\n<div style=\"text-align: justify;\">&nbsp;<\/div>\n<div><img decoding=\"async\" alt=\"\" src=\"http:\/\/cache.mail2easy.com.br\/i\/6186\/7\" style=\"text-align: center; font-family: verdana, geneva, sans-serif; font-size: 12px; height: 16px; width: 811px; display: block; margin-left: auto; margin-right: auto;\" \/><\/div>\n<\/p><\/div>\n<div style=\"text-align: left;\">\n<div style=\"text-align: justify;\">&nbsp;<\/div>\n<div style=\"text-align: justify;\"><strong>Fenasul\/Expoleite ser\u00e1 lan\u00e7ada na segunda-feira<\/strong><\/p>\n<p> A Feira Nacional de Agroneg\u00f3ciosdo Sul (Fenasul\/Expoleite)ter\u00e1 o seu lan\u00e7amento oficial realizadona pr\u00f3xima segunda-feira,\u00e0s 8h30min, no galp\u00e3o crioulo do Pal\u00e1cio Piratini. Esta 13\u00aa edi\u00e7\u00e3o da feira tem um novo formato, com mais atra\u00e7\u00f5es, al\u00e9m da realiza\u00e7\u00e3o da 40\u00aa edi\u00e7\u00e3o da Expoleite, que segue apresentando o melhor da produ\u00e7\u00e3o leiteira ga\u00facha e dos seus derivados. Foi criada uma comiss\u00e3o executiva para a organiza\u00e7\u00e3o da feira, que, neste ano, \u00e9 coordenada pela Federa\u00e7\u00e3o da Agricultura do Rio &nbsp;Grande do Sul (Farsul).&nbsp;<\/p><\/div>\n<div style=\"text-align: justify;\">&nbsp;<\/div>\n<div style=\"text-align: justify;\">O objetivo \u00e9 tornar a feira mais ampla, para levar mais p\u00fablico ao parque, buscando uma consolida\u00e7\u00e3o como um evento m\u00faltiplo, sem perder tamb\u00e9m o car\u00e1ter de divulga\u00e7\u00e3o das a\u00e7\u00f5es da cadeia leiteira ga\u00facha.\" Temos convic\u00e7\u00e3o de que a feira, agora com um novo formato, ter\u00e1 uma valoriza\u00e7\u00e3o ainda maior, com a participa\u00e7\u00e3o de entidades parceiras, cada uma com sua contribui\u00e7\u00e3o, dando uma conota\u00e7\u00e3o moderna \u00e0 Fenasul, com o objetivo de promover os produtos derivados o leite, sem perder o foco na produ\u00e7\u00e3o. Nossa meta \u00e9 consolidar um novo evento tamb\u00e9m de grande porte no Parque de Exposi\u00e7\u00f5es Assis Brasil, levando mais p\u00fablico a esta que \u00e9 uma das grandes feiras agropecu\u00e1rias do Estado\", ressalta o secret\u00e1rio da Agricultura, Pecu\u00e1ria e Irriga\u00e7\u00e3o, Ernani Polo. Uma das novidades da Fenasul neste ano ser\u00e1 atrav\u00e9s de a\u00e7\u00e3o do Instituto Rio Grandense do Arroz(Irga), que pretende bater um recorde inusitado. A autarquia est\u00e1 planejando produzir o maior arroz de leite do Brasil.<\/div>\n<div style=\"text-align: justify;\"> Neste ano tamb\u00e9m haver\u00e1 a participa\u00e7\u00e3o de bovinos, caprinos, equinos, feira de agricultura familiar, festival de queijos, feira de terneiros e vaquilhonas, feira de pequenos animais, realiza\u00e7\u00e3o de semin\u00e1rios t\u00e9cnicos, m\u00e1quinas e equipamentos agr\u00edcolas, pra\u00e7a de alimenta\u00e7\u00e3o e tamb\u00e9m a realiza\u00e7\u00e3o do Rodeio Fenasul, organizado pela Federa\u00e7\u00e3o Ga\u00facha de La\u00e7o, al\u00e9m de shows especiais. (Jornal do Com\u00e9rcio)<\/p>\n<p> <strong>&nbsp;Demanda global impulsiona com\u00e9rcio de queijos<\/strong><\/p>\n<p> As exporta\u00e7\u00f5es de queijo pelos quatro maiores fornecedores globais de leite do mundo (Austr\u00e1lia, Uni\u00e3o Europeia, Nova Zel\u00e2ndia e EUA) cresceram 5% para 1,59 bilh\u00e3o de quilos em 2016 em rela\u00e7\u00e3o ao ano anterior. Esses 5% representam um adicional de 76,2 milh\u00f5es de quilos de queijo, cerca de 725,74 milh\u00f5es de quilos de leite. \u00c9 muito cedo para afirmar definitivamente que o crescimento do ano passado se repetir\u00e1 em 2017, mas as tend\u00eancias de demanda sugerem que n\u00fameros s\u00f3lidos de com\u00e9rcio de vendas s\u00e3o prov\u00e1veis por algum tempo ainda.<\/p>\n<p> demanda por queijos no mundo&nbsp;<br \/> Os mercados em desenvolvimento est\u00e3o no centro da oportunidade. Diversos mercados emergentes est\u00e3o alcan\u00e7ando o ponto em que o queijo progride de uma novidade para um alimento conhecido, aceito e preferido. Os consumidores, cada vez mais familiarizados com as aplica\u00e7\u00f5es e os gostos do queijo, est\u00e3o buscando o produto com mais frequ\u00eancia. Chefs e restaurantes est\u00e3o ajudando nisso atrav\u00e9s da cria\u00e7\u00e3o de pratos que incorporam queijo.<\/p>\n<p> Restaurantes e varejistas est\u00e3o mudando as filosofias de compra para garantir fornecimento consistente, compra por contrato, ao inv\u00e9s de mercados spot. A expans\u00e3o cont\u00ednua das cadeias de servi\u00e7os aliment\u00edcios ocidentais com seus card\u00e1pios cheios de queijo continua disseminando as oportunidades de comer queijo nas \u00e1reas mais populosas.<\/p>\n<p> A evolu\u00e7\u00e3o \u00e9 clara nos dados comerciais de queijos a longo prazo: as exporta\u00e7\u00f5es de queijo dos quatro principais fornecedores de leite aumentaram 50% desde 2005. At\u00e9 2021, o Conselho de Exporta\u00e7\u00f5es de L\u00e1cteos dos Estados Unidos (USDEC) projeta que a demanda impulsione o com\u00e9rcio de queijos em quase 500 milh\u00f5es de quilos (498,95 milh\u00f5es de quilos) - em m\u00e9dia, um adicional de 99,79 milh\u00f5es de quilos anualmente. Essa \u00e9 uma das raz\u00f5es pelas quais o USDEC acredita que o aumento total das exporta\u00e7\u00f5es de l\u00e1cteos dos EUA \u00e9 uma meta vi\u00e1vel.<\/p>\n<p> No ano passado, a alta demanda impulsionou fortes vendas de queijos para China\/Hong Kong, Sudeste da \u00c1sia, M\u00e9xico e Oriente M\u00e9dio. Os fornecedores de queijos norte-americanos tiveram dificuldades em participar no crescimento das exporta\u00e7\u00f5es durante boa parte do ano, j\u00e1 que os produtos norte-americanos tinham pre\u00e7os premiums elevados em compara\u00e7\u00e3o com o mercado mundial. Mas a demanda interna dos EUA tamb\u00e9m se manteve forte, oferecendo uma alternativa de exporta\u00e7\u00e3o conveniente, e os fornecedores dos EUA fecharam 2016 com um aumento de 14% nos embarques de queijo no quarto trimestre.<\/p>\n<p> A concorr\u00eancia est\u00e1 bem ciente da oportunidade. A Nova Zel\u00e2ndia est\u00e1 investindo para aumentar a participa\u00e7\u00e3o dos queijos em seu mix de produtos com foco na China. No ano passado, a UE direcionou mais do seu fornecimento de leite para a produ\u00e7\u00e3o de queijos, mesmo quando a produ\u00e7\u00e3o de leite se contraiu. No seu \u00faltimo relat\u00f3rio de perspectivas a curto prazo, a Comiss\u00e3o Europeia previu que a produ\u00e7\u00e3o de queijo aumentar\u00e1 2% em 2017 e as exporta\u00e7\u00f5es aumentar\u00e3o 3%.<\/p>\n<p> Este ano teve um bom come\u00e7o para os EUA e para a Europa. As exporta\u00e7\u00f5es dos EUA aumentaram 6% nos dois primeiros meses, e as exporta\u00e7\u00f5es de queijo da UE em janeiro aumentaram 13%.<\/p>\n<p> Ao mesmo tempo, os pre\u00e7os do cheddar nos Estados Unidos e no mercado internacional continuam caindo, em 10-17% com rela\u00e7\u00e3o aos picos recentes, um desenvolvimento positivo para a demanda global. O cheddar dos Estados Unidos det\u00e9m agora uma vantagem de pre\u00e7os em rela\u00e7\u00e3o \u00e0 UE e \u00e0 Oceania, o que \u00e9 bom para os fornecedores dos EUA que buscam aproveitar a crescente demanda por queijos. (As informa\u00e7\u00f5es s\u00e3o do http:\/\/www.milkbusiness.com, traduzidas pela Equipe MilkPoint)<\/p><\/div>\n<div style=\"text-align: justify;\">&nbsp;<\/div>\n<div><img decoding=\"async\" alt=\"\" src=\"http:\/\/cache.mail2easy.com.br\/i\/6186\/7\" style=\"font-family: verdana, geneva, sans-serif; font-size: 12px; height: 16px; text-align: center; width: 811px; display: block; margin-left: auto; margin-right: auto;\" \/><\/div>\n<\/p><\/div>\n<div>&nbsp;<em><strong><img decoding=\"async\" alt=\"\" src=\"http:\/\/cache.mail2easy.com.br\/i\/6186\/9\" style=\"font-family: verdana,geneva,sans-serif; font-size: 12px; height: 30px; width: 231px;\" \/><\/strong><\/em><\/div>\n<div><em>Emprego com saldo positivo<br \/> O agroneg\u00f3cio ga\u00facho criou 7.309 postos de trabalho com carteira assinada, n\u00famero resultante da diferen\u00e7a entre as 24.052 admiss\u00f5es e 16.743 desligamentos ocorridos no m\u00eas. Os dados foram divulgados ontem pela Funda\u00e7\u00e3o de Economia e Estat\u00edstica. O coordenador do N\u00facleo de Estudos do Agroneg\u00f3cio, Rodrigo Feix, disse que os primeiros meses do ano, que mobilizam m\u00e3o de obra para a safra, costumam apresentar saldos positivos. (Correio do Povo)<\/em><\/div>\n<div>&nbsp;<em><img decoding=\"async\" alt=\"\" src=\"http:\/\/cache.mail2easy.com.br\/i\/6186\/7\" style=\"font-family: verdana,geneva,sans-serif; font-size: 12px; height: 16px; line-height: 13.5pt; text-align: justify; width: 803px;\" \/><\/em><\/div>\n<div style=\"text-align: center;\">&nbsp;<\/div>\n<\/p><\/div>\n","protected":false},"excerpt":{"rendered":"<p>Porto Alegre, 05&nbsp;de maio&nbsp;de 2017. &nbsp; &nbsp; &nbsp; &nbsp; &nbsp; &nbsp; &nbsp; &nbsp; &nbsp; &nbsp; &nbsp; &nbsp; &nbsp; &nbsp; &nbsp; &nbsp; &nbsp; &nbsp; &nbsp; &nbsp; &nbsp; &nbsp; &nbsp; Ano 11- N\u00b0 2.493 &nbsp; Importa\u00e7\u00f5es em desacelera\u00e7\u00e3o A balan\u00e7a comercial de l\u00e1cteos teve um d\u00e9ficit de 11,8 mil toneladas em abril, 12% maior que o apresentado <a href=\"https:\/\/www.sindilat.com.br\/site\/2017\/05\/05\/05-05-2017\/\" class=\"more-link\">...continuar lendo<span class=\"screen-reader-text\"> \"05\/05\/2017\"<\/span><\/a><\/p>\n","protected":false},"author":1,"featured_media":0,"comment_status":"open","ping_status":"open","sticky":false,"template":"","format":"standard","meta":{"ngg_post_thumbnail":0,"footnotes":""},"categories":[28],"tags":[],"class_list":{"0":"post-1526","1":"post","2":"type-post","3":"status-publish","4":"format-standard","6":"category-newsletter","7":"h-entry","8":"hentry","9":"h-as-article"},"_links":{"self":[{"href":"https:\/\/www.sindilat.com.br\/site\/wp-json\/wp\/v2\/posts\/1526","targetHints":{"allow":["GET"]}}],"collection":[{"href":"https:\/\/www.sindilat.com.br\/site\/wp-json\/wp\/v2\/posts"}],"about":[{"href":"https:\/\/www.sindilat.com.br\/site\/wp-json\/wp\/v2\/types\/post"}],"author":[{"embeddable":true,"href":"https:\/\/www.sindilat.com.br\/site\/wp-json\/wp\/v2\/users\/1"}],"replies":[{"embeddable":true,"href":"https:\/\/www.sindilat.com.br\/site\/wp-json\/wp\/v2\/comments?post=1526"}],"version-history":[{"count":0,"href":"https:\/\/www.sindilat.com.br\/site\/wp-json\/wp\/v2\/posts\/1526\/revisions"}],"wp:attachment":[{"href":"https:\/\/www.sindilat.com.br\/site\/wp-json\/wp\/v2\/media?parent=1526"}],"wp:term":[{"taxonomy":"category","embeddable":true,"href":"https:\/\/www.sindilat.com.br\/site\/wp-json\/wp\/v2\/categories?post=1526"},{"taxonomy":"post_tag","embeddable":true,"href":"https:\/\/www.sindilat.com.br\/site\/wp-json\/wp\/v2\/tags?post=1526"}],"curies":[{"name":"wp","href":"https:\/\/api.w.org\/{rel}","templated":true}]}}