{"id":1525,"date":"2017-05-01T14:30:00","date_gmt":"2017-05-01T14:30:00","guid":{"rendered":"http:\/\/www.sindilat.com.br\/site\/2017\/05\/01\/forum-do-leite-sera-lancado-nesta-terca-feira\/"},"modified":"2017-05-01T14:30:00","modified_gmt":"2017-05-01T14:30:00","slug":"forum-do-leite-sera-lancado-nesta-terca-feira","status":"publish","type":"post","link":"https:\/\/www.sindilat.com.br\/site\/2017\/05\/01\/forum-do-leite-sera-lancado-nesta-terca-feira\/","title":{"rendered":"F\u00f3rum do Leite ser\u00e1 lan\u00e7ado nesta ter\u00e7a-feira"},"content":{"rendered":"<p>O lan\u00e7amento oficial do 4\u00ba F\u00f3rum Itinerante do Leite ocorrer\u00e1 nesta ter\u00e7a-feira (2\/5), \u00e0s 13h, na C\u00e2mara de Vereadores de Palmeira das Miss\u00f5es (RS). Em celebra\u00e7\u00e3o ao Dia Mundial do Leite, o f\u00f3rum ser\u00e1 realizado em 1\u00ba de junho e ir\u00e1 propor a reflex\u00e3o sobre consumo, mercado, inova\u00e7\u00e3o e sobre os mitos e as verdades que s\u00e3o atribu\u00eddos ao leite, tanto na produ\u00e7\u00e3o, quanto no consumo. O secret\u00e1rio-executivo do Sindilat, Darlan Palharini, que participar\u00e1 da apresenta\u00e7\u00e3o do programa preliminar do evento nesta ter\u00e7a, explica que o objetivo do f\u00f3rum \u00e9 aproximar cada vez mais o produtor, a ind\u00fastria e a universidade. \u201cQueremos mostrar as novas perspectivas de produ\u00e7\u00e3o e de linhas de produto na regi\u00e3o. Para isso, valorizar a produ\u00e7\u00e3o regional e dar um enfoque da rentabilidade \u00e9 fundamental\u201d, ressalta. Junto \u00e0 Palharini, tamb\u00e9m estar\u00e3o presentes o diretor da Escola Estadual T\u00e9cnica Celeste Gobbato, Luiz Carlos Cosmam, o secret\u00e1rio de Agricultura de Palmeira das Miss\u00f5es, Olavo Jos\u00e9 Borges e o professor da Universidade Federal de Santa Maria (UFSM) Jo\u00e3o Pedro Velho.<\/p>\n<p>O 4\u00ba F\u00f3rum Itinerante do Leite ser\u00e1 realizado na Escola Estadual T\u00e9cnica Celeste Gobbato, em Palmeira das Miss\u00f5es. A grande inova\u00e7\u00e3o desta edi\u00e7\u00e3o \u00e9 que o debate ser\u00e1 dividido em duas correntes: a que trata de Consumo e Mercado, e a de Gest\u00e3o, Produ\u00e7\u00e3o e Renda. Durante a tarde, ser\u00e3o disponibilizadas seis oficinas t\u00e9cnicas. As inscri\u00e7\u00f5es para o f\u00f3rum estar\u00e3o dispon\u00edveis a partir do dia 4\/5 no site do Sindilat (www.sindilat.com.br), do Canal Rural (www.canalrural.com.br) e da p\u00f3s-gradua\u00e7\u00e3o da UFSM (www.ufsm.br\/ppgagr). Poder\u00e3o participar do evento produtores, ind\u00fastrias, institui\u00e7\u00f5es, estudantes, acad\u00eamicos e o p\u00fablico em geral.<\/p>\n<p><img decoding=\"async\" src=\"images\/logo--sindilat.png\" alt=\"\" \/><\/p>\n","protected":false},"excerpt":{"rendered":"<p>O lan\u00e7amento oficial do 4\u00ba F\u00f3rum Itinerante do Leite ocorrer\u00e1 nesta ter\u00e7a-feira (2\/5), \u00e0s 13h, na C\u00e2mara de Vereadores de Palmeira das Miss\u00f5es (RS). Em celebra\u00e7\u00e3o ao Dia Mundial do Leite, o f\u00f3rum ser\u00e1 realizado em 1\u00ba de junho e ir\u00e1 propor a reflex\u00e3o sobre consumo, mercado, inova\u00e7\u00e3o e sobre os mitos e as verdades <a href=\"https:\/\/www.sindilat.com.br\/site\/2017\/05\/01\/forum-do-leite-sera-lancado-nesta-terca-feira\/\" class=\"more-link\">...continuar lendo<span class=\"screen-reader-text\"> \"F\u00f3rum do Leite ser\u00e1 lan\u00e7ado nesta ter\u00e7a-feira\"<\/span><\/a><\/p>\n","protected":false},"author":1,"featured_media":0,"comment_status":"open","ping_status":"open","sticky":false,"template":"","format":"standard","meta":{"ngg_post_thumbnail":0,"footnotes":""},"categories":[18],"tags":[],"class_list":{"0":"post-1525","1":"post","2":"type-post","3":"status-publish","4":"format-standard","6":"category-noticias","7":"h-entry","8":"hentry","9":"h-as-article"},"_links":{"self":[{"href":"https:\/\/www.sindilat.com.br\/site\/wp-json\/wp\/v2\/posts\/1525","targetHints":{"allow":["GET"]}}],"collection":[{"href":"https:\/\/www.sindilat.com.br\/site\/wp-json\/wp\/v2\/posts"}],"about":[{"href":"https:\/\/www.sindilat.com.br\/site\/wp-json\/wp\/v2\/types\/post"}],"author":[{"embeddable":true,"href":"https:\/\/www.sindilat.com.br\/site\/wp-json\/wp\/v2\/users\/1"}],"replies":[{"embeddable":true,"href":"https:\/\/www.sindilat.com.br\/site\/wp-json\/wp\/v2\/comments?post=1525"}],"version-history":[{"count":0,"href":"https:\/\/www.sindilat.com.br\/site\/wp-json\/wp\/v2\/posts\/1525\/revisions"}],"wp:attachment":[{"href":"https:\/\/www.sindilat.com.br\/site\/wp-json\/wp\/v2\/media?parent=1525"}],"wp:term":[{"taxonomy":"category","embeddable":true,"href":"https:\/\/www.sindilat.com.br\/site\/wp-json\/wp\/v2\/categories?post=1525"},{"taxonomy":"post_tag","embeddable":true,"href":"https:\/\/www.sindilat.com.br\/site\/wp-json\/wp\/v2\/tags?post=1525"}],"curies":[{"name":"wp","href":"https:\/\/api.w.org\/{rel}","templated":true}]}}