{"id":1523,"date":"2017-05-04T17:35:17","date_gmt":"2017-05-04T17:35:17","guid":{"rendered":"http:\/\/www.sindilat.com.br\/site\/2017\/05\/04\/04-05-2017\/"},"modified":"2017-05-04T17:35:17","modified_gmt":"2017-05-04T17:35:17","slug":"04-05-2017","status":"publish","type":"post","link":"https:\/\/www.sindilat.com.br\/site\/2017\/05\/04\/04-05-2017\/","title":{"rendered":"04\/05\/2017"},"content":{"rendered":"<p> <title><\/title> <\/p>\n<div style=\"text-align: center;\"><a href=\"http:\/\/www.sindilat.com.br\" style=\"font-size: 12px; font-family: verdana, geneva, sans-serif;\"><img decoding=\"async\" alt=\"\" src=\"http:\/\/cache.mail2easy.com.br\/i\/6186\/5\" style=\"height: 82px; width: 643px;\" \/><\/a><\/div>\n<div style=\"text-align: center;\">\n<p><strong><em>Porto Alegre, 04&nbsp;<\/em><\/strong><strong><em>de maio&nbsp;<\/em><\/strong><strong><em>de 2017. &nbsp; &nbsp; &nbsp; &nbsp; &nbsp; &nbsp; &nbsp; &nbsp; &nbsp; &nbsp; &nbsp; &nbsp; &nbsp; &nbsp; &nbsp; &nbsp; &nbsp; &nbsp; &nbsp; &nbsp; &nbsp; &nbsp; &nbsp; Ano 11- N\u00b0 2.492<\/em><\/strong><\/p>\n<p>&nbsp;<\/p>\n<p><span style=\"font-size: 12px;\"><span style=\"font-family: tahoma,geneva,sans-serif;\"><img decoding=\"async\" src=\"http:\/\/cache.mail2easy.com.br\/i\/6186\/6\" \/><\/span><\/span><\/p>\n<p><img decoding=\"async\" alt=\"\" src=\"http:\/\/cache.mail2easy.com.br\/i\/6186\/7\" style=\"font-family: verdana,geneva,sans-serif; font-size: 12px; height: 16px; text-align: justify; width: 811px;\" \/><\/p>\n<div style=\"text-align: justify;\"><strong><span style=\"text-decoration: underline;\"><span style=\"font-size: 12px;\"><span style=\"font-family: tahoma,geneva,sans-serif;\"><img decoding=\"async\" alt=\"\" src=\"http:\/\/cache.mail2easy.com.br\/i\/6186\/8\" style=\"float: left; height: 34px; width: 53px;\" \/><\/span><\/span><\/span><\/strong><\/div>\n<div style=\"text-align: justify;\">\n<div style=\"text-align: justify;\"><strong>Moderniza\u00e7\u00e3o dos servi\u00e7os de inspe\u00e7\u00e3o \u00e9 pauta de audi\u00eancia p\u00fablica<\/strong><\/p>\n<p> Entidades do setor agropecu\u00e1rio dever\u00e3o levar ao secret\u00e1rio da Agricultura do Estado, Ernani Polo, quest\u00f5es referentes \u00e0 moderniza\u00e7\u00e3o dos servi\u00e7os de inspe\u00e7\u00e3o e fiscaliza\u00e7\u00e3o de produtos de origem animal, que foram debatidas durante audi\u00eancia p\u00fablica, na manh\u00e3 dessa quinta-feira (04\/05), na Assembleia Legislativa, em Porto Alegre. V\u00e1rios t\u00f3picos foram apontados no encontro da Comiss\u00e3o de Agricultura, Pecu\u00e1ria e Abastecimento do Estado, por proposi\u00e7\u00e3o dos deputados Z\u00e9 Nunes (PT), Jeferson Fernandes (PT) e Pedro Ruas (PSOL).&nbsp;<\/p>\n<p> Representando Sindicato da Ind\u00fastria de Latic\u00ednios do RS (Sindilat) no evento, o 2\u00ba vice-presidente, Raul Amaral, acredita que a moderniza\u00e7\u00e3o \u00e9 necess\u00e1ria, mas precisa ser debatida com mais profundidade com toda a cadeira. \"Precisamos melhorar a participa\u00e7\u00e3o dos munic\u00edpios no processo e reduzir a burocracia da fiscaliza\u00e7\u00e3o. O debate foi muito esclarecedor, mas a quest\u00e3o precisa de mais reavalia\u00e7\u00f5es\". Dentro deste debate, o presidente do Sindilat, Alexandre Guerra, considera importante o di\u00e1logo para que sejam encontradas as melhores solu\u00e7\u00f5es. \"Assim, teremos a velocidade necess\u00e1ria nas fiscaliza\u00e7\u00f5es dos processos produtivos que n\u00e3o podem parar, pois trabalhamos com produtos perec\u00edveis e de consumo di\u00e1rio\", apontou Guerra.<\/p>\n<p> Na reuni\u00e3o, alguns representantes se manifestaram contra a terceiriza\u00e7\u00e3o do servi\u00e7o, levando em conta o conflito de interesses que supostamente existiria nesse sistema. O deputado Z\u00e9 Nunes argumentou que \u00e9 contradit\u00f3rio um agente fiscalizador ser pago por quem ele fiscaliza. \"\u00c9 muito dif\u00edcil que essa atividade seja efetiva e adequada\", afirmou. A coloca\u00e7\u00e3o foi compartilhada pela presidente da Associa\u00e7\u00e3o dos Fiscais Agropecu\u00e1rios do Estado do Rio Grande do Sul (Afagro RS), Angela Antunes, que destacou que o servi\u00e7o de inspe\u00e7\u00e3o do Estado, um dos melhores do Brasil. \"Quando falamos em fiscaliza\u00e7\u00e3o agropecu\u00e1ria, falamos em sa\u00fade p\u00fablica, obriga\u00e7\u00e3o do Estado e da Uni\u00e3o\", pontuou Angela.&nbsp;<\/p>\n<p> Reiterando as obriga\u00e7\u00f5es p\u00fablicas, o superintendente do Minist\u00e9rio da Agricultura do RS (Mapa), Roberto Schroeder, lembrou que o novo Regulamento de Inspe\u00e7\u00e3o Industrial de Produtos de Origem Animal (Riispoa) define a atividade como exclusiva do fiscal federal agropecu\u00e1rio. \"Precisa ser um servidor p\u00fablico independente para fazer essa fiscaliza\u00e7\u00e3o\", explicou ele, usando o sucesso da Opera\u00e7\u00e3o Leite Compen$ado como exemplo de for\u00e7a conjunta de entidades do Estado. \"Potencializamos, assim, a seguran\u00e7a a ser levada aos consumidores\", concluiu Schroeder.&nbsp;<\/p>\n<p> Contrapondo as afirma\u00e7\u00f5es, o diretor do Departamento de Defesa Agropecu\u00e1ria (DDA) da Secretaria de Agricultura, Pecu\u00e1ria e Abastecimento (Seapi), Ant\u00f4nio Ferreira Neto, reiterou a necessidade de renova\u00e7\u00e3o do sistema ga\u00facho. \"Queremos trazer pro Estado a forma mais moderna para que se possa trabalhar a \u00e1rea de inspe\u00e7\u00e3o e a \u00e1rea sanit\u00e1ria animal\", assinalou Neto, lembrando que a prioridade atual da Seapi \u00e9 dobrar o n\u00famero de munic\u00edpios atendidos pelo Sistema Unificado Estadual de Sanidade Agroindustrial Familiar, Artesanal e de Pequeno Porte (Susaf).&nbsp;<\/p>\n<p> O coordenador t\u00e9cnico da Federa\u00e7\u00e3o de Associa\u00e7\u00f5es de Munic\u00edpios do RS (Famurs RS), M\u00e1rio Nascimento, alertou que \u00e9 necess\u00e1ria a maior contrata\u00e7\u00e3o de m\u00e9dicos veterin\u00e1rios para atua\u00e7\u00e3o, lembrando que a entidade n\u00e3o \u00e9 contra a proposta. \"Podemos discutir melhor, mas precisamos nos atualizar\", concluiu. Uma nota de rep\u00fadio foi entregue \u00e0 mesa da audi\u00eancia, assinada por fiscais agropecu\u00e1rios e apoiada pela Afagro. A data da reuni\u00e3o a ser realizada com o secret\u00e1rio de Agricultura do Estado ser\u00e1 divulgada posteriormente. (Assessoria de Imprensa Sindilat)<\/p><\/div>\n<div style=\"text-align: justify;\">&nbsp;<\/div>\n<div style=\"text-align: justify;\"><img decoding=\"async\" alt=\"\" src=\"http:\/\/cache.mail2easy.com.br\/i\/6186\/2235\" style=\"width: 500px; height: 284px;\" \/><\/div>\n<div style=\"text-align: justify;\">Foto: Guerreiro | Ag\u00eancia ALRS<\/div>\n<div style=\"text-align: justify;\">&nbsp;<\/div>\n<\/p><\/div>\n<div><img decoding=\"async\" alt=\"\" src=\"http:\/\/cache.mail2easy.com.br\/i\/6186\/7\" style=\"font-family: verdana,geneva,sans-serif; font-size: 12px; height: 16px; width: 811px;\" \/><\/div>\n<div style=\"text-align: left;\">\n<div style=\"text-align: justify;\">&nbsp;<\/div>\n<div style=\"text-align: justify;\"><strong>Incertezas com rela\u00e7\u00e3o ao NAFTA impulsionam M\u00e9xico a buscar novos parceiros comerciais<\/strong><\/p>\n<p> Em meio \u00e0s incertezas em torno do futuro do NAFTA o M\u00e9xico tem procurado diversificar seus parceiros comerciais. O professor de economia agr\u00edcola da Escola Dyson de Economia Aplicada e Gest\u00e3o da Universidade Cornell, Andrew M. Novakovi\u0107, PhD, disse que a a\u00e7\u00e3o do M\u00e9xico de buscar outros parceiros comerciais al\u00e9m dos EUA n\u00e3o \u00e9 uma a\u00e7\u00e3o surpreendente. \"A parte assustadora \u00e9 que o M\u00e9xico, com toda essa ret\u00f3rica econ\u00f4mica mais a imigra\u00e7\u00e3o, est\u00e1 explorando fornecedores alternativos em toda a fronteira e os l\u00e1cteos s\u00e3o importantes para n\u00f3s\", destacou Andrew.&nbsp;<\/p>\n<p> Desde que o NAFTA se tornou lei em 1994, as exporta\u00e7\u00f5es de produtos l\u00e1cteos dos EUA para o M\u00e9xico mais do que quadruplicaram, para US $ 1,2 bilh\u00f5es, tornando o M\u00e9xico o principal mercado de exporta\u00e7\u00e3o dos Estados Unidos. Isso representou quase um quarto de todas as exporta\u00e7\u00f5es de l\u00e1cteos no ano passado, de acordo com dados do Conselho de Exporta\u00e7\u00f5es de L\u00e1cteos do pa\u00eds (USDEC).<\/p>\n<p> No m\u00eas passado, os l\u00edderes de l\u00e1cteos dos EUA viajaram para a Cidade do M\u00e9xico para reafirmar o valor que veem na manuten\u00e7\u00e3o do M\u00e9xico como parceiro comercial, ao mesmo tempo em que aconselham o pa\u00eds a ser cauteloso na busca de novos acordos comerciais com outras na\u00e7\u00f5es. \"Acredito que o M\u00e9xico precisa ser esperto em abrir seu mercado para outros fornecedores de l\u00e1cteos que est\u00e3o mais interessados em vendas spot do que em uma parceria de longo prazo\", disse o presidente e CEO do USDEC, Tom Vilsack, aos l\u00edderes mexicanos do setor de l\u00e1cteos que participaram do National Dairy Forum na Cidade do M\u00e9xico.<\/p>\n<p> Argentina \u00e9 o pr\u00f3ximo parceiro comercial<br \/> Entretanto, o M\u00e9xico trabalhou para finalizar um acordo comercial com a Argentina at\u00e9 o final do ano, disse o vice-ministro de Com\u00e9rcio Exterior do M\u00e9xico, Juan Carlos Baker. O presidente da Argentina, Mauricio Macri, tamb\u00e9m prometeu abrir a economia e o com\u00e9rcio do pa\u00eds latino-americano para o M\u00e9xico at\u00e9 o final de 2017. \"O potencial est\u00e1 l\u00e1. Os exportadores argentinos poderiam encontrar condi\u00e7\u00f5es atrativas no M\u00e9xico\". Baker disse que o M\u00e9xico n\u00e3o voltar\u00e1 a pagar um imposto de exporta\u00e7\u00e3o se as exporta\u00e7\u00f5es aos EUA ficarem restritas. (As informa\u00e7\u00f5es s\u00e3o do Dairy Reporter, traduzidas pela Equipe MilkPoint)<\/p>\n<p> <strong>EUA: ind\u00fastria de l\u00e1cteos aprova apoio ao retorno do leite no lanche escolar<\/strong><\/p>\n<p> L\u00edderes da ind\u00fastria de l\u00e1cteos dos Estados Unidos agradeceram ao rec\u00e9m-confirmado secret\u00e1rio de Agricultura, Sonny Perdue, por reconhecer o importante papel que o leite escolar desempenha em garantir que as crian\u00e7as recebam a nutri\u00e7\u00e3o que precisam. Em uma de suas primeiras a\u00e7\u00f5es como secret\u00e1rio de Agricultura, Perdue visitou a Catoctin Elementary School em Leesburg, Virg\u00ednia, para anunciar que o Departamento de Agricultura dos EUA (USDA) ir\u00e1 implementar regulamentos para permitir que as escolas ofere\u00e7am novamente leite com sabor e desnatado (1% de gordura) como parte dos programas de lanche e caf\u00e9 da manh\u00e3 na escola - National School Lunch e School Breakfast. Sob a administra\u00e7\u00e3o de Obama, o USDA eliminou o leite desnatado com sabor como uma op\u00e7\u00e3o de lanche escolar e em programas \u00e0 la carte. Desde ent\u00e3o, o consumo de leite escolar diminuiu, assim como a participa\u00e7\u00e3o geral no programa de lanche escolar.<\/p>\n<p> \"Apenas nos dois primeiros anos ap\u00f3s o leite ter sido removido do programa, 1,1 milh\u00e3o de alunos a menos bebiam leite com seu lanche\", disse Jim Mulhern, presidente e CEO da Federa\u00e7\u00e3o Nacional de Produtores de Leite (NMPF). \"A a\u00e7\u00e3o do secret\u00e1rio Perdue hoje reconhece que uma variedade de leites e outros alimentos l\u00e1cteos saud\u00e1veis s\u00e3o parte integrante dos programas de nutri\u00e7\u00e3o infantil nas escolas\".<\/p>\n<p> \"Hoje, o secret\u00e1rio Perdue deu um passo importante para trazer de volta os produtos favoritos da lancheira - o leite desnatado com sabor chocolate e sabor morango - que os alunos tinham perdido\", disse J. David Carlin, vice-presidente s\u00eanior de assuntos legislativos e pol\u00edtica econ\u00f4mica para a Associa\u00e7\u00e3o Internacional de Alimentos L\u00e1cteos (IDFA). \"Quando as crian\u00e7as n\u00e3o bebem leite, \u00e9 extremamente dif\u00edcil para elas obter as quantidades adequadas de c\u00e1lcio, pot\u00e1ssio, vitamina D e outros nutrientes que os l\u00e1cteos fornecem.\" O USDA publicar\u00e1 uma medida provis\u00f3ria para cobrir as mudan\u00e7as regulat\u00f3rias necess\u00e1rias para permitir o leite com baixo teor de gordura nas escolas. N\u00e3o est\u00e1 claro quando a mudan\u00e7a ser\u00e1 implementada. (As informa\u00e7\u00f5es s\u00e3o da IDFA, traduzidas pela Equipe MilkPoint)<br \/> &nbsp;<\/div>\n<div><img decoding=\"async\" alt=\"\" src=\"http:\/\/cache.mail2easy.com.br\/i\/6186\/7\" style=\"font-family: verdana, geneva, sans-serif; font-size: 12px; height: 16px; text-align: center; width: 811px; display: block; margin-left: auto; margin-right: auto;\" \/><\/div>\n<\/p><\/div>\n<div><em><strong><img decoding=\"async\" alt=\"\" src=\"http:\/\/cache.mail2easy.com.br\/i\/6186\/9\" style=\"font-family: verdana,geneva,sans-serif; font-size: 12px; height: 30px; width: 231px;\" \/><\/strong><\/em><\/div>\n<div><em><span style=\"text-align: justify;\">Exporta\u00e7\u00f5es\/AR&nbsp;<\/span><br style=\"text-align: justify;\" \/> <span style=\"text-align: justify;\">As exporta\u00e7\u00f5es totais de gr\u00e3os da Argentina somaram aproximadamente US$ 6,6 bilh\u00f5es no ano, de acordo com dados do Centro de Exportadores de Cereais da Argentina divulgados pelo Blog AgroSouth News. O resultado \u00e9 reflexo direto da pol\u00edtica de valoriza\u00e7\u00e3o do agroneg\u00f3cio implementada pelo governo Macri, que entre outras medidas acabou com as chamadas \"retenciones\" (impostos sobre vendas externas). Somente na \u00faltima semana, as exporta\u00e7\u00f5es desses produtos alcan\u00e7ou US$ 599,59 milh\u00f5es, que \u00e9 25,15% maior que o mesmo per\u00edodo do ano passado. Portanto, depois de duas semanas de forte retra\u00e7\u00e3o, as vendas aumentaram. Isso tamb\u00e9m se deve a uma tend\u00eancia de valoriza\u00e7\u00e3o do Peso Argentino frente ao D\u00f3lar norte-americano. Cerca de 53% das vendas neste ano foram por pre\u00e7os mais altos que no ano passado. Por outro lado, o volume vendido ainda \u00e9 menor que o do ano passado. (Agrolink)<\/span><\/em><\/div>\n<div><em><img decoding=\"async\" alt=\"\" src=\"http:\/\/cache.mail2easy.com.br\/i\/6186\/7\" style=\"font-family: verdana,geneva,sans-serif; font-size: 12px; height: 16px; line-height: 13.5pt; text-align: justify; width: 803px;\" \/><\/em><\/div>\n<div style=\"text-align: center;\">&nbsp;<\/div>\n<\/p><\/div>\n","protected":false},"excerpt":{"rendered":"<p>Porto Alegre, 04&nbsp;de maio&nbsp;de 2017. &nbsp; &nbsp; &nbsp; &nbsp; &nbsp; &nbsp; &nbsp; &nbsp; &nbsp; &nbsp; &nbsp; &nbsp; &nbsp; &nbsp; &nbsp; &nbsp; &nbsp; &nbsp; &nbsp; &nbsp; &nbsp; &nbsp; &nbsp; Ano 11- N\u00b0 2.492 &nbsp; Moderniza\u00e7\u00e3o dos servi\u00e7os de inspe\u00e7\u00e3o \u00e9 pauta de audi\u00eancia p\u00fablica Entidades do setor agropecu\u00e1rio dever\u00e3o levar ao secret\u00e1rio da Agricultura do Estado, <a href=\"https:\/\/www.sindilat.com.br\/site\/2017\/05\/04\/04-05-2017\/\" class=\"more-link\">...continuar lendo<span class=\"screen-reader-text\"> \"04\/05\/2017\"<\/span><\/a><\/p>\n","protected":false},"author":1,"featured_media":0,"comment_status":"open","ping_status":"open","sticky":false,"template":"","format":"standard","meta":{"ngg_post_thumbnail":0,"footnotes":""},"categories":[28],"tags":[],"class_list":{"0":"post-1523","1":"post","2":"type-post","3":"status-publish","4":"format-standard","6":"category-newsletter","7":"h-entry","8":"hentry","9":"h-as-article"},"_links":{"self":[{"href":"https:\/\/www.sindilat.com.br\/site\/wp-json\/wp\/v2\/posts\/1523","targetHints":{"allow":["GET"]}}],"collection":[{"href":"https:\/\/www.sindilat.com.br\/site\/wp-json\/wp\/v2\/posts"}],"about":[{"href":"https:\/\/www.sindilat.com.br\/site\/wp-json\/wp\/v2\/types\/post"}],"author":[{"embeddable":true,"href":"https:\/\/www.sindilat.com.br\/site\/wp-json\/wp\/v2\/users\/1"}],"replies":[{"embeddable":true,"href":"https:\/\/www.sindilat.com.br\/site\/wp-json\/wp\/v2\/comments?post=1523"}],"version-history":[{"count":0,"href":"https:\/\/www.sindilat.com.br\/site\/wp-json\/wp\/v2\/posts\/1523\/revisions"}],"wp:attachment":[{"href":"https:\/\/www.sindilat.com.br\/site\/wp-json\/wp\/v2\/media?parent=1523"}],"wp:term":[{"taxonomy":"category","embeddable":true,"href":"https:\/\/www.sindilat.com.br\/site\/wp-json\/wp\/v2\/categories?post=1523"},{"taxonomy":"post_tag","embeddable":true,"href":"https:\/\/www.sindilat.com.br\/site\/wp-json\/wp\/v2\/tags?post=1523"}],"curies":[{"name":"wp","href":"https:\/\/api.w.org\/{rel}","templated":true}]}}