{"id":1522,"date":"2017-05-03T18:25:15","date_gmt":"2017-05-03T18:25:15","guid":{"rendered":"http:\/\/www.sindilat.com.br\/site\/2017\/05\/03\/03-05-2017\/"},"modified":"2017-05-03T18:25:15","modified_gmt":"2017-05-03T18:25:15","slug":"03-05-2017","status":"publish","type":"post","link":"https:\/\/www.sindilat.com.br\/site\/2017\/05\/03\/03-05-2017\/","title":{"rendered":"03\/05\/2017"},"content":{"rendered":"<p> <title><\/title> <\/p>\n<div style=\"text-align: center;\"><a href=\"http:\/\/www.sindilat.com.br\" style=\"font-size: 12px; font-family: verdana, geneva, sans-serif;\"><img decoding=\"async\" alt=\"\" src=\"http:\/\/cache.mail2easy.com.br\/i\/6186\/5\" style=\"height: 82px; width: 643px;\" \/><\/a><\/div>\n<div style=\"text-align: center;\">\n<p><strong><em>Porto Alegre, 03&nbsp;<\/em><\/strong><strong><em>de maio&nbsp;<\/em><\/strong><strong><em>de 2017. &nbsp; &nbsp; &nbsp; &nbsp; &nbsp; &nbsp; &nbsp; &nbsp; &nbsp; &nbsp; &nbsp; &nbsp; &nbsp; &nbsp; &nbsp; &nbsp; &nbsp; &nbsp; &nbsp; &nbsp; &nbsp; &nbsp; &nbsp; Ano 11- N\u00b0 2.491<\/em><\/strong><\/p>\n<p>&nbsp;<\/p>\n<p><span style=\"font-size: 12px;\"><span style=\"font-family: tahoma,geneva,sans-serif;\"><img decoding=\"async\" src=\"http:\/\/cache.mail2easy.com.br\/i\/6186\/6\" \/><\/span><\/span><\/p>\n<p><img decoding=\"async\" alt=\"\" src=\"http:\/\/cache.mail2easy.com.br\/i\/6186\/7\" style=\"font-family: verdana,geneva,sans-serif; font-size: 12px; height: 16px; text-align: justify; width: 811px;\" \/><\/p>\n<div style=\"text-align: justify;\"><strong><span style=\"text-decoration: underline;\"><span style=\"font-size: 12px;\"><span style=\"font-family: tahoma,geneva,sans-serif;\"><img decoding=\"async\" alt=\"\" src=\"http:\/\/cache.mail2easy.com.br\/i\/6186\/8\" style=\"float: left; height: 34px; width: 53px;\" \/><\/span><\/span><\/span><\/strong><\/div>\n<div style=\"text-align: justify;\">\n<div style=\"text-align: justify;\"><strong>Atualiza\u00e7\u00f5es do Riispoa s\u00e3o tema de reuni\u00e3o no Mapa<\/strong><\/div>\n<div style=\"text-align: justify;\">&nbsp;<\/div>\n<div style=\"text-align: justify;\">Estabelecimentos ter\u00e3o at\u00e9 um ano para adequar-se a quest\u00f5es que surgiram com o novo Regulamento de Inspe\u00e7\u00e3o Industrial e Sanit\u00e1ria de Produtos de Origem Animal (Riispoa). Dados sobre o novo decreto, publicado no Di\u00e1rio Oficial da Uni\u00e3o, no dia 30 de mar\u00e7o desse ano, foram apresentados em reuni\u00e3o na manh\u00e3 dessa quarta-feira (03\/05), no audit\u00f3rio da Superintend\u00eancia do Minist\u00e9rio da Agricultura no Estado (Mapa), em Porto Alegre. O fiscal federal agropecu\u00e1rio e chefe do Servi\u00e7o de Inspe\u00e7\u00e3o de Produtos de Origem Animal do RS (Sipoa), Leonardo Isolan, e a auditora fiscal federal agropecu\u00e1ria e assessora t\u00e9cnica do Sipoa, Milene Cristine C\u00e9, esclareceram as d\u00favidas dos 72 representantes de ind\u00fastrias e de entidades, como Secretaria da Agricultura (SEAPI), a Associa\u00e7\u00e3o das Pequenas Ind\u00fastrias de Latic\u00ednios (Apil) e a Associa\u00e7\u00e3o Ga\u00facha de Laticinistas e Latic\u00ednios (AGL).<\/p>\n<p> O presidente do Sindicato das Ind\u00fastrias dos Latic\u00ednios do RS (Sindilat\/RS), Alexandre Guerra, e o secret\u00e1rio-executivo, Darlan Palharini, acompanharam os debates no encontro. Guerra ressaltou a relev\u00e2ncia da reuni\u00e3o para discutir a moderniza\u00e7\u00e3o do Riispoa, que determina quest\u00f5es importantes para o setor das ind\u00fastrias l\u00e1cteas. \"\u00c9 o momento de tirarmos d\u00favidas com os \u00f3rg\u00e3os competentes para podermos continuar fazendo o nosso melhor trabalho\", pontua.&nbsp;<\/p>\n<p> Para a melhor aplicabilidade do novo Riispoa ser\u00e3o necess\u00e1rias aproximadamente &nbsp;120 novas regulamenta\u00e7\u00f5es que determinam, entre outros, quest\u00f5es referentes aos produtos regidos pelo Sistema de Inspe\u00e7\u00e3o Federal (SIF). \"\u00c9 uma novidade n\u00e3o s\u00f3 para os que ser\u00e3o fiscalizados, mas para n\u00f3s, fiscalizadores, tamb\u00e9m\", afirma Leonardo Isolan. O decreto est\u00e1 dividido em 12 t\u00edtulos, abordando desde disposi\u00e7\u00f5es preliminares, no \u00e2mbito da aplica\u00e7\u00e3o, at\u00e9 as execu\u00e7\u00f5es finais e transit\u00f3rias. De acordo com o fiscal, o antigo decreto estava defasado. \"Necessitava-se de algo que pudesse acompanhar uma din\u00e2mica de processo de fabrica\u00e7\u00e3o de prote\u00edna animal\", ressalta Isolan, que refor\u00e7a ainda o fato de que todo estabelecimento que tem SIF est\u00e1 habilitado para exporta\u00e7\u00e3o aos pa\u00edses que aderem aos crit\u00e9rios brasileiros. \"A empresa que deseja exportar deve requerer certifica\u00e7\u00e3o para a atividade\", conclui.<\/p>\n<p> As a\u00e7\u00f5es fiscais, como autos infracionais, interdi\u00e7\u00e3o total ou parcial de processo, apreens\u00e3o de produto, condena\u00e7\u00e3o de produto, suspens\u00e3o de atividades, entre outras, tamb\u00e9m foram atualizadas. As infra\u00e7\u00f5es s\u00e3o listadas como leves, moderadas, graves e grav\u00edssimas, levando em considera\u00e7\u00e3o situa\u00e7\u00f5es agravantes e atenuantes. Os valores das multas para os autos infracionais v\u00e3o de R$ 50 mil, no caso das leves, e chegam a R$ 500 mil, quando forem grav\u00edssimas. O decreto antigo tinha limite de valor de multa em R$ 15 mil. A empresa que cometer tr\u00eas desvios grav\u00edssimos dentro do per\u00edodo de um ano sofrer\u00e1 a cassa\u00e7\u00e3o do selo SIF.<\/p>\n<p> Um dos pontos destacados por Isolan \u00e9 a necessidade de regulamenta\u00e7\u00f5es e aprova\u00e7\u00f5es pr\u00e9vias sobre o uso de tecnologias, produtos ou embalagens novas. As empresas devem submeter qualquer item novo \u00e0s an\u00e1lises laboratoriais e aprova\u00e7\u00e3o da fiscaliza\u00e7\u00e3o para, ent\u00e3o, registr\u00e1-los. Sobre os programas de autocontrole sanit\u00e1rio, o fiscal esclareceu que a responsabilidade de empreg\u00e1-los ser\u00e1 exclusivamente das empresas. \"Cabe ao fiscal verificar os procedimentos da empresa, as aplica\u00e7\u00f5es e tomar as a\u00e7\u00f5es necess\u00e1rias\", finaliza.<\/p>\n<p> Sobre a produ\u00e7\u00e3o de queijos, Milene C\u00e9 esclareceu que, agora, as pe\u00e7as submetidas \u00e0 matura\u00e7\u00e3o dever\u00e3o conter a data de fabrica\u00e7\u00e3o na pe\u00e7a, e n\u00e3o mais nas prateleiras ou em outros locais. Essa determina\u00e7\u00e3o assegura o controle da data de fabrica\u00e7\u00e3o e controle de matura\u00e7\u00e3o. De acordo com os fiscais, o Sipoa, em conjunto com o Mapa, est\u00e1 elaborando uma cartilha de perguntas e respostas espec\u00edficas, como quest\u00f5es de transvase, leite cru, e demais orienta\u00e7\u00f5es, para o melhor entendimento das atualiza\u00e7\u00f5es do regulamento. O documento ser\u00e1 disponibilizado aos associados e o Sindilat ajudar\u00e1 na sua divulga\u00e7\u00e3o.&nbsp;<span style=\"text-align: justify;\">&nbsp;(Assessoria de Imprensa Sindilat)<\/span><\/p>\n<p> <img decoding=\"async\" alt=\"\" src=\"http:\/\/cache.mail2easy.com.br\/i\/6186\/2234\" style=\"width: 500px; height: 281px;\" \/><br \/> Cr\u00e9dito da foto: Vitorya Paulo<\/div>\n<div style=\"text-align: justify;\">&nbsp;<\/div>\n<\/p><\/div>\n<div><img decoding=\"async\" alt=\"\" src=\"http:\/\/cache.mail2easy.com.br\/i\/6186\/7\" style=\"font-family: verdana,geneva,sans-serif; font-size: 12px; height: 16px; width: 811px;\" \/><\/div>\n<div style=\"text-align: left;\">\n<div style=\"text-align: justify;\">&nbsp;<\/div>\n<div style=\"text-align: justify;\">\n<div style=\"text-align: justify;\"><strong>F\u00f3rum Itinerante do Leite ocorrer\u00e1 em Palmeira das Miss\u00f5es<\/strong><\/p>\n<p> Palmeira das Miss\u00f5es (RS) ser\u00e1 palco de discuss\u00e3o sobre os mitos e as verdades atribu\u00eddas ao consumo e a produ\u00e7\u00e3o de leite no 4\u00ba F\u00f3rum Itinerante do Leite. O evento ser\u00e1 realizado no dia 1\u00ba de junho, na Escola Estadual T\u00e9cnica Celeste Gobbato, em celebra\u00e7\u00e3o ao Dia Mundial do Leite. O lan\u00e7amento oficial ocorreu na tarde de ter\u00e7a-feira (2\/5), na C\u00e2mara Municipal de Vereadores. Na ocasi\u00e3o, o secret\u00e1rio-executivo do Sindilat, Darlan Palharini, afirmou que esta edi\u00e7\u00e3o do f\u00f3rum ser\u00e1 a maior j\u00e1 realizada, com expectativa de 1,5 mil participantes. \"Ser\u00e1 uma \u00f3tima oportunidade de aproximar os produtores, a ind\u00fastria e a universidade.\"<\/p>\n<p> O 4\u00ba F\u00f3rum Itinerante do Leite ter\u00e1 in\u00edcio \u00e0s 9h, com o painel \"Mercado, consumo e inova\u00e7\u00e3o\". Em seguida, palestrantes e debatedores v\u00e3o discutir \"Gest\u00e3o, produ\u00e7\u00e3o e renda\". Durante a tarde, a partir das 13h45min, ser\u00e3o disponibilizadas seis oficinas t\u00e9cnicas. As inscri\u00e7\u00f5es estar\u00e3o dispon\u00edveis a partir desta quinta-feira (4\/5) no site do Sindilat (www.sindilat.com.br). O evento ser\u00e1 transmitido ao vivo pelo Canal Rural.<\/p>\n<p> O prefeito de Palmeiras das Miss\u00f5es, Eduardo Freire, que participou do lan\u00e7amento, acredita que a realiza\u00e7\u00e3o do f\u00f3rum ser\u00e1 importante para a regi\u00e3o que, apesar de ser conhecida pela produ\u00e7\u00e3o de gr\u00e3os, deve expandir a produ\u00e7\u00e3o l\u00e1ctea. \"Estamos trabalhando em projetos que ser\u00e3o lan\u00e7ados em breve para incentivar a produ\u00e7\u00e3o de leite e a conscientiza\u00e7\u00e3o dos produtores sobre a import\u00e2ncia social do setor\", pontuou. Tamb\u00e9m estiveram presentes o diretor da Escola Estadual T\u00e9cnica Celeste Gobbato, Luiz Carlos Cosmam, o secret\u00e1rio de Agricultura de Palmeira das Miss\u00f5es, Olavo Jos\u00e9 Borges, o professor da Universidade Federal de Santa Maria (UFSM) Jo\u00e3o Pedro Velho, e da chefe do Escrit\u00f3rio da Emater\/Palmeira das Miss\u00f5es, Zuleica Magalh\u00e3es Malheiros.<br \/> &nbsp;<br \/> O evento ser\u00e1 organizado pelo Sindilat, Farsul, Fetag, Secretaria da Agricultura (Seapi), Minist\u00e9rio da Agricultura (Mapa), Escola Estadual T\u00e9cnica Celeste Gobbato e Canal Rural, e ter\u00e1 apoio do Fundesa. Poder\u00e3o participar produtores, ind\u00fastrias, institui\u00e7\u00f5es, estudantes, acad\u00eamicos e o p\u00fablico em geral. (Assessoria de Imprensa Sindilat)<\/div>\n<div style=\"text-align: justify;\"> <img decoding=\"async\" alt=\"\" src=\"http:\/\/cache.mail2easy.com.br\/i\/6186\/2233\" style=\"width: 500px; height: 334px;\" \/><br \/> Cr\u00e9dito: Camila Schmitt\/ASC\/C\u00e2mara de Vereadores de Palmeira das Miss\u00f5es&nbsp;<strong>&nbsp;&nbsp;<\/strong><\/div>\n<\/p><\/div>\n<div style=\"text-align: justify;\">&nbsp;<\/div>\n<div style=\"text-align: justify;\"> <strong>Mais um ano de avan\u00e7o \"t\u00edmido\" para o longa vida<\/strong><\/p>\n<p> Ap\u00f3s registrar um crescimento de 1,5% no consumo no pa\u00eds em 2016 \u00ac abaixo da previs\u00e3o inicial de 2% \u00ac, o segmento de leite longa vida espera mais um ano de avan\u00e7o t\u00edmido, nas palavras de La\u00e9rcio Barbosa, diretor do Latic\u00ednios Jussara, que voltou \u00e0 presid\u00eancia da Associa\u00e7\u00e3o Brasileira de Leite Longa Vida (ABLV). No ano passado, o consumo no Brasil alcan\u00e7ou 6,830 bilh\u00f5es de litros, e a expectativa da entidade, que re\u00fane empresas do segmento, \u00e9 de aumento de 2% em 2017. Embora pequeno, o crescimento em 2016 ocorreu, em plena crise, a despeito da forte alta dos pre\u00e7os do leite longa vida em meados do ano em fun\u00e7\u00e3o da queda da oferta de mat\u00e9ria-prima. Essa retra\u00e7\u00e3o da disponibilidade, ali\u00e1s, acabou estimulando as importa\u00e7\u00f5es de l\u00e1cteos (ver infogr\u00e1fico).&nbsp;<\/p><\/div>\n<div style=\"text-align: justify;\">&nbsp;<\/div>\n<div style=\"text-align: justify;\"><img decoding=\"async\" alt=\"\" src=\"http:\/\/cache.mail2easy.com.br\/i\/6186\/2232\" style=\"width: 600px; height: 410px;\" \/><\/div>\n<div style=\"text-align: justify;\">&nbsp;<\/div>\n<div style=\"text-align: justify;\">Segundo Barbosa, uma explica\u00e7\u00e3o para o aumento das vendas \u00e9 que, justamente em decorr\u00eancia da crise, as pessoas consumiram mais alimentos em casa. Al\u00e9m disso, ainda que o pre\u00e7o tenha subido, o leite longa vida \u00e9 um produto de valor relativamente baixo, e seu consumo foi menos afetado que o de produtos de maior valor, como iogurtes e queijos. \"Produtos mais baratos tiveram melhor resultado na crise\", afirma ele. Mas o leite longa vida n\u00e3o passou inc\u00f3lume, admite a ABLV. A alta dos pre\u00e7os do produto no ano passado fez com que alguns consumidores voltassem a comprar o leite pasteurizado. No entanto, a distribui\u00e7\u00e3o do pasteurizado \u00e9 muito menor atualmente do que a que existia no passado. Enquanto o consumo de longa vida cresceu apenas 1,5%, o faturamento no setor subiu expressivos 17,7%, saindo de R$ 15,3 bilh\u00f5es em 2015 para R$ 18 bilh\u00f5es ano passado no Brasil. \"O pre\u00e7o subiu mais por isso o faturamento do setor cresceu\", observa o presidente da ABLV, que re\u00fane 29 associadas no pa\u00eds.&nbsp;<\/p>\n<p> A estimativa inicial era de um incremento de 15% em 2016. A expectativa para este ano \u00e9 de que o faturamento nesse mercado \"n\u00e3o seja muito diferente\" do de 2016, afirma La\u00e9rcio Barbosa. A raz\u00e3o \u00e9 que em 2017 os pre\u00e7os est\u00e3o mais est\u00e1veis, uma vez que a oferta de mat\u00e9ria-prima d\u00e1 sinais de recupera\u00e7\u00e3o \u00ac em parte, gra\u00e7as aos menores custos de produ\u00e7\u00e3o e \u00e0 melhora das cota\u00e7\u00f5es ao produtor\u00ac, ap\u00f3s dois anos de queda na oferta. Segundo o IBGE, em 2016, a produ\u00e7\u00e3o inspecionada recuou 3,7%, para 23,169 bilh\u00f5es de litros. O presidente da ABLV avalia que \"a crise piorou\" no pa\u00eds, o que afeta o consumo, mas conta com uma recupera\u00e7\u00e3o a partir do segundo semestre deste ano. De acordo com ele, o mercado brasileiro de longa vida teve volumes est\u00e1veis no primeiro trimestre. E como n\u00e3o h\u00e1 expectativa de escassez de oferta, como em 2016, os pre\u00e7os m\u00e9dios est\u00e3o mais est\u00e1veis, com vi\u00e9s de baixa, o que \"deve ajudar na recupera\u00e7\u00e3o\". Um est\u00edmulo para o consumo, acredita o dirigente, deve vir dos recursos das contas inativas do FGTS, que est\u00e3o chegando aos bolsos dos consumidores. \"A expectativa \u00e9 de que o mercado comece a melhorar com o dinheiro do FGTS, que deve ir para o consumo\", aposta ele. (Valor Econ\u00f4mico)<\/p><\/div>\n<div style=\"text-align: justify;\">&nbsp;<\/div>\n<div style=\"text-align: justify;\"> <strong>Com Emmi, Latic\u00ednios Porto Alegre acelera seus planos de crescimento<\/strong><\/p>\n<p> A entrada da su\u00ed\u00e7a Emmi no capital da Latic\u00ednios Porto Alegre Ind\u00fastria e Com\u00e9rcio S\/A vai permitir \u00e0 empresa mineira, que tem sede em Ponte Nova, acelerar seus planos de crescimento no pa\u00eds, disse ao Valor, Jo\u00e3o L\u00facio Barreto Carneiro, presidente e um dos fundadores da companhia brasileira. Na sexta\u00acfeira, a Emmi, um dos maiores grupos de l\u00e1cteos da Su\u00ed\u00e7a, com a\u00e7\u00f5es na bolsa de Zurique, anunciou a aquisi\u00e7\u00e3o de 40% de participa\u00e7\u00e3o no Latic\u00ednios Porto Alegre, por um valor n\u00e3o revelado. Em nota, a empresa su\u00ed\u00e7a disse que \"ao realizar esta aquisi\u00e7\u00e3o no Brasil, refor\u00e7a sua presen\u00e7a num pa\u00eds que cobi\u00e7a h\u00e1 muitos anos\". Carneiro, que fundou a Porto Alegre em 1991 com seu irm\u00e3o Jos\u00e9 Afonso, disse que, com a chegada da Emmi, os recursos para investimentos no crescimento da companhia \"est\u00e3o garantidos\". \"A empresa fica mais forte, menos dependente de bancos\", observou. O projeto de crescimento da Porto Alegre prev\u00ea investimentos de R$ 150 milh\u00f5es em quatro anos. Agora, o montante a ser aplicado ser\u00e1 dividido proporcionalmente entre os s\u00f3cios.&nbsp;<\/p>\n<p> Com os investimentos, a empresa, que faturou R$ 580 milh\u00f5es brutos em 2016, espera dobrar sua capacidade de produ\u00e7\u00e3o e receita em cinco anos. Segundo Carneiro, os planos para o mercado brasileiro foram um dos motivos que contribu\u00edram para o interesse da Emmi. O avan\u00e7o da empresa mineira nos \u00faltimos anos tamb\u00e9m foi um fator de atra\u00e7\u00e3o. Em 2012, o latic\u00ednio havia faturado R$ 200 milh\u00f5es. A parceria com a companhia su\u00ed\u00e7a prev\u00ea transfer\u00eancia de tecnologia e know\u00achow para a Porto Alegre, de acordo com Carneiro. Sem dar detalhes sobre produtos, o presidente da empresa disse que a chegada da Emmi permitir\u00e1 \"complementar o portf\u00f3lio\" da Porto Alegre. Hoje, a empresa mineira produz queijos, queijo fresco, requeij\u00e3o, leite longa vida e manteiga, leite em p\u00f3 e soro de leite p\u00f3 para a ind\u00fastria de alimentos. A Emmi, por sua vez, s\u00f3 exporta queijos finos ao Brasil atualmente. A companhia, que tem 25 unidades de produ\u00e7\u00e3o na Su\u00ed\u00e7a, fabrica, al\u00e9m de queijos, iogurtes, leite pasteurizado, bebidas l\u00e1cteas, entre outros. Segundo Carneiro, a Porto Alegre \"pode vir a distribuir produtos\" da Emmi no pa\u00eds, mas ainda n\u00e3o h\u00e1 defini\u00e7\u00e3o sobre o assunto.&nbsp;<\/p>\n<p> Um dos primeiros movimentos que a Porto Alegre far\u00e1 com a s\u00f3cia \u00e9 o aporte na constru\u00e7\u00e3o de uma nova unidade em Barbacena, onde comprou uma f\u00e1brica de queijo frescal no fim de 2016. Inicialmente, disse o CEO, as linhas de produ\u00e7\u00e3o de ricota, cottage e frescal da unidade de Ponte Nova ser\u00e3o transferidas para Barbacena. Com isso, ser\u00e1 poss\u00edvel ampliar a produ\u00e7\u00e3o de outros itens em Ponte Nova. Ent\u00e3o, no fim deste ano, a empresa come\u00e7ar\u00e1 a constru\u00e7\u00e3o da nova f\u00e1brica em Barbacena, ao lado da existente hoje. A previs\u00e3o \u00e9 que a planta comece a operar no in\u00edcio de 2019, segundo ele. A Porto Alegre tamb\u00e9m tem f\u00e1brica em Mutum, onde produz queijos, como mozzarela e parmes\u00e3o, e soro de leite em p\u00f3. O principal mercado da Porto Alegre \u00e9 Minas Gerais, mas seus produtos tamb\u00e9m s\u00e3o comercializados no Esp\u00edrito Santo, Rio de Janeiro e S\u00e3o Paulo \u00ac a empresa planeja ampliar sua presen\u00e7a nos dois \u00faltimos. As negocia\u00e7\u00f5es entre a Emmi e a Porto Alegre come\u00e7aram em setembro do ano passado, de acordo com Jo\u00e3o L\u00facio Carneiro, que tamb\u00e9m preside o conselho de administra\u00e7\u00e3o do latic\u00ednio. A Porto Alegre tem tr\u00eas membros no conselho, assim como a Emmi. Questionado se o grupo su\u00ed\u00e7o teria interesse de, no futuro, adquirir o controle da Porto Alegre, Carneiro afirmou que o \"objetivo deles \u00e9 ter parceiro no Brasil e n\u00e3o a aquisi\u00e7\u00e3o total da empresa\". A Emmi, que teve receita l\u00edquida de 3,259 bilh\u00f5es de francos su\u00ed\u00e7os em 2016 (US$ 3,306 bilh\u00f5es), tentava h\u00e1 anos entrar no Brasil. No fim de 2015 chegou a negociar a aquisi\u00e7\u00e3o do paulista Latic\u00ednios Shefa, mas a transa\u00e7\u00e3o n\u00e3o vingou. Conforme apurou o Valor, a su\u00ed\u00e7a tamb\u00e9m negociou, sem sucesso, com a catarinense Tirol, em 2014. (Valor Econ\u00f4mico)&nbsp;<\/p><\/div>\n<div style=\"text-align: justify;\">&nbsp;&nbsp;<\/div>\n<div><img decoding=\"async\" alt=\"\" src=\"http:\/\/cache.mail2easy.com.br\/i\/6186\/7\" style=\"font-family: verdana, geneva, sans-serif; font-size: 12px; height: 16px; text-align: center; width: 811px; display: block; margin-left: auto; margin-right: auto;\" \/><\/div>\n<\/p><\/div>\n<div><em><strong><img decoding=\"async\" alt=\"\" src=\"http:\/\/cache.mail2easy.com.br\/i\/6186\/9\" style=\"font-family: verdana,geneva,sans-serif; font-size: 12px; height: 30px; width: 231px;\" \/><\/strong><\/em><\/div>\n<div><em>Leite: de olho na \u00c1sia, Rio Grande do Sul investe em sanidade<br \/> Sanidade - Apostando na poss\u00edvel abertura de mercado asi\u00e1tico, o setor leiteiro do Rio Grande do Sul quer refor\u00e7ar a sanidade do rebanho. A aus\u00eancia de doen\u00e7as importantes, como tuberculose e brucelose, \u00e9 fundamental para garantir a participa\u00e7\u00e3o Boa parte do leite produzido no estado vai para o Rio de Janeiro, S\u00e3o Paulo e outros mercados internos. &nbsp;Mas as ind\u00fastrias ga\u00fachas de latic\u00ednios querem ir mais longe. Com a abertura do mercado internacional, \u00e9 preciso ter a certifica\u00e7\u00e3o de que as propriedades est\u00e3o isentas de doen\u00e7as. \"A exemplo de pa\u00edses como a R\u00fassia, os mercados asi\u00e1ticos que est\u00e3o focando o Brasil, e o Rio Grande do Sul em especial, porque somos grandes produtores\", diz o vice-\u00acpresidente do Sindicato da Ind\u00fastria de Latic\u00ednios e Produtos Derivados (Sindilat), Raul Amaral. O governo federal busca diminuir a incid\u00eancia de doen\u00e7as em bacias leiteiras por meio do programa Mais Leite Saud\u00e1vel, lan\u00e7ado em 2015. No Rio Grande do Sul, quase 20 mil produtores j\u00e1 foram atendidos na primeira fase. Segundo o fiscal agropecu\u00e1rio Roberto Lucena, est\u00e3o previstas mais de 3,5 mil certifica\u00e7\u00f5es de propriedades como isentas de tuberculose e brucelose. Ele afirma que essa \u00e9 uma quest\u00e3o muito delicada na atividade, e a responsabilidade de fazer os testes sempre ficou a cargo do produtor, o que est\u00e1 mudando com o programa. A segunda fase do programa no estado quer ampliar o n\u00famero de produtores e ind\u00fastrias, que hoje abrange 51 latic\u00ednios. Lucena afirma que o Mais Leite Saud\u00e1vel est\u00e1 levando assist\u00eancia t\u00e9cnica para melhorar a qualidade do leite e o gerenciamento das propriedades e proporcionar a ado\u00e7\u00e3o de boas pr\u00e1ticas agropecu\u00e1rias. \"\u00c9 voltado diretamente ao produtor rural, o que entendemos que seja o ponto mais positivo\", diz. <a href=\"http:\/\/www.canalrural.com.br\/noticias\/rural-noticias\/leite-olho-asia-rio-grande-sul-investe-sanidade-67171\">V\u00eddeo<\/a>. (Canal Rural)<\/em><\/div>\n<div><em><img decoding=\"async\" alt=\"\" src=\"http:\/\/cache.mail2easy.com.br\/i\/6186\/7\" style=\"font-family: verdana,geneva,sans-serif; font-size: 12px; height: 16px; line-height: 13.5pt; text-align: justify; width: 803px;\" \/><\/em><\/div>\n<div style=\"text-align: center;\">&nbsp;<\/div>\n<\/p><\/div>\n","protected":false},"excerpt":{"rendered":"<p>Porto Alegre, 03&nbsp;de maio&nbsp;de 2017. &nbsp; &nbsp; &nbsp; &nbsp; &nbsp; &nbsp; &nbsp; &nbsp; &nbsp; &nbsp; &nbsp; &nbsp; &nbsp; &nbsp; &nbsp; &nbsp; &nbsp; &nbsp; &nbsp; &nbsp; &nbsp; &nbsp; &nbsp; Ano 11- N\u00b0 2.491 &nbsp; Atualiza\u00e7\u00f5es do Riispoa s\u00e3o tema de reuni\u00e3o no Mapa &nbsp; Estabelecimentos ter\u00e3o at\u00e9 um ano para adequar-se a quest\u00f5es que surgiram com <a href=\"https:\/\/www.sindilat.com.br\/site\/2017\/05\/03\/03-05-2017\/\" class=\"more-link\">...continuar lendo<span class=\"screen-reader-text\"> \"03\/05\/2017\"<\/span><\/a><\/p>\n","protected":false},"author":1,"featured_media":0,"comment_status":"open","ping_status":"open","sticky":false,"template":"","format":"standard","meta":{"ngg_post_thumbnail":0,"footnotes":""},"categories":[28],"tags":[],"class_list":{"0":"post-1522","1":"post","2":"type-post","3":"status-publish","4":"format-standard","6":"category-newsletter","7":"h-entry","8":"hentry","9":"h-as-article"},"_links":{"self":[{"href":"https:\/\/www.sindilat.com.br\/site\/wp-json\/wp\/v2\/posts\/1522","targetHints":{"allow":["GET"]}}],"collection":[{"href":"https:\/\/www.sindilat.com.br\/site\/wp-json\/wp\/v2\/posts"}],"about":[{"href":"https:\/\/www.sindilat.com.br\/site\/wp-json\/wp\/v2\/types\/post"}],"author":[{"embeddable":true,"href":"https:\/\/www.sindilat.com.br\/site\/wp-json\/wp\/v2\/users\/1"}],"replies":[{"embeddable":true,"href":"https:\/\/www.sindilat.com.br\/site\/wp-json\/wp\/v2\/comments?post=1522"}],"version-history":[{"count":0,"href":"https:\/\/www.sindilat.com.br\/site\/wp-json\/wp\/v2\/posts\/1522\/revisions"}],"wp:attachment":[{"href":"https:\/\/www.sindilat.com.br\/site\/wp-json\/wp\/v2\/media?parent=1522"}],"wp:term":[{"taxonomy":"category","embeddable":true,"href":"https:\/\/www.sindilat.com.br\/site\/wp-json\/wp\/v2\/categories?post=1522"},{"taxonomy":"post_tag","embeddable":true,"href":"https:\/\/www.sindilat.com.br\/site\/wp-json\/wp\/v2\/tags?post=1522"}],"curies":[{"name":"wp","href":"https:\/\/api.w.org\/{rel}","templated":true}]}}