{"id":1520,"date":"2017-05-03T20:16:59","date_gmt":"2017-05-03T20:16:59","guid":{"rendered":"http:\/\/www.sindilat.com.br\/site\/2017\/05\/03\/forum-itinerante-do-leite-ocorrera-em-palmeira-das-missoes\/"},"modified":"2017-05-03T20:16:59","modified_gmt":"2017-05-03T20:16:59","slug":"forum-itinerante-do-leite-ocorrera-em-palmeira-das-missoes","status":"publish","type":"post","link":"https:\/\/www.sindilat.com.br\/site\/2017\/05\/03\/forum-itinerante-do-leite-ocorrera-em-palmeira-das-missoes\/","title":{"rendered":"F\u00f3rum Itinerante do Leite ocorrer\u00e1 em Palmeira das Miss\u00f5es"},"content":{"rendered":"<p style=\"margin-bottom: 0px; font-size: 12.8px;\"><span style=\"font-size: 13.3333px;\"><\/span><\/p>\n<p style=\"margin-bottom: 0px; font-size: 12.8px;\"><span style=\"font-size: 13.3333px;\"><\/span><\/p>\n<p style=\"margin-bottom: 0px; font-size: 12.8px;\"><span style=\"font-size: 13.3333px;\"><\/span><\/p>\n<p>Palmeira das Miss\u00f5es (RS) ser\u00e1 palco de discuss\u00e3o sobre os mitos e as verdades atribu\u00eddas ao consumo e a produ\u00e7\u00e3o de leite no 4\u00ba F\u00f3rum Itinerante do Leite. O evento ser\u00e1 realizado no dia 1\u00ba de junho, na Escola Estadual T\u00e9cnica Celeste Gobbato, em celebra\u00e7\u00e3o ao Dia Mundial do Leite. O lan\u00e7amento oficial ocorreu na tarde de ter\u00e7a-feira (2\/5), na C\u00e2mara Municipal de Vereadores. Na ocasi\u00e3o, o secret\u00e1rio-executivo do Sindilat, Darlan Palharini, afirmou que esta edi\u00e7\u00e3o do f\u00f3rum ser\u00e1 a maior j\u00e1 realizada, com expectativa de 1,5 mil participantes. \"Ser\u00e1 uma \u00f3tima oportunidade de aproximar os produtores, a ind\u00fastria e a universidade.\"<\/p>\n<p>O 4\u00ba F\u00f3rum Itinerante do Leite ter\u00e1 in\u00edcio \u00e0s 9h, com o painel \"Mercado, consumo e inova\u00e7\u00e3o\". Em seguida, palestrantes e debatedores v\u00e3o discutir \"Gest\u00e3o, produ\u00e7\u00e3o e renda\". Durante a tarde, a partir das 13h45min, ser\u00e3o disponibilizadas seis oficinas t\u00e9cnicas. As inscri\u00e7\u00f5es estar\u00e3o dispon\u00edveis a partir desta quinta-feira (4\/5) no site do Sindilat (www.sindilat.com.br). O evento ser\u00e1 transmitido ao vivo pelo Canal Rural.<\/p>\n<p>O prefeito de Palmeiras das Miss\u00f5es, Eduardo Freire, que participou do lan\u00e7amento, acredita que a realiza\u00e7\u00e3o do f\u00f3rum ser\u00e1 importante para a regi\u00e3o que, apesar de ser conhecida pela produ\u00e7\u00e3o de gr\u00e3os, deve expandir a produ\u00e7\u00e3o l\u00e1ctea. \u201cEstamos trabalhando em projetos que ser\u00e3o lan\u00e7ados em breve para incentivar a produ\u00e7\u00e3o de leite e a conscientiza\u00e7\u00e3o dos produtores sobre a import\u00e2ncia social do setor\", pontuou. Tamb\u00e9m estiveram presentes o diretor da Escola Estadual T\u00e9cnica Celeste Gobbato, Luiz Carlos Cosmam, o secret\u00e1rio de Agricultura de Palmeira das Miss\u00f5es, Olavo Jos\u00e9 Borges, o professor da Universidade Federal de Santa Maria (UFSM) Jo\u00e3o Pedro Velho, e da chefe do Escrit\u00f3rio da Emater\/Palmeira das Miss\u00f5es, Zuleica Magalh\u00e3es Malheiros.<\/p>\n<p>O evento ser\u00e1 organizado pelo Sindilat, Farsul, Fetag, Secretaria da Agricultura (Seapi), Minist\u00e9rio da Agricultura (Mapa), Escola Estadual T\u00e9cnica Celeste Gobbato e Canal Rural, e ter\u00e1 apoio do Fundesa. Poder\u00e3o participar produtores, ind\u00fastrias, institui\u00e7\u00f5es, estudantes, acad\u00eamicos e o p\u00fablico em geral.<\/p>\n<p style=\"margin-bottom: 0px; font-size: 12.8px;\"><span style=\"font-size: 13.3333px; background-color: #ffffff; color: #222222; font-family: arial, sans-serif;\"><\/span><\/p>\n<p style=\"margin-bottom: 0px; font-size: 12.8px;\"><span style=\"font-size: 13.3333px;\"><img decoding=\"async\" src=\"images\/Darlanpalharinilancamento.jpg\" alt=\"\" \/><\/span><\/p>\n<div class=\"m_7347564743168714257m_-6788460006004792531gmail-adL\" style=\"color: #222222; font-family: arial, sans-serif; font-size: 12.8px; background-color: #ffffff;\">\n<p style=\"margin-bottom: 0px; font-size: 12.8px;\"><span style=\"font-size: 13.3333px;\"><\/span><\/p>\n<p style=\"margin-bottom: 0px; font-size: 12.8px;\"><span style=\"font-size: 13.3333px;\">Cr\u00e9dito: Camila Schmitt\/ASC\/C\u00e2mara de Vereadores de Palmeira das Miss\u00f5es<\/span><\/p>\n<\/p><\/div>\n","protected":false},"excerpt":{"rendered":"<p>Palmeira das Miss\u00f5es (RS) ser\u00e1 palco de discuss\u00e3o sobre os mitos e as verdades atribu\u00eddas ao consumo e a produ\u00e7\u00e3o de leite no 4\u00ba F\u00f3rum Itinerante do Leite. O evento ser\u00e1 realizado no dia 1\u00ba de junho, na Escola Estadual T\u00e9cnica Celeste Gobbato, em celebra\u00e7\u00e3o ao Dia Mundial do Leite. O lan\u00e7amento oficial ocorreu na <a href=\"https:\/\/www.sindilat.com.br\/site\/2017\/05\/03\/forum-itinerante-do-leite-ocorrera-em-palmeira-das-missoes\/\" class=\"more-link\">...continuar lendo<span class=\"screen-reader-text\"> \"F\u00f3rum Itinerante do Leite ocorrer\u00e1 em Palmeira das Miss\u00f5es\"<\/span><\/a><\/p>\n","protected":false},"author":1,"featured_media":0,"comment_status":"open","ping_status":"open","sticky":false,"template":"","format":"standard","meta":{"ngg_post_thumbnail":0,"footnotes":""},"categories":[18],"tags":[],"class_list":{"0":"post-1520","1":"post","2":"type-post","3":"status-publish","4":"format-standard","6":"category-noticias","7":"h-entry","8":"hentry","9":"h-as-article"},"_links":{"self":[{"href":"https:\/\/www.sindilat.com.br\/site\/wp-json\/wp\/v2\/posts\/1520","targetHints":{"allow":["GET"]}}],"collection":[{"href":"https:\/\/www.sindilat.com.br\/site\/wp-json\/wp\/v2\/posts"}],"about":[{"href":"https:\/\/www.sindilat.com.br\/site\/wp-json\/wp\/v2\/types\/post"}],"author":[{"embeddable":true,"href":"https:\/\/www.sindilat.com.br\/site\/wp-json\/wp\/v2\/users\/1"}],"replies":[{"embeddable":true,"href":"https:\/\/www.sindilat.com.br\/site\/wp-json\/wp\/v2\/comments?post=1520"}],"version-history":[{"count":0,"href":"https:\/\/www.sindilat.com.br\/site\/wp-json\/wp\/v2\/posts\/1520\/revisions"}],"wp:attachment":[{"href":"https:\/\/www.sindilat.com.br\/site\/wp-json\/wp\/v2\/media?parent=1520"}],"wp:term":[{"taxonomy":"category","embeddable":true,"href":"https:\/\/www.sindilat.com.br\/site\/wp-json\/wp\/v2\/categories?post=1520"},{"taxonomy":"post_tag","embeddable":true,"href":"https:\/\/www.sindilat.com.br\/site\/wp-json\/wp\/v2\/tags?post=1520"}],"curies":[{"name":"wp","href":"https:\/\/api.w.org\/{rel}","templated":true}]}}