{"id":1518,"date":"2017-04-28T17:21:52","date_gmt":"2017-04-28T17:21:52","guid":{"rendered":"http:\/\/www.sindilat.com.br\/site\/2017\/04\/28\/28-04-2017\/"},"modified":"2017-04-28T17:21:52","modified_gmt":"2017-04-28T17:21:52","slug":"28-04-2017","status":"publish","type":"post","link":"https:\/\/www.sindilat.com.br\/site\/2017\/04\/28\/28-04-2017\/","title":{"rendered":"28\/04\/2017"},"content":{"rendered":"<p> <title><\/title> &nbsp;<\/p>\n<div style=\"text-align: center;\"><a href=\"http:\/\/www.sindilat.com.br\" style=\"font-size: 12px; font-family: verdana, geneva, sans-serif;\"><img decoding=\"async\" alt=\"\" src=\"http:\/\/cache.mail2easy.com.br\/i\/6186\/5\" style=\"height: 82px; width: 643px;\" \/><\/a><\/div>\n<div style=\"text-align: center;\">\n<p><strong><em>Porto Alegre, 28&nbsp;<\/em><\/strong><strong><em>de abril&nbsp;<\/em><\/strong><strong><em>de 2017. &nbsp; &nbsp; &nbsp; &nbsp; &nbsp; &nbsp; &nbsp; &nbsp; &nbsp; &nbsp; &nbsp; &nbsp; &nbsp; &nbsp; &nbsp; &nbsp; &nbsp; &nbsp; &nbsp; &nbsp; &nbsp; &nbsp; &nbsp; Ano 11- N\u00b0 2.489<\/em><\/strong><\/p>\n<p>&nbsp;<\/p>\n<p><span style=\"font-size: 12px;\"><span style=\"font-family: tahoma,geneva,sans-serif;\"><img decoding=\"async\" src=\"http:\/\/cache.mail2easy.com.br\/i\/6186\/6\" \/><\/span><\/span><\/p>\n<p><img decoding=\"async\" alt=\"\" src=\"http:\/\/cache.mail2easy.com.br\/i\/6186\/7\" style=\"font-family: verdana,geneva,sans-serif; font-size: 12px; height: 16px; text-align: justify; width: 811px;\" \/><\/p>\n<div style=\"text-align: justify;\"><strong><span style=\"text-decoration: underline;\"><span style=\"font-size: 12px;\"><span style=\"font-family: tahoma,geneva,sans-serif;\"><img decoding=\"async\" alt=\"\" src=\"http:\/\/cache.mail2easy.com.br\/i\/6186\/8\" style=\"float: left; height: 34px; width: 53px;\" \/><\/span><\/span><\/span><\/strong><\/div>\n<div style=\"text-align: justify;\"><strong>Espanha: fazenda experimental de produ\u00e7\u00e3o leiteira abre na Catalunha<\/strong><\/p>\n<p> Uma nova fazenda experimental foi inaugurada na Espanha. A Monells Cattle Farm (EVAM) do IRTA est\u00e1 localizada em Monells (Girona). O IRTA \u00e9 um Instituto de Pesquisa de propriedade do Governo da Catalunha. A EVAM pretende ser uma ferramenta para servir aos interesses da ind\u00fastria e da regi\u00e3o catal\u00e3, e ser uma plataforma de pesquisa, experimenta\u00e7\u00e3o e transfer\u00eancia.<\/p>\n<p> Objetivos do EVAM<br \/> A fazenda combina conhecimentos de climatologia, agronomia, produ\u00e7\u00e3o de plantas, manejo de \u00e1gua e excrementos, manejo de animais, melhoramento gen\u00e9tico e reprodutivo e bem-estar e sa\u00fade animal, para melhorar a competitividade e a sustentabilidade em toda a ind\u00fastria leiteira. O objetivo da EVAM \u00e9 que a ind\u00fastria leiteira se beneficie da aplica\u00e7\u00e3o de novas ferramentas para melhoramento gen\u00e9tico e de sa\u00fade, novos modelos alimentares, manejo de animais, melhora na efici\u00eancia produtiva e redu\u00e7\u00e3o do impacto ambiental. A fazenda tamb\u00e9m trabalhar\u00e1 com a ind\u00fastria para desenvolver novas tecnologias para ajudar a criar e comercializar produtos l\u00e1cteos.<\/p>\n<p> Expans\u00e3o poss\u00edvel<br \/> O projeto envolveu um investimento de 2,4 milh\u00f5es de euros (US$ 2,61 milh\u00f5es) em edif\u00edcios e equipamentos, aos quais contribu\u00edram igualmente o Conselho Provincial de Girona, o Fundo Regional de Desenvolvimento Europeu (FEDER), o Minist\u00e9rio da Economia e Competitividade e o IRTA. A fazenda tem atualmente 60 vacas, mas expandir\u00e1 para at\u00e9 120. A EVAM baseia-se num conceito de pesquisa abrangente, \u00e0 medida que procura integrar todos os elementos que influenciam a produ\u00e7\u00e3o de leite, desde a produ\u00e7\u00e3o de forragens at\u00e9 a gest\u00e3o de excrementos, a informa\u00e7\u00e3o aos consumidores e ao p\u00fablico em geral.<\/p>\n<p> Assist\u00eancia \u00e0 ind\u00fastria de l\u00e1cteos<br \/> Os servi\u00e7os da EVAM dever\u00e3o ajudar a ind\u00fastria de l\u00e1cteos de v\u00e1rias maneiras. O objetivo \u00e9 avaliar, testar e aplicar novas ferramentas, estrat\u00e9gias, t\u00e9cnicas e produtos, para melhorar a efici\u00eancia e a sustentabilidade das fazendas. A EVAM tamb\u00e9m divulgar\u00e1 novas melhorias no manejo de campo, no manuseio de animais e seus excrementos e nas \u00faltimas tecnologias aplicadas \u00e0 obten\u00e7\u00e3o de produtos l\u00e1cteos.<\/p>\n<p> Ser\u00e1 tamb\u00e9m um ponto de encontro para dialogar com as diferentes partes interessadas, para promover projetos de pesquisa, desenvolvimento e transfer\u00eancia de projetos do produtor ao consumidor. A fazenda dever\u00e1 ser uma instala\u00e7\u00e3o onde novos produtores e empreendedores na ind\u00fastria de l\u00e1cteos s\u00e3o treinados nos aspectos t\u00e9cnicos da produ\u00e7\u00e3o agr\u00edcola e do processo de produ\u00e7\u00e3o de l\u00e1cteos. A EVAM tamb\u00e9m interagir\u00e1 com o p\u00fablico para explicar elementos da produ\u00e7\u00e3o de leite.<\/p>\n<p> EVAM - enfrentando tr\u00eas desafios:<br \/> 1. Pesquisa direcionada \u00e0 gera\u00e7\u00e3o de novos conhecimentos, para ajudar a resolver os desafios tecnol\u00f3gicos e de inova\u00e7\u00e3o na ind\u00fastria;<\/p>\n<p> 2. Transfer\u00eancia de resultados, para contribuir para a melhoria da competitividade da ind\u00fastria, visando aumentar a efici\u00eancia produtiva, a sa\u00fade e o bem-estar dos animais, bem como na qualidade, diferencial e valor agregado dos l\u00e1cteos e derivados;<\/p>\n<p> 3. Informar ao p\u00fablico sobre o processo produtivo do leite e seu tratamento at\u00e9 seu consumo, mediante a implementa\u00e7\u00e3o de a\u00e7\u00f5es informativas e promocionais proativas.<\/p>\n<p> Em 27\/04\/17 - 1 Euro = US$ 1,09101<br \/> 0,916462,61 Euro = US$ 1 (Fonte: Oanda.com) (As informa\u00e7\u00f5es s\u00e3o do Dairy Reporter, traduzidas pela Equipe MilkPoint)<\/div>\n<div style=\"text-align: justify;\">&nbsp;<\/div>\n<div><img decoding=\"async\" alt=\"\" src=\"http:\/\/cache.mail2easy.com.br\/i\/6186\/7\" style=\"font-family: verdana,geneva,sans-serif; font-size: 12px; height: 16px; width: 811px;\" \/><\/div>\n<div style=\"text-align: left;\">\n<div style=\"text-align: justify;\">&nbsp;<\/div>\n<div style=\"text-align: justify;\"><strong>Minist\u00e9rio pede R$ 192,5 bi para Plano Safra 2017\/18<\/strong><\/p>\n<p> Se depender do Minist\u00e9rio da Agricultura, o pr\u00f3ximo Plano Safra 2017\/18 vai ofertar um volume global de cr\u00e9dito rural da ordem de R$ 192,5 bilh\u00f5es \u00e0 agricultura empresarial, e os juros das linhas ficar\u00e3o entre 6,5% a 10,5% ao ano. O montante \u00ac que ainda precisa ser aprovado pela \u00e1rea econ\u00f4mica do governo e vem sendo negociado com a equipe do ministro da Fazenda, Henrique Meirelles \u00ac \u00e9 4,8% superior ao total de recursos disponibilizados no atual ciclo, o 2016\/17. Esse aumento, proposto pela Pasta comandada Blairo Maggi, pode ser considerado modesto tendo em vista a evolu\u00e7\u00e3o recente do pacote oferecido pelo governo para o plantio da safra. Mas n\u00e3o deixa de ser robusto levando\u00acse em conta a crise econ\u00f4mica.&nbsp;<\/p>\n<p> &nbsp;<img decoding=\"async\" alt=\"\" src=\"http:\/\/cache.mail2easy.com.br\/i\/6186\/2227\" style=\"width: 755px; height: 235px;\" \/><\/p>\n<p> At\u00e9 o Plano Safra 2016\/17 \u00ac ainda em vigor e que se encerra no dia 30 de junho \u00ac, o governo vinha anunciando planos com recursos normalmente 20% superiores aos do ciclo anterior. O Plano 2016\/17 foi o primeiro em d\u00e9cadas a trazer um n\u00famero menor que o da temporada anterior (R$ 183,8 bilh\u00f5es). Em 2015\/16, foram ofertados R$ 187,7 bilh\u00f5es. Maggi disse ontem que dentro de duas semanas Fazenda e Agricultura dever\u00e3o definir o esqueleto central do pr\u00f3ximo plano para lan\u00e7a-lo at\u00e9 fim de maio. As condi\u00e7\u00f5es que ser\u00e3o definidas entrar\u00e3o em vigor em 1\u00ba de julho. Ainda que Agricultura defenda um corte dos juros, t\u00e9cnicos da Fazenda defendem que os juros continuem nos atuais patamares, entre 8,5% e 12% ao ano. Atrelar esses juros \u00e0 Selic, como queria a equipe econ\u00f4mica inicialmente, est\u00e1 cada vez mais distante. \"Resolvemos propor um limite de recursos que n\u00e3o fosse t\u00e3o superior ao da safra passada, mesmo porque vemos que a demanda por cr\u00e9dito n\u00e3o deve aumentar muito\", disse ao Valor o secret\u00e1rio de Pol\u00edtica Agr\u00edcola do Minist\u00e9rio da Agricultura, Neri Geller.&nbsp;<\/p>\n<p> Nessa configura\u00e7\u00e3o desenhada pelo Minist\u00e9rio da Agricultura, os recursos para custeio e comercializa\u00e7\u00e3o \u00ac que sempre concentram a maior parte da demanda de agricultores e pecuaristas por financiamento banc\u00e1rio \u00ac contar\u00e1 com R$ 152,6 bilh\u00f5es em 2017\/18, uma alta de 2% em rela\u00e7\u00e3o ao atual ciclo. E juros de 7,5% ao ano, abaixo dos atuais 9,5% ao ano, como j\u00e1 mostrou o Valor. Por outro lado, a tend\u00eancia de recupera\u00e7\u00e3o dos investimentos no campo, marcante na safra 2016\/17, levou o minist\u00e9rio a propor um incremento expressivo de 18% para as linhas de cr\u00e9dito destinadas a essa finalidade no ciclo 2017\/18, o que significa R$ 40,2 bilh\u00f5es. Nesse bojo, o Moderfrota, voltado para maquin\u00e1rio agr\u00edcola, ficaria com R$ 9 bilh\u00f5es, mesmo patamar da atual temporada, ap\u00f3s aportes adicionais feitos pelo governo diante de uma demanda aquecida por esses financiamentos que superou os R$ 5 bilh\u00f5es iniciais.&nbsp;<\/p><\/div>\n<div style=\"text-align: justify;\">&nbsp;<\/div>\n<div style=\"text-align: justify;\">Outra linha de cr\u00e9dito para investimento que o Minist\u00e9rio da Agricultura pretende ampliar \u00e9 o Programa de Cr\u00e9dito para Armazenagem (PCA). Nesta safra, foram disponibilizados R$ 1,4 bilh\u00e3o. O objetivo \u00e9 elevar para R$ 1,8 bilh\u00e3o no ciclo 2017\/18. Em outra frente, a pol\u00edtica de incentivar as opera\u00e7\u00f5es de cr\u00e9dito rural a partir das capta\u00e7\u00f5es de Letra de Cr\u00e9dito do Agroneg\u00f3cio (LCA), t\u00edtulo isento de Imposto de Renda, continua. Dentro desse plano, os financiamentos com base nas LCAs alcan\u00e7am R$ 27 bilh\u00f5es, com destaque para as opera\u00e7\u00f5es com taxa controlada, que contar\u00e3o com R$ 13,6 bilh\u00f5es contra R$ 9 bilh\u00f5es da temporada passada. (Valor econ\u00f4mico)&nbsp;<\/p>\n<p> <strong>Capta\u00e7\u00e3o do primeiro trimestre segue para n\u00fameros positivos<\/strong><\/p>\n<p> Produ\u00e7\u00e3o\/Uruguai - Depois que o Inale revisar para mais os volumes da capta\u00e7\u00e3o de leite em janeiro e fevereiro de 2017, e publicar os dados de mar\u00e7o, a tend\u00eancia da persistente retra\u00e7\u00e3o m\u00eas a m\u00eas, verificada desde julho de 2015, dever\u00e1 ser\u00e1 interrompida, mostrando mudan\u00e7a de rumos.&nbsp;<\/p>\n<p> De concreto, a produ\u00e7\u00e3o nas f\u00e1bricas em janeiro deste ano totalizou 152,5 milh\u00f5es e cresceu 2,3% em rela\u00e7\u00e3o a igual m\u00eas do ano anterior, o mesmo ocorrendo em fevereiro, com o volume de 116,6 milh\u00f5es de litros (+1,5%). A tend\u00eancia de alta foi suspensa em mar\u00e7o, mas, com retra\u00e7\u00e3o de apenas 0,9%, que representou 126,1 milh\u00f5es de litros. N\u00e3o obstante, o trimestre janeiro-mar\u00e7o encerrou com capta\u00e7\u00e3o acumulada de 39,5s milh\u00f5es de litros, um crescimento interanual de 1%. Tudo isto indica que em abril voltar\u00e1 a superar o volume do ano passado, quando houve excesso de chuvas, e o volume atingiu apenas 117,9 milh\u00f5es de litros de leite, representando queda de 15% em rela\u00e7\u00e3o a 2015. (Tardaguila - Tradu\u00e7\u00e3o livre: Terra Viva)<\/p><\/div>\n<div style=\"text-align: justify;\">&nbsp;<\/div>\n<div style=\"text-align: justify;\"><img decoding=\"async\" alt=\"\" src=\"http:\/\/cache.mail2easy.com.br\/i\/6186\/2228\" style=\"width: 500px; height: 277px;\" \/><br \/> &nbsp;<\/div>\n<div><img decoding=\"async\" alt=\"\" src=\"http:\/\/cache.mail2easy.com.br\/i\/6186\/7\" style=\"font-family: verdana, geneva, sans-serif; font-size: 12px; height: 16px; text-align: center; width: 811px; display: block; margin-left: auto; margin-right: auto;\" \/><\/div>\n<\/p><\/div>\n<div>&nbsp;<em><strong><img decoding=\"async\" alt=\"\" src=\"http:\/\/cache.mail2easy.com.br\/i\/6186\/9\" style=\"font-family: verdana,geneva,sans-serif; font-size: 12px; height: 30px; width: 231px;\" \/><\/strong><\/em><\/div>\n<div><em>Alta do pre\u00e7o do leite no mercado spot em abril<br \/> No mercado spot, ou seja, o leite comercializado entre as ind\u00fastrias, os pre\u00e7os subiram na primeira quinzena de abril.<br \/> &nbsp;Segundo levantamento da Scot Consultoria, em S\u00e3o Paulo, os neg\u00f3cios ocorreram, em m\u00e9dia, em R$1,579 por litro, posto na plataforma. Os maiores valores chegaram a R$1,60 por litro. Houve alta de 3,4% na compara\u00e7\u00e3o com a quinzena anterior.<br \/> &nbsp;Em Minas Gerais e em Goi\u00e1s, os pre\u00e7os m\u00e9dios ficaram em R$1,575 e R$1,415 por litro, respectivamente. A produ\u00e7\u00e3o nacional em queda aumenta a concorr\u00eancia por mat\u00e9ria-prima pelos latic\u00ednios. Em curto e m\u00e9dio prazos, a expectativa \u00e9 de alta do leite no mercado spot. Por\u00e9m, os incrementos dever\u00e3o ser menores na compara\u00e7\u00e3o com as quinzenas anteriores. Algumas ind\u00fastrias j\u00e1 falam em manuten\u00e7\u00e3o das cota\u00e7\u00f5es no mercado spot. Apesar da produ\u00e7\u00e3o caindo, alguns fatores chamam a aten\u00e7\u00e3o e podem limitar as altas tamb\u00e9m para o produtor em curto e m\u00e9dio prazo. S\u00e3o eles: as importa\u00e7\u00f5es em alta, a produ\u00e7\u00e3o aumentando no Sul do pa\u00eds a partir de abril\/maio e a demanda interna patinando. (A Scot Consultoria)<\/em><\/div>\n<div><em><img decoding=\"async\" alt=\"\" src=\"http:\/\/cache.mail2easy.com.br\/i\/6186\/7\" style=\"font-family: verdana,geneva,sans-serif; font-size: 12px; height: 16px; line-height: 13.5pt; text-align: justify; width: 803px;\" \/><\/em><\/div>\n<div style=\"text-align: center;\">&nbsp;<\/div>\n<\/p><\/div>\n","protected":false},"excerpt":{"rendered":"<p>&nbsp; Porto Alegre, 28&nbsp;de abril&nbsp;de 2017. &nbsp; &nbsp; &nbsp; &nbsp; &nbsp; &nbsp; &nbsp; &nbsp; &nbsp; &nbsp; &nbsp; &nbsp; &nbsp; &nbsp; &nbsp; &nbsp; &nbsp; &nbsp; &nbsp; &nbsp; &nbsp; &nbsp; &nbsp; Ano 11- N\u00b0 2.489 &nbsp; Espanha: fazenda experimental de produ\u00e7\u00e3o leiteira abre na Catalunha Uma nova fazenda experimental foi inaugurada na Espanha. A Monells Cattle Farm <a href=\"https:\/\/www.sindilat.com.br\/site\/2017\/04\/28\/28-04-2017\/\" class=\"more-link\">...continuar lendo<span class=\"screen-reader-text\"> \"28\/04\/2017\"<\/span><\/a><\/p>\n","protected":false},"author":1,"featured_media":0,"comment_status":"open","ping_status":"open","sticky":false,"template":"","format":"standard","meta":{"ngg_post_thumbnail":0,"footnotes":""},"categories":[28],"tags":[],"class_list":{"0":"post-1518","1":"post","2":"type-post","3":"status-publish","4":"format-standard","6":"category-newsletter","7":"h-entry","8":"hentry","9":"h-as-article"},"_links":{"self":[{"href":"https:\/\/www.sindilat.com.br\/site\/wp-json\/wp\/v2\/posts\/1518","targetHints":{"allow":["GET"]}}],"collection":[{"href":"https:\/\/www.sindilat.com.br\/site\/wp-json\/wp\/v2\/posts"}],"about":[{"href":"https:\/\/www.sindilat.com.br\/site\/wp-json\/wp\/v2\/types\/post"}],"author":[{"embeddable":true,"href":"https:\/\/www.sindilat.com.br\/site\/wp-json\/wp\/v2\/users\/1"}],"replies":[{"embeddable":true,"href":"https:\/\/www.sindilat.com.br\/site\/wp-json\/wp\/v2\/comments?post=1518"}],"version-history":[{"count":0,"href":"https:\/\/www.sindilat.com.br\/site\/wp-json\/wp\/v2\/posts\/1518\/revisions"}],"wp:attachment":[{"href":"https:\/\/www.sindilat.com.br\/site\/wp-json\/wp\/v2\/media?parent=1518"}],"wp:term":[{"taxonomy":"category","embeddable":true,"href":"https:\/\/www.sindilat.com.br\/site\/wp-json\/wp\/v2\/categories?post=1518"},{"taxonomy":"post_tag","embeddable":true,"href":"https:\/\/www.sindilat.com.br\/site\/wp-json\/wp\/v2\/tags?post=1518"}],"curies":[{"name":"wp","href":"https:\/\/api.w.org\/{rel}","templated":true}]}}