{"id":1410,"date":"2017-02-01T16:02:41","date_gmt":"2017-02-01T16:02:41","guid":{"rendered":"http:\/\/www.sindilat.com.br\/site\/2017\/02\/01\/01-02-2017\/"},"modified":"2017-02-01T16:02:41","modified_gmt":"2017-02-01T16:02:41","slug":"01-02-2017","status":"publish","type":"post","link":"https:\/\/www.sindilat.com.br\/site\/2017\/02\/01\/01-02-2017\/","title":{"rendered":"01\/02\/2017"},"content":{"rendered":"<div style=\"text-align: center;\"><a href=\"http:\/\/www.sindilat.com.br\" style=\"font-size: 12px; font-family: verdana, geneva, sans-serif;\"><img decoding=\"async\" alt=\"\" src=\"http:\/\/cache.mail2easy.com.br\/i\/6186\/5\" style=\"width: 643px; height: 82px;\" \/><\/a><\/div>\n<div style=\"text-align: center;\">\n<p><b style=\"font-family: tahoma, geneva, sans-serif; font-size: 12px;\"><i>Porto Alegre, 01 de fevereiro&nbsp;<\/i><\/b><b style=\"font-family: tahoma, geneva, sans-serif; font-size: 12px;\"><i>de 2017. &nbsp; &nbsp; &nbsp; &nbsp; &nbsp; &nbsp; &nbsp; &nbsp; &nbsp; &nbsp; &nbsp; &nbsp; &nbsp; &nbsp; &nbsp; &nbsp; &nbsp; &nbsp; &nbsp; &nbsp; &nbsp; &nbsp; &nbsp; Ano 11- N\u00b0 2.435<\/i><\/b><\/p>\n<p class=\"MsoNormal\">&nbsp;<\/p>\n<p class=\"MsoNormal\"><span style=\"font-size: 12px;\"><span style=\"font-family: tahoma, geneva, sans-serif;\"><img decoding=\"async\" border=\"0\" src=\"http:\/\/cache.mail2easy.com.br\/i\/6186\/6\" \/><\/span><\/span><\/p>\n<p class=\"MsoNormal\"><img decoding=\"async\" alt=\"\" src=\"http:\/\/cache.mail2easy.com.br\/i\/6186\/7\" style=\"text-align: justify; font-size: 12px; width: 811px; height: 16px; font-family: verdana, geneva, sans-serif;\" \/><\/p>\n<div style=\"text-align: justify;\"><strong><span style=\"text-decoration: underline;\"><span style=\"font-size: 12px;\"><span style=\"font-family: tahoma, geneva, sans-serif;\"><img decoding=\"async\" alt=\"\" src=\"http:\/\/cache.mail2easy.com.br\/i\/6186\/8\" style=\"width: 53px; height: 34px; float: left;\" \/><\/span><\/span><\/span><\/strong><\/div>\n<div style=\"text-align: justify;\">\n<div style=\"text-align: left;\">&nbsp;<strong>&nbsp;Regulamentado o novo programa de parcelamento de d\u00e9bitos tribut\u00e1rios do RS<\/strong><br \/> &nbsp;<br \/> No \u00faltimo dia 06 de janeiro, foi publicado o Conv\u00eanio ICMS n\u00ba 02\/17, pelo qual o Conselho Nacional de Pol\u00edtica Fazend\u00e1ria (CONFAZ) autorizou o Estado do Rio Grande do Sul a instituir programa de parcelamento dos d\u00e9bitos de ICMS e ICM em at\u00e9 120 (cento e vinte) meses. Com fundamento neste Conv\u00eanio, o Governador do Estado, por meio do Decreto Estadual n\u00ba 53.417, de 30 de janeiro de 2017, instituiu o \"REFAZ 2017\". Para maiores informa\u00e7\u00f5es sobre o assunto, <a href=\"http:\/\/http\/\/sindilat.com.br\/index.php\/legislacao\/1168-circular-regulamentado-o-novo-programa-de-parcelamento-de-debitos-tributarios-do-estado-do-rio-grande-do-sul-decreto-estadual-n-53-417-de-30-de-janeiro-de-2017\">CLIQUE AQUI.<\/a> (SBSP Advogados\/Sindilat)<\/div>\n<div style=\"text-align: left;\">&nbsp;<\/div>\n<\/p><\/div>\n<div><img decoding=\"async\" alt=\"\" src=\"http:\/\/cache.mail2easy.com.br\/i\/6186\/7\" style=\"text-align: justify; font-size: 12px; width: 811px; height: 16px; font-family: verdana, geneva, sans-serif;\" \/><\/div>\n<div style=\"text-align: left;\">\n<div>&nbsp;<\/div>\n<div style=\"text-align: justify;\"><strong>Sartori sanciona lei do Queijo Serrano<\/strong><\/p>\n<p> Foi enaltecendo as qualidades de produtos simples e cuja grandiosidade est\u00e1 exatamente em preservarem m\u00e9todos tradicionais de fabrica\u00e7\u00e3o e receitas seculares que o governador Jos\u00e9 Ivo Sartori sancionou, nesta ter\u00e7a-feira (31), o projeto de lei 63\/2016. A nova legisla\u00e7\u00e3o reconhece os munic\u00edpios que integram os Coredes Campos de Cima da Serra, Hort\u00eansias e Serra como tradicionais produtores de queijo artesanal serrano e define algumas normas de capta\u00e7\u00e3o e comercializa\u00e7\u00e3o. A iniciativa fortalece o setor e d\u00e1 mais seguran\u00e7a para o produtor investir na fabrica\u00e7\u00e3o, que utiliza leite cru. \"Nem sempre tudo o que se faz \u00e9 novo. \u00c0s vezes, preservar o que \u00e9 antigo tem um valor imensur\u00e1vel \", frisou o governador, lembrando da import\u00e2ncia de assegurar as condi\u00e7\u00f5es sanit\u00e1rias necess\u00e1rias acima de tudo. O encontro, realizado na Pal\u00e1cio Piratini, contou com a presen\u00e7a do secret\u00e1rio de Desenvolvido Rural, Tarc\u00edsio Minetto, do deputado S\u00e9rgio Turra, de lideran\u00e7as do setor, prefeitos, vereadores e integrantes da Secretaria da Agricultura.&nbsp;<\/p>\n<p> Questionado sobre a import\u00e2ncia da nova legisla\u00e7\u00e3o, o secret\u00e1rio-executivo do Sindicato da Ind\u00fastria de Latic\u00ednios do RS (Sindilat), Darlan Palharini, destacou que o queijo serrano abre uma nova frente de atua\u00e7\u00e3o para o setor l\u00e1cteo ga\u00facho uma vez que resguarda caracter\u00edsticas \u00fanicas da produ\u00e7\u00e3o colonial ga\u00facha. \"Legisla\u00e7\u00f5es como esta refor\u00e7am a qualidade e a origem da produ\u00e7\u00e3o do Rio Grande do Sul e d\u00e3o g\u00e1s para as empresas investirem\", frisou o executivo.&nbsp;<\/p>\n<p> De autoria do deputado Vin\u00edcius Ribeiro, a lei prev\u00ea que o leite utilizado na produ\u00e7\u00e3o do queijo artesanal deva ser da propriedade ou posse rural em que se situa a queijaria, sendo proibida a aquisi\u00e7\u00e3o de leite de outros locais, mesmo que pr\u00f3ximos ao estabelecimento. O queijo tamb\u00e9m dever\u00e1 ser comercializado somente sob registro ou t\u00edtulo de relacionamento, ambos emitidos pelo \u00f3rg\u00e3o de controle sanit\u00e1rio do Estado ou por servi\u00e7o de inspe\u00e7\u00e3o municipal. Al\u00e9m disso, deve estar identificado, contendo o n\u00famero do cadastro, registro e nome do munic\u00edpio de origem do estabelecimento. &nbsp; \"Este projeto de lei tem uma dimens\u00e3o muito grande para in\u00fameras fam\u00edlias que trabalham neste setor. Al\u00e9m de qualificar a comercializa\u00e7\u00e3o, \u00e9 um resgate hist\u00f3rico que valoriza o pequeno produtor e incentiva os seus filhos a permaneceram no campo, crescendo junto com a regi\u00e3o\", destacou Ribeiro. (Assessoria de Imprensa Sindilat, com informa\u00e7\u00f5es Pal\u00e1cio Piratini)<\/p><\/div>\n<div style=\"text-align: justify;\">&nbsp;<\/div>\n<div style=\"text-align: justify;\"><img decoding=\"async\" alt=\"\" src=\"http:\/\/cache.mail2easy.com.br\/i\/6186\/2105\" style=\"width: 418px; height: 314px;\" \/><br \/><em>Cr\u00e9dito: Carolina Jardine<\/em><\/p>\n<p><strong>Associados do Sindilat debatem a Lei do Leite&nbsp;<\/strong><\/p>\n<p> O Sindicato da Ind\u00fastria de Latic\u00ednios do RS (Sindilat) realiza, na pr\u00f3xima ter\u00e7a-feira (07\/02), \u00e0s 10h30min, na sede da entidade, em Porto Alegre (RS), reuni\u00e3o com associados para esclarecer d\u00favidas referentes \u00e0 aplica\u00e7\u00e3o da Lei do Leite. \u00c0 tarde, os representantes dos latic\u00ednios estar\u00e3o com os representantes da Secretaria da Agricultura (Seapi) Fernando Groff e Karla Oliz para responder apontamentos. Segundo o secret\u00e1rio-executivo do Sindilat, Darlan Palharini, a agenda atende a pedido feito pelas pr\u00f3prias empresas em encontro mensal. \"Sempre ficam alguns assuntos a serem esclarecidos. E \u00e9 importante que se abra caminho para as ind\u00fastrias apresentarem suas dificuldades, como o caso da substitui\u00e7\u00e3o dos caminh\u00f5es\", citou o executivo, referindo-se a necessidade de criar um plano B para o transporte do leite em caso de caminh\u00f5es avariados.&nbsp;<\/p>\n<p> A Lei do Leite, sancionada em junho de 2016, foi constru\u00edda a partir da realiza\u00e7\u00e3o de diversos encontros com a participa\u00e7\u00e3o de representantes do setor. A lei institui o Programa de Qualidade na Produ\u00e7\u00e3o, Transporte e Comercializa\u00e7\u00e3o de Leite no Estado e outras provid\u00eancias. O texto foi complementado pela Instru\u00e7\u00e3o Normativa (IN) 13, publicada em dezembro do ano passado, que estabelece aspectos operacionais necess\u00e1rios \u00e0 aplica\u00e7\u00e3o da lei e seus regulamentos, o que tamb\u00e9m sugere discuss\u00e3o para esclarecimentos aos produtores. &nbsp;(Assessoria de Imprensa Sindilat)<\/p><\/div>\n<div style=\"text-align: justify;\">&nbsp;<\/div>\n<div style=\"text-align: justify;\">&nbsp;<\/div>\n<div style=\"text-align: justify;\"><strong>Reuni\u00e3o discute linhas de cr\u00e9dito para compra de milho<\/strong><\/p>\n<p> Para aproveitar os pre\u00e7os atraentes do milho produzido no Estado, representantes de entidades do setor de aves, su\u00ednos e leite reuniram-se para discutir a possibilidade de linhas de cr\u00e9dito espec\u00edficas para a compra do gr\u00e3o. O encontro, realizado nesta ter\u00e7a-feira, na sede do Sindicato da Ind\u00fastria dos Latic\u00ednios do RS (Sindilat), foi articulado pelo deputado Luis Carlos Heinze.&nbsp;<\/p>\n<p> O secret\u00e1rio-executivo do Sindilat, Darlan Palharini, ressaltou a import\u00e2ncia da disponibilidade deste recurso para abastecimento dos produtores de leite e das ind\u00fastrias que fabricam ra\u00e7\u00e3o. \"O milho \u00e9 um insumo essencial para uma produ\u00e7\u00e3o de alta qualidade. Garantir o gr\u00e3o ao produtor a pre\u00e7os competitivos \u00e9 sin\u00f4nimo de estabilidade na capta\u00e7\u00e3o e receita nos tambos e nos latic\u00ednios\", comenta.<\/p>\n<p> Diretor-executivo do Sindicato das Ind\u00fastrias de Produtos Su\u00ednos do Rio Grande do Sul (Sips), Rog\u00e9rio Kerber explica que a inten\u00e7\u00e3o das agroind\u00fastrias \u00e9 adquirir milho para aproveitar a oferta local e fazer estoque do gr\u00e3o. Entretanto, os produtores apresentam preocupa\u00e7\u00e3o com a queda do pre\u00e7o do milho.&nbsp;<\/p>\n<p> \"\u00c9 um indicativo que n\u00f3s teremos de ter posicionamento para preservar o milho no Rio Grande do Sul, sem interferir no produtor e na capacidade competitiva do estado\", pontua S\u00e9rgio Feltraco, representante da Federa\u00e7\u00e3o das Cooperativas Agropecu\u00e1rias do RS (Fecoagro), ressaltando que ser\u00e3o necess\u00e1rios mecanismos de interven\u00e7\u00e3o p\u00fablica, uma vez que os pre\u00e7os atuais s\u00e3o incompat\u00edveis com o produtor.&nbsp;<\/p>\n<p> Um levantamento ser\u00e1 feito para verificar a dimens\u00e3o da demanda de cr\u00e9dito. O deputado Luis Carlos Heinze relata que existem recursos dispon\u00edveis para tal finalidade. O parlamentar solicitou \u00e0s entidades uma lista com as suas respectivas demandas. At\u00e9 o momento, a colheita de milho chega a 20% da produ\u00e7\u00e3o ga\u00facha, enquanto a \u00e1rea cultivada para gr\u00e3os no RS \u00e9 de 805,6 mil hectares. (Assessoria de Imprensa Sindilat)<\/p><\/div>\n<div style=\"text-align: justify;\">&nbsp;<\/div>\n<div style=\"text-align: justify;\"><img decoding=\"async\" alt=\"\" src=\"http:\/\/cache.mail2easy.com.br\/i\/6186\/2108\" style=\"width: 418px; height: 314px;\" \/><\/div>\n<\/p><\/div>\n<div style=\"text-align: left;\"><img decoding=\"async\" alt=\"\" src=\"http:\/\/cache.mail2easy.com.br\/i\/6186\/7\" style=\"text-align: center; font-size: 12px; width: 811px; height: 16px; font-family: verdana, geneva, sans-serif; display: block; margin-left: auto; margin-right: auto;\" \/><\/div>\n<div><em><strong><img decoding=\"async\" alt=\"\" src=\"http:\/\/cache.mail2easy.com.br\/i\/6186\/9\" style=\"font-size: 12px; width: 231px; height: 30px; font-family: verdana, geneva, sans-serif;\" \/><\/strong><\/em><\/div>\n<div><em>Mais uma alta de pre\u00e7o dos l\u00e1cteos no atacado<br \/> No mercado atacadista, considerando a m\u00e9dia de todos os produtos pesquisados pela Scot Consultoria, os pre\u00e7os dos l\u00e1cteos subiram 0,5%, na segunda quinzena de janeiro, em rela\u00e7\u00e3o \u00e0 primeira metade do m\u00eas. O pre\u00e7o do leite longa vida subiu 1,3% no per\u00edodo. O produto ficou cotado, em m\u00e9dia, em R$2,42 por litro. As cota\u00e7\u00f5es est\u00e3o firmes desde dezembro de 2016. De maneira geral, a menor produ\u00e7\u00e3o no Sul do pa\u00eds e em importantes regi\u00f5es produtoras do Sudeste colabora para este cen\u00e1rio de pre\u00e7os firmes no mercado do leite. Al\u00e9m disso, desde dezembro\/16 o varejo vem comprando para reabastecer os estoques. Outro fator importante \u00e9 a volta \u00e0s aulas escolares, que colabora para uma maior movimenta\u00e7\u00e3o no mercado de l\u00e1cteos. (Scot Consultoria)<\/em><\/div>\n<div><em><img decoding=\"async\" alt=\"\" src=\"http:\/\/cache.mail2easy.com.br\/i\/6186\/7\" style=\"text-align: justify; line-height: 13.5pt; font-size: 12px; width: 803px; height: 16px; font-family: verdana, geneva, sans-serif;\" \/><\/em><\/div>\n<div style=\"text-align: center;\">&nbsp;<\/div>\n<\/p><\/div>\n","protected":false},"excerpt":{"rendered":"<p>Porto Alegre, 01 de fevereiro&nbsp;de 2017. &nbsp; &nbsp; &nbsp; &nbsp; &nbsp; &nbsp; &nbsp; &nbsp; &nbsp; &nbsp; &nbsp; &nbsp; &nbsp; &nbsp; &nbsp; &nbsp; &nbsp; &nbsp; &nbsp; &nbsp; &nbsp; &nbsp; &nbsp; Ano 11- N\u00b0 2.435 &nbsp; &nbsp;&nbsp;Regulamentado o novo programa de parcelamento de d\u00e9bitos tribut\u00e1rios do RS &nbsp; No \u00faltimo dia 06 de janeiro, foi publicado o <a href=\"https:\/\/www.sindilat.com.br\/site\/2017\/02\/01\/01-02-2017\/\" class=\"more-link\">...continuar lendo<span class=\"screen-reader-text\"> \"01\/02\/2017\"<\/span><\/a><\/p>\n","protected":false},"author":1,"featured_media":0,"comment_status":"open","ping_status":"open","sticky":false,"template":"","format":"standard","meta":{"ngg_post_thumbnail":0,"footnotes":""},"categories":[28],"tags":[],"class_list":{"0":"post-1410","1":"post","2":"type-post","3":"status-publish","4":"format-standard","6":"category-newsletter","7":"h-entry","8":"hentry","9":"h-as-article"},"_links":{"self":[{"href":"https:\/\/www.sindilat.com.br\/site\/wp-json\/wp\/v2\/posts\/1410","targetHints":{"allow":["GET"]}}],"collection":[{"href":"https:\/\/www.sindilat.com.br\/site\/wp-json\/wp\/v2\/posts"}],"about":[{"href":"https:\/\/www.sindilat.com.br\/site\/wp-json\/wp\/v2\/types\/post"}],"author":[{"embeddable":true,"href":"https:\/\/www.sindilat.com.br\/site\/wp-json\/wp\/v2\/users\/1"}],"replies":[{"embeddable":true,"href":"https:\/\/www.sindilat.com.br\/site\/wp-json\/wp\/v2\/comments?post=1410"}],"version-history":[{"count":0,"href":"https:\/\/www.sindilat.com.br\/site\/wp-json\/wp\/v2\/posts\/1410\/revisions"}],"wp:attachment":[{"href":"https:\/\/www.sindilat.com.br\/site\/wp-json\/wp\/v2\/media?parent=1410"}],"wp:term":[{"taxonomy":"category","embeddable":true,"href":"https:\/\/www.sindilat.com.br\/site\/wp-json\/wp\/v2\/categories?post=1410"},{"taxonomy":"post_tag","embeddable":true,"href":"https:\/\/www.sindilat.com.br\/site\/wp-json\/wp\/v2\/tags?post=1410"}],"curies":[{"name":"wp","href":"https:\/\/api.w.org\/{rel}","templated":true}]}}