{"id":1379,"date":"2017-01-10T17:42:14","date_gmt":"2017-01-10T17:42:14","guid":{"rendered":"http:\/\/www.sindilat.com.br\/site\/2017\/01\/10\/10-01-2017\/"},"modified":"2017-01-10T17:42:14","modified_gmt":"2017-01-10T17:42:14","slug":"10-01-2017","status":"publish","type":"post","link":"https:\/\/www.sindilat.com.br\/site\/2017\/01\/10\/10-01-2017\/","title":{"rendered":"10\/01\/2017"},"content":{"rendered":"<p> <title><\/title> <\/p>\n<div style=\"text-align: center;\"><a href=\"http:\/\/www.sindilat.com.br\" style=\"font-size: 12px; font-family: verdana, geneva, sans-serif;\"><img decoding=\"async\" alt=\"\" src=\"http:\/\/cache.mail2easy.com.br\/i\/6186\/5\" style=\"width: 643px; height: 82px;\" \/><\/a><\/div>\n<div style=\"text-align: center;\">\n<p><b style=\"font-family: tahoma, geneva, sans-serif; font-size: 12px;\"><i>Porto Alegre, 10 de janeiro&nbsp;<\/i><\/b><b style=\"font-family: tahoma, geneva, sans-serif; font-size: 12px;\"><i>de 2017. &nbsp; &nbsp; &nbsp; &nbsp; &nbsp; &nbsp; &nbsp; &nbsp; &nbsp; &nbsp; &nbsp; &nbsp; &nbsp; &nbsp; &nbsp; &nbsp; &nbsp; &nbsp; &nbsp; &nbsp; &nbsp; &nbsp; &nbsp; Ano 11- N\u00b0 2.419<\/i><\/b><\/p>\n<p class=\"MsoNormal\">&nbsp;<\/p>\n<p class=\"MsoNormal\"><span style=\"font-size: 12px;\"><span style=\"font-family: tahoma, geneva, sans-serif;\"><img decoding=\"async\" border=\"0\" src=\"http:\/\/cache.mail2easy.com.br\/i\/6186\/6\" \/><\/span><\/span><\/p>\n<p class=\"MsoNormal\"><img decoding=\"async\" alt=\"\" src=\"http:\/\/cache.mail2easy.com.br\/i\/6186\/7\" style=\"text-align: justify; font-size: 12px; width: 811px; height: 16px; font-family: verdana, geneva, sans-serif;\" \/><\/p>\n<div style=\"text-align: justify;\"><strong><span style=\"text-decoration: underline;\"><span style=\"font-size: 12px;\"><span style=\"font-family: tahoma, geneva, sans-serif;\"><img decoding=\"async\" alt=\"\" src=\"http:\/\/cache.mail2easy.com.br\/i\/6186\/8\" style=\"width: 53px; height: 34px; float: left;\" \/><\/span><\/span><\/span><\/strong><\/div>\n<div style=\"text-align: justify;\"><strong>\u200b\u200bAgroneg\u00f3cio brasileiro atrai investimentos neozelandeses<\/strong><\/p>\n<p> At\u00e9 2016, pelo menos 70 empresas j\u00e1 se instalaram no pa\u00eds e a previs\u00e3o \u00e9 que neste ano, mais 10 companhias invistam por aqui. Grande produtor de latic\u00ednios, ovinos, l\u00e3s e frutas como o kiwi e a ma\u00e7\u00e3, a Nova Zel\u00e2ndia, pa\u00eds localizado na Oceania, deve investir mais no Brasil em 2017 e o agroneg\u00f3cio \u00e9 o setor que deve puxar grande parte destes investimentos.<\/p>\n<p> De acordo com Ralph Hays, c\u00f4nsul da Nova Zel\u00e2ndia em S\u00e3o Paulo e comiss\u00e1rio da New Zealand Trade &amp; Enterprise (NZTE), ag\u00eancia que promove as rela\u00e7\u00f5es entre os dois pa\u00edses, s\u00e3o as empresas de tecnologia agr\u00edcola que devem aportar com mais for\u00e7a no pa\u00eds neste ano. \"Temos observado uma crescente demanda por novas tecnologias capazes de ampliar a capacidade produtiva\", diz Hays. \"\u00c9 um cen\u00e1rio de grandes oportunidades, especialmente no segmento de agroneg\u00f3cios\".<br \/> Ele tamb\u00e9m destaca que a crescente press\u00e3o para que empresas adotem padr\u00f5es internacionais de qualidade e seguran\u00e7a alimentar podem gerar neg\u00f3cios no Brasil, j\u00e1 que a Nova Zel\u00e2ndia \u00e9 reconhecida por desenvolver tecnologias seguras e sustent\u00e1veis na agricultura e pecu\u00e1ria. \"Com o aumento da demanda global por alimentos e a escassez dos recursos naturais, \u00e9 fundamental encontrar solu\u00e7\u00f5es que contribuam para o aumento da produtividade com menor impacto poss\u00edvel para o meio ambiente\".<\/p>\n<p> At\u00e9 o ano passado, cerca de 70 empresas neozelandesas chegaram no Brasil e, segundo as proje\u00e7\u00f5es de Hays, neste ano pelo menos 10 novas companhias devem se instalar por aqui. Al\u00e9m de tecnologia, elas seriam dos setores de alimentos e bebidas, equipamentos de gerenciamento de fazendas (a cerca el\u00e9trica, por exemplo, foi criada na Nova Zel\u00e2ndia), medidores de leite, gen\u00e9tica, semeadoras, e identifica\u00e7\u00e3o eletr\u00f4nica de animais.<\/p>\n<p> A Nova Zel\u00e2ndia foi considerada pelo Banco Mundial como o melhor pa\u00eds do mundo para fazer neg\u00f3cios (\"Doing Business Report 2017\"). Hoje, \u00e9 o maior exportador mundial de latic\u00ednios e carne ovina. Na Am\u00e9rica Latina, destaca-se o intenso com\u00e9rcio agr\u00edcola com o Chile.<\/p>\n<p> H\u00e1 alguns anos, pecuaristas neozelandeses investiram no Brasil e hoje, s\u00e3o uns dos maiores produtores de leite do pa\u00eds. A Fazenda Leit\u00edssimo, localizada em Jaborandi (BA) investiu primeiramente em pastagens para posteriormente criar gado. Na Nova Zel\u00e2ndia, essa \u00e9 a premissa para que o rebanho seja produtivo, o investimento em pastagens. Em Minas Gerais, a LivestockImprovement Corporation (LIC), maior cooperativa de produtores de leite do mundo tamb\u00e9m j\u00e1 est\u00e1 presente e atua no setor de gen\u00e9tica. (Globo Rural - POR VIVIANE TAGUCHI)<strong>&nbsp;<\/strong><\/div>\n<div>&nbsp;<\/div>\n<div><img decoding=\"async\" alt=\"\" src=\"http:\/\/cache.mail2easy.com.br\/i\/6186\/7\" style=\"font-size: 12px; width: 811px; height: 16px; font-family: verdana, geneva, sans-serif;\" \/><\/div>\n<div>&nbsp;<\/div>\n<div style=\"text-align: justify;\"><strong>Rotulagem do pa\u00eds de origem de carnes e l\u00e1cteos entra em vigor na Fran\u00e7a<\/strong><\/p>\n<p> A Fran\u00e7a colocou em execu\u00e7\u00e3o seu teste de dois anos de rotulagem obrigat\u00f3ria do pa\u00eds de origem (COOL, da sigla em ingl\u00eas) para carnes e l\u00e1cteos em alimentos preparados, neste m\u00eas. A iniciativa se refere a refei\u00e7\u00f5es prontas com certa quantidade de carne ou leite nelas. Se o prato cont\u00e9m mais de 8% de carnes e 50% de leite, suas origens precisam ser mencionadas no r\u00f3tulo. Somente refei\u00e7\u00f5es com 100% de carne e leite da Fran\u00e7a podem conter o r\u00f3tulo \"Produit d'origine Franc\u0327aise\".<\/p>\n<p> A Interbev, associa\u00e7\u00e3o comercial francesa que representa os processadores de carne e os pecuaristas do pa\u00eds, disse que est\u00e1 satisfeita com \"os avan\u00e7os significativos feitos\", dando aos consumidores \"informa\u00e7\u00f5es claras e transparentes\" sobre os produtos que compram.<\/p>\n<p> A associa\u00e7\u00e3o vem fazendo campanha pela rotulagem da origem de carnes frescas e processadas desde o esc\u00e2ndalo \"Horsegate\", de 2013, quando testes de DNA mostraram a presen\u00e7a de carne de cavalo em alimentos pr\u00e9-preparados, como lasanha com carne bovina - disseminando uma crise de confian\u00e7a entre os consumidores.<\/p>\n<p> Entretanto, nem todos est\u00e3o felizes com a decis\u00e3o de fazer esse teste; a FoodDrinkEurope (FDE) disse que o piloto ter\u00e1 um efeito negativo na cadeia de fornecimento, porque somente se aplica \u00e0 Fran\u00e7a e \"determina um precedente irrevers\u00edvel para a fragmenta\u00e7\u00e3o do Mercado \u00danico da UE para alimentos e bebidas\".<\/p>\n<p> A Associa\u00e7\u00e3o Europeia de L\u00e1cteos (EDA) tamb\u00e9m afirma que as ind\u00fastrias de l\u00e1cteos em regi\u00f5es da fronteira ser\u00e3o afetadas, \u00e0 medida que t\u00eam at\u00e9 cinco Estados Membros da UE em sua \u00e1rea de capta\u00e7\u00e3o de leite. \"A Comiss\u00e3o Europeia falhou claramente em proteger o princ\u00edpio do mercado \u00fanico, que \u00e9 de um ponto de vista pol\u00edtico o pior cen\u00e1rio para a Uni\u00e3o\", disse o secret\u00e1rio geral da EDA, Alexander Anton.<\/p>\n<p> Em sua defesa, a diretora geral da organiza\u00e7\u00e3o de direitos dos consumidores, BEUC, Monique Goyens, disse que o secreto franc\u00eas est\u00e1 de acordo com a Regulamenta\u00e7\u00e3o de Informa\u00e7\u00f5es de Alimentos (FIC), \u00e0 medida que seu principal objetivo \u00e9 proteger os consumidores e responder \u00e0 sua demanda por informa\u00e7\u00f5es sobre a origem de seus alimentos.<\/p>\n<p> A legisla\u00e7\u00e3o do FIC diz que os Estados Membros podem introduzir rotulagens obrigat\u00f3rias adicionais se houver evid\u00eancias de que a maioria dos consumidores acham que essa informa\u00e7\u00e3o \u00e9 importante.<\/p>\n<p> De acordo com uma pesquisa do Eurobarometer de 2013, 90% dos respondentes concordaram que \u00e9 importante que a origem da carne usada em alimentos processados seja rotulada, enquanto 84% eram favor\u00e1veis \u00e0 rotulagem da origem do leite nos produtos l\u00e1cteos.<\/p>\n<p> O presidente do grupo de direitos do consumidor franc\u00eas, Que Choisir, Alain Bazot, est\u00e1 fazendo campanha pela rotulagem obrigat\u00f3ria da origem h\u00e1 v\u00e1rios anos, junto com a associa\u00e7\u00e3o agr\u00edcola, FNSEA e outras e lan\u00e7ou uma peti\u00e7\u00e3o on-line no ano passado pedindo a rotulagem obrigat\u00f3ria para carnes processadas.<\/p>\n<p> Essa n\u00e3o \u00e9 a primeira vez que a COOL \u00e9 testada na Fran\u00e7a; no ano passado, o pa\u00eds lan\u00e7ou quatro programas piloto de rotulagem de alimentos em quatro regi\u00f5es, incluindo 60 Casino, Carrefour Market, and Simply Market stores in I\u0302le-de- France, Hauts-de-France, Rho\u0302ne-Alpe e Haute Normandie.&nbsp;<\/p>\n<p> Esses testes viram mais de 2 milh\u00f5es de r\u00f3tulos colocados em quase 1.200 alimentos, usando: o sistema Nutri-Score que tem um logo com cinco cores que classifica o alimento de A (bom) at\u00e9 E (ruim); sistema Sens, que usa uma mistura de cores e um logotipo para indicar o qu\u00e3o frequentemente um certo alimento pode ser consumido de forma saud\u00e1vel; o logotipo Nutri-Repe\u0300re, que explica os componentes, como gordura, a\u00e7\u00facar, sais e mostra quantas calorias cont\u00e9m; e uma r\u00e9plica do sistema Traffic Lights, usado no Reino Unido, similar ao Nutri-Rep\u00e8re, que quebra um produto em componentes, bem como indica o quanto da quantidade di\u00e1ria recomendada esse produto tem.<\/p>\n<p> &nbsp;<img decoding=\"async\" alt=\"\" src=\"http:\/\/cache.mail2easy.com.br\/i\/6186\/2083\" style=\"width: 570px; height: 321px;\" \/><\/p>\n<p> A Comiss\u00e3o Europeia enviar\u00e1 um relat\u00f3rio sobre os efeitos dos esquemas de \"rotulagem visual\" ao Conselho e o Parlamento em dezembro de 2017, mas nenhuma decis\u00e3o sobre sua legalidade \u00e9 esperada at\u00e9 ent\u00e3o. (As informa\u00e7\u00f5es s\u00e3o do Dairy Reporter, traduzidas pela Equipe MilkPoint)<\/p>\n<p> <strong>Mapa fecha 26 unidades t\u00e9cnicas para melhorar gest\u00e3o e economizar recursos<\/strong><br \/> &nbsp;<br \/> O Minist\u00e9rio da Agricultura, Pecu\u00e1ria e Abastecimento (Mapa) publicou no Di\u00e1rio Oficial da Uni\u00e3o uma portaria, na \u00faltima sexta-feira (30), extinguindo 26 das 84 Unidades T\u00e9cnicas Regionais (Utras). A decis\u00e3o foi baseada em estudos t\u00e9cnicos que levaram em considera\u00e7\u00e3o o valor bruto de produ\u00e7\u00e3o agropecu\u00e1ria, o n\u00famero de estabelecimentos registrados e fiscalizados e demandas de atividades em cada unidade.<\/p>\n<p> O fechamento das 26 unidades representa economia de cerca de R$ 1,1 milh\u00e3o por ano, gastos atualmente apenas com a manuten\u00e7\u00e3o do patrim\u00f4nio e do material de expediente. Os cerca de 100 servidores ser\u00e3o realocados em outras unidades do Minist\u00e9rio da Agricultura nos estados, onde h\u00e1 maior necessidade da m\u00e3o de obra, formada principalmente por auditores.<\/p>\n<p> O estudo inicial, conclu\u00eddo no primeiro semestre deste ano, recomendava o fechamento de 54 unidades. Nesta primeira etapa, no entanto, ser\u00e3o fechadas 26 unidades. As demais poder\u00e3o ser extintas no segundo semestre de 2017, ap\u00f3s nova atualiza\u00e7\u00e3o e detalhamento dos dados j\u00e1 levantados.<\/p>\n<p> A atualiza\u00e7\u00e3o do estudo foi feita por meio de sistema de avalia\u00e7\u00e3o das demandas de trabalho nas \u00e1reas de inspe\u00e7\u00e3o e de fiscaliza\u00e7\u00e3o, em conjunto pelas Secretarias Executiva, de Defesa Agropecu\u00e1ria e de Pol\u00edtica Agr\u00edcola do minist\u00e9rio.<\/p>\n<p> O secret\u00e1rio-executivo do Mapa, Eumar Novacki, explicou que ser\u00e1 poss\u00edvel melhorar a gest\u00e3o com o aproveitamento mais eficiente da for\u00e7a de trabalho. Novacki assegurou que n\u00e3o haver\u00e1 preju\u00edzos nem descontinuidade na presta\u00e7\u00e3o de servi\u00e7os por parte do minist\u00e9rio. &nbsp;De acordo com a portaria, as Utras ser\u00e3o extintas a partir do dia 1\u00ba de janeiro de 2017, com prazo de 30 dias para o remanejamento dos servidores e o encerramento das atividades.&nbsp;<\/p>\n<p> Ser\u00e3o fechadas as seguintes unidades: Passos, Muria\u00e9, Governador Valadares, Almenara e Paracatu, em Minas Gerais; Barra Mansa, Nova Friburgo e Itaperuna, Bom Jesus e Maca\u00e9, no Rio de Janeiro; Blumenau, Joinville e Lajes, em Santa Catarina; Ouro Petro D'Oeste, Ji-Paran\u00e1, Cacoal, Ariquemes, em Rond\u00f4nia; Campina Grande e Patos, na Para\u00edba; Colatina e Venda Nova do Imigrante, no Espirito Santo; Caruaru, em Pernambuco; Picos, no Piau\u00ed; Teixeira de Freitas, na Bahia, Jacarezinho, no Paran\u00e1, e Santana do Livramento, no Rio Grande do Sul. (As informa\u00e7\u00f5es s\u00e3o do Mapa)<\/p><\/div>\n<div style=\"text-align: justify;\">&nbsp;<\/div>\n<div style=\"text-align: left;\"><img decoding=\"async\" alt=\"\" src=\"http:\/\/cache.mail2easy.com.br\/i\/6186\/7\" style=\"text-align: center; font-size: 12px; width: 811px; height: 16px; font-family: verdana, geneva, sans-serif; display: block; margin-left: auto; margin-right: auto;\" \/><\/div>\n<div><em><strong><img decoding=\"async\" alt=\"\" src=\"http:\/\/cache.mail2easy.com.br\/i\/6186\/9\" style=\"font-size: 12px; width: 231px; height: 30px; font-family: verdana, geneva, sans-serif;\" \/><\/strong><\/em><\/div>\n<div>\n<div><em>Na m\u00e9dia do Estado, valor foi de R$ 1,20<br \/> De acordo com dados divulgados pelo Centro de Estudos Avan\u00e7ados em Economia Aplicada (Cepea), no pagamento de dezembro, referente \u00e0 produ\u00e7\u00e3o entregue em novembro, foi verificada queda nos pre\u00e7os em tr\u00eas das cinco regi\u00f5es pesquisadas em Minas Gerais. Na m\u00e9dia do Estado, o litro foi cotado a R$ 1,20, retra\u00e7\u00e3o de 3,48%. A maior retra\u00e7\u00e3o ocorreu no Tri\u00e2ngulo e Alto Parana\u00edba, 4,52%. Nestas localidades, o litro de leite foi cotado, na m\u00e9dia l\u00edquida, a R$ 1,24. Queda tamb\u00e9m na regi\u00e3o Sul e Sudoeste, onde o produtor recebeu R$ 1,23 por litro negociado, valor 2,92% inferior ao praticado em novembro. Na Zona da Mata, o pecuarista recebeu 3,58% a menos pelo litro de leite, que foi vendido a R$ 1,19. Ap\u00f3s tr\u00eas meses de retra\u00e7\u00e3o, os produtores da Regi\u00e3o Metropolitana de Belo Horizonte (RMBH) registraram, em dezembro, pequena eleva\u00e7\u00e3o nos valores, 0,9%, com o leite negociado a R$ 1,17, na m\u00e9dia l\u00edquida. J\u00e1 no Vale do Rio Doce, a alta chegou a 1,02% e o leite foi comercializado a R$ 1,13. (Di\u00e1rio do Com\u00e9rcio)<\/em><\/div>\n<div><em><img decoding=\"async\" alt=\"\" src=\"http:\/\/cache.mail2easy.com.br\/i\/6186\/7\" style=\"text-align: justify; line-height: 13.5pt; font-size: 12px; width: 803px; height: 16px; font-family: verdana, geneva, sans-serif;\" \/><\/em><\/div>\n<\/p><\/div>\n<div style=\"text-align: center;\">&nbsp;<\/div>\n<\/p><\/div>\n","protected":false},"excerpt":{"rendered":"<p>Porto Alegre, 10 de janeiro&nbsp;de 2017. &nbsp; &nbsp; &nbsp; &nbsp; &nbsp; &nbsp; &nbsp; &nbsp; &nbsp; &nbsp; &nbsp; &nbsp; &nbsp; &nbsp; &nbsp; &nbsp; &nbsp; &nbsp; &nbsp; &nbsp; &nbsp; &nbsp; &nbsp; Ano 11- N\u00b0 2.419 &nbsp; \u200b\u200bAgroneg\u00f3cio brasileiro atrai investimentos neozelandeses At\u00e9 2016, pelo menos 70 empresas j\u00e1 se instalaram no pa\u00eds e a previs\u00e3o \u00e9 que <a href=\"https:\/\/www.sindilat.com.br\/site\/2017\/01\/10\/10-01-2017\/\" class=\"more-link\">...continuar lendo<span class=\"screen-reader-text\"> \"10\/01\/2017\"<\/span><\/a><\/p>\n","protected":false},"author":1,"featured_media":0,"comment_status":"open","ping_status":"open","sticky":false,"template":"","format":"standard","meta":{"ngg_post_thumbnail":0,"footnotes":""},"categories":[28],"tags":[],"class_list":{"0":"post-1379","1":"post","2":"type-post","3":"status-publish","4":"format-standard","6":"category-newsletter","7":"h-entry","8":"hentry","9":"h-as-article"},"_links":{"self":[{"href":"https:\/\/www.sindilat.com.br\/site\/wp-json\/wp\/v2\/posts\/1379","targetHints":{"allow":["GET"]}}],"collection":[{"href":"https:\/\/www.sindilat.com.br\/site\/wp-json\/wp\/v2\/posts"}],"about":[{"href":"https:\/\/www.sindilat.com.br\/site\/wp-json\/wp\/v2\/types\/post"}],"author":[{"embeddable":true,"href":"https:\/\/www.sindilat.com.br\/site\/wp-json\/wp\/v2\/users\/1"}],"replies":[{"embeddable":true,"href":"https:\/\/www.sindilat.com.br\/site\/wp-json\/wp\/v2\/comments?post=1379"}],"version-history":[{"count":0,"href":"https:\/\/www.sindilat.com.br\/site\/wp-json\/wp\/v2\/posts\/1379\/revisions"}],"wp:attachment":[{"href":"https:\/\/www.sindilat.com.br\/site\/wp-json\/wp\/v2\/media?parent=1379"}],"wp:term":[{"taxonomy":"category","embeddable":true,"href":"https:\/\/www.sindilat.com.br\/site\/wp-json\/wp\/v2\/categories?post=1379"},{"taxonomy":"post_tag","embeddable":true,"href":"https:\/\/www.sindilat.com.br\/site\/wp-json\/wp\/v2\/tags?post=1379"}],"curies":[{"name":"wp","href":"https:\/\/api.w.org\/{rel}","templated":true}]}}