{"id":1372,"date":"2016-12-23T19:58:17","date_gmt":"2016-12-23T19:58:17","guid":{"rendered":"http:\/\/www.sindilat.com.br\/site\/2016\/12\/23\/lactalis-detalha-projeto-de-expansao-no-rs\/"},"modified":"2016-12-23T19:58:17","modified_gmt":"2016-12-23T19:58:17","slug":"lactalis-detalha-projeto-de-expansao-no-rs","status":"publish","type":"post","link":"https:\/\/www.sindilat.com.br\/site\/2016\/12\/23\/lactalis-detalha-projeto-de-expansao-no-rs\/","title":{"rendered":"Lactalis detalha projeto de expans\u00e3o no RS"},"content":{"rendered":"<p>O diretor de Rela\u00e7\u00f5es Institucionais Lactalis, Guilherme Portella, detalhou os projetos da multinacional francesa para o Rio Grande do Sul durante evento, na Sede Acad\u00eamica da Uniju\u00ed, na tarde desta quinta-feira (22\/12). Conforme recente an\u00fancio, o grupo investir\u00e1 mais de R$ 100 milh\u00f5es. \"Precisaremos captar 500 milh\u00f5es de litros de leite,&nbsp;al\u00e9m do 1 bilh\u00e3o que j\u00e1 captamos\", afirmou a grupo composto por estudantes, professores, produtores e autoridades. Portella afirmou que o investimento em Iju\u00ed ser\u00e1 destinado para a amplia\u00e7\u00e3o de produ\u00e7\u00e3o de composto l\u00e1cteo, expans\u00e3o da \u00e1rea de estocagem e cria\u00e7\u00e3o de novas de linhas de produ\u00e7\u00e3o de queijos. \"A empresa est\u00e1 criando um programa para se aproximar do produtor rural e aumentar a estabilidade no fornecimento\", afirmou Portella. Com isso, o objetivo \u00e9 elevar em 32% a produ\u00e7\u00e3o de queijo. \"Nossa miss\u00e3o \u00e9 que o produtor consiga produzir mais com um pre\u00e7o menor\", salientou o dirigente.<\/p>\n<p>Durante o evento, o vice-presidente da Funda\u00e7\u00e3o de Integra\u00e7\u00e3o, Desenvolvimento e Educa\u00e7\u00e3o no Noroeste do Estado (Fidene), Martinho Lu\u00eds Kelm, reiterou a disponibilidade da Universidade em realizar parceria com a Lactalis para o desenvolvimento de pesquisas e projetos visando a melhoria da cadeia produtiva do leite na regi\u00e3o.<\/p>\n<p><figure><img decoding=\"async\" src=\"images\/unnamed-2.jpg\" alt=\"\" \/><figcaption>Cr\u00e9dito: Denize Fraga<\/figcaption><\/figure><\/p>\n","protected":false},"excerpt":{"rendered":"<p>O diretor de Rela\u00e7\u00f5es Institucionais Lactalis, Guilherme Portella, detalhou os projetos da multinacional francesa para o Rio Grande do Sul durante evento, na Sede Acad\u00eamica da Uniju\u00ed, na tarde desta quinta-feira (22\/12). Conforme recente an\u00fancio, o grupo investir\u00e1 mais de R$ 100 milh\u00f5es. \"Precisaremos captar 500 milh\u00f5es de litros de leite,&nbsp;al\u00e9m do 1 bilh\u00e3o que <a href=\"https:\/\/www.sindilat.com.br\/site\/2016\/12\/23\/lactalis-detalha-projeto-de-expansao-no-rs\/\" class=\"more-link\">...continuar lendo<span class=\"screen-reader-text\"> \"Lactalis detalha projeto de expans\u00e3o no RS\"<\/span><\/a><\/p>\n","protected":false},"author":1,"featured_media":0,"comment_status":"open","ping_status":"open","sticky":false,"template":"","format":"standard","meta":{"ngg_post_thumbnail":0,"footnotes":""},"categories":[18],"tags":[],"class_list":{"0":"post-1372","1":"post","2":"type-post","3":"status-publish","4":"format-standard","6":"category-noticias","7":"h-entry","8":"hentry","9":"h-as-article"},"_links":{"self":[{"href":"https:\/\/www.sindilat.com.br\/site\/wp-json\/wp\/v2\/posts\/1372","targetHints":{"allow":["GET"]}}],"collection":[{"href":"https:\/\/www.sindilat.com.br\/site\/wp-json\/wp\/v2\/posts"}],"about":[{"href":"https:\/\/www.sindilat.com.br\/site\/wp-json\/wp\/v2\/types\/post"}],"author":[{"embeddable":true,"href":"https:\/\/www.sindilat.com.br\/site\/wp-json\/wp\/v2\/users\/1"}],"replies":[{"embeddable":true,"href":"https:\/\/www.sindilat.com.br\/site\/wp-json\/wp\/v2\/comments?post=1372"}],"version-history":[{"count":0,"href":"https:\/\/www.sindilat.com.br\/site\/wp-json\/wp\/v2\/posts\/1372\/revisions"}],"wp:attachment":[{"href":"https:\/\/www.sindilat.com.br\/site\/wp-json\/wp\/v2\/media?parent=1372"}],"wp:term":[{"taxonomy":"category","embeddable":true,"href":"https:\/\/www.sindilat.com.br\/site\/wp-json\/wp\/v2\/categories?post=1372"},{"taxonomy":"post_tag","embeddable":true,"href":"https:\/\/www.sindilat.com.br\/site\/wp-json\/wp\/v2\/tags?post=1372"}],"curies":[{"name":"wp","href":"https:\/\/api.w.org\/{rel}","templated":true}]}}