{"id":1368,"date":"2016-12-21T16:35:35","date_gmt":"2016-12-21T16:35:35","guid":{"rendered":"http:\/\/www.sindilat.com.br\/site\/2016\/12\/21\/21-12-2016\/"},"modified":"2016-12-21T16:35:35","modified_gmt":"2016-12-21T16:35:35","slug":"21-12-2016","status":"publish","type":"post","link":"https:\/\/www.sindilat.com.br\/site\/2016\/12\/21\/21-12-2016\/","title":{"rendered":"21\/12\/2016"},"content":{"rendered":"<p> <title><\/title> <\/p>\n<div style=\"text-align: center;\"><a href=\"http:\/\/www.sindilat.com.br\" style=\"font-size: 12px; font-family: verdana, geneva, sans-serif;\"><img decoding=\"async\" alt=\"\" src=\"http:\/\/cache.mail2easy.com.br\/i\/6186\/5\" style=\"width: 643px; height: 82px;\" \/><\/a><\/div>\n<div style=\"text-align: center;\">\n<p><b style=\"font-family: tahoma, geneva, sans-serif; font-size: 12px;\"><i>Porto Alegre, 21 de dezembro<\/i><\/b><b style=\"font-family: tahoma, geneva, sans-serif; font-size: 12px;\"><i>&nbsp;de 2016 . &nbsp; &nbsp; &nbsp; &nbsp; &nbsp; &nbsp; &nbsp; &nbsp; &nbsp; &nbsp; &nbsp; &nbsp; &nbsp; &nbsp; &nbsp; &nbsp; &nbsp; &nbsp; &nbsp; &nbsp; &nbsp; &nbsp; &nbsp; Ano 10- N\u00b0 2.415<\/i><\/b><\/p>\n<p class=\"MsoNormal\">&nbsp;<\/p>\n<p class=\"MsoNormal\"><span style=\"font-size: 12px;\"><span style=\"font-family: tahoma, geneva, sans-serif;\"><img decoding=\"async\" border=\"0\" src=\"http:\/\/cache.mail2easy.com.br\/i\/6186\/6\" \/><\/span><\/span><\/p>\n<p class=\"MsoNormal\"><img decoding=\"async\" alt=\"\" src=\"http:\/\/cache.mail2easy.com.br\/i\/6186\/7\" style=\"text-align: justify; font-size: 12px; width: 811px; height: 16px; font-family: verdana, geneva, sans-serif;\" \/><\/p>\n<div style=\"text-align: justify;\"><strong><span style=\"text-decoration: underline;\"><span style=\"font-size: 12px;\"><span style=\"font-family: tahoma, geneva, sans-serif;\"><img decoding=\"async\" alt=\"\" src=\"http:\/\/cache.mail2easy.com.br\/i\/6186\/8\" style=\"width: 53px; height: 34px; float: left;\" \/><\/span><\/span><\/span><\/strong><\/div>\n<div style=\"text-align: justify;\"><strong>\u200b\u200b Renegocia\u00e7\u00e3o das d\u00edvidas dos Estados sem contrapartidas passa na C\u00e2mara<\/strong><\/p>\n<p> A C\u00e2mara dos Deputados aprovou ontem o projeto de lei da renegocia\u00e7\u00e3o das d\u00edvidas dos Estados com a Uni\u00e3o, com a exclus\u00e3o de quase todas as contrapartidas defendidas pelo ministro da Fazenda, Henrique Meirelles, sob o argumento de que o desgaste de aprovar medidas que congelar\u00e3o sal\u00e1rios e cortar\u00e3o benef\u00edcios dos servidores estaduais cabia os governadores e assembleias legislativas. No cap\u00edtulo que afetar\u00e1 todos os Estados em troca do alongamento do prazo para pagar as d\u00edvidas com a Uni\u00e3o, al\u00e9m das redu\u00e7\u00f5es nas parcelas at\u00e9 2018, restou apenas a regra que limitar\u00e1 por dois anos o crescimento das despesas gerais dos Estados \u00e0 infla\u00e7\u00e3o. Na pr\u00e1tica ser\u00e1 um congelamento dos gastos, a exemplo do que ocorrer\u00e1 com a Uni\u00e3o, mas por um per\u00edodo bem mais curto \u00ac o governo federal estar\u00e1 sujeito \u00e0 regra por pelo menos dez anos. J\u00e1 o Regime de Recupera\u00e7\u00e3o Fiscal, vers\u00e3o da Lei de Fal\u00eancias para os Estados, suspender\u00e1 o pagamento das d\u00edvidas por tr\u00eas anos.<\/p>\n<p> O Rio de Janeiro, por exemplo, reduzir\u00e1 seus custos em R$ 7 bilh\u00f5es por ano com a medida, que visa tamb\u00e9m Rio Grande do Sul e Minas Gerais, hoje os com maior dificuldade financeira. Em troca do al\u00edvio maior, o projeto estabelecia regras mais duras que o regime geral. Quem aderisse teria que suspender reajustes salariais j\u00e1 acertados \u00ac os demais Estados s\u00f3 estariam proibidos de dar novos aumentos \u00ac e reduzir incentivos fiscais e tribut\u00e1rios \u00ac que os outros s\u00f3 n\u00e3o poderiam ampliar. Praticamente todas sa\u00edram da lei. As contrapartidas depender\u00e3o agora da negocia\u00e7\u00e3o individual de cada Estado com a Uni\u00e3o, jogando o desgaste e as press\u00f5es sobre o acordo para o governo federal e governadores que j\u00e1 demonstram dificuldade de aprovar o ajuste fiscal. O ministro da Fazenda pediu calma nas avalia\u00e7\u00f5es sobre o resultado da vota\u00e7\u00e3o e disse que ainda estuda se recomendar\u00e1 a san\u00e7\u00e3o ou o veto ao presidente Michel Temer. \"Estou vendo coment\u00e1rios sobre como 'perdemos oportunidade hist\u00f3rica'. Tamb\u00e9m n\u00e3o \u00e9 assim. N\u00e3o h\u00e1 d\u00favida de que, do nosso ponto de vista, se a lei j\u00e1 dissesse o que o Estado tem que cumprir, seria mais f\u00e1cil\", disse. Mas ponderou que caber\u00e1 \u00e0 Fazenda recomendar ou n\u00e3o a aprova\u00e7\u00e3o do plano dos Estados e ao presidente aceitar. Em nota, a Fazenda ressaltou dois pontos exclu\u00eddos pelos deputados que considerava importantes \u00ac a defini\u00e7\u00e3o de qual seria a situa\u00e7\u00e3o dos Estados para torn\u00e1\u00aclos eleg\u00edveis ao regime de recupera\u00e7\u00e3o fiscal e as condi\u00e7\u00f5es que teriam que cumprir para readquirir a solv\u00eancia fiscal e financeira \u00ac, mas destacou que s\u00f3 ser\u00e3o aceitos os planos \"que, de fato, viabilizem esse equil\u00edbrio\".&nbsp;<\/p>\n<p> O governo tentou, ao longo de todo o dia, impedir a aprova\u00e7\u00e3o, articulada pelo presidente da C\u00e2mara, Rodrigo Maia (DEM\u00acRJ), juntamente com l\u00edderes da base e da oposi\u00e7\u00e3o, al\u00e9m de governadores. A avalia\u00e7\u00e3o era que se a vota\u00e7\u00e3o ocorresse em fevereiro, com qu\u00f3rum mais alto, seria poss\u00edvel manter algumas contrapartidas. O l\u00edder do governo, Andr\u00e9 Moura (PSC\u00acSE), recomendou a deputados governistas que n\u00e3o registrassem presen\u00e7a e, por mensagens aos partidos, orientou o esvaziamento da sess\u00e3o. Pela manh\u00e3, ap\u00f3s reuni\u00e3o com Meireles, ele disse que as altera\u00e7\u00f5es \"realmente inviabilizariam o projeto\" e resolveriam apenas pontualmente o problema, que voltaria a ocorrer mais tarde. Parte da base, em especial a bancada da bala, que era contr\u00e1ria \u00e0s contrapartidas e tentava impedir a vota\u00e7\u00e3o, mudou de postura quando percebeu a estrat\u00e9gia do governo. \"Suplico aos partidos em obstru\u00e7\u00e3o que desistam. N\u00e3o vamos deixar para fevereiro porque a\u00ed o governo vem com o bloco para arrebentar e aprovar o projeto do Senado\", afirmou o deputado Major Ol\u00edmpio (SD\u00acSP). O Senado atuou na contram\u00e3o dos deputados e, al\u00e9m de reincluir as contrapartidas exclu\u00eddas pela C\u00e2mara, ainda apresentou outras dentro do regime especial. Maia insistiu na vota\u00e7\u00e3o e, ap\u00f3s acordo com a oposi\u00e7\u00e3o para retirar mais contrapartidas, como a responsabiliza\u00e7\u00e3o dos gestores p\u00fablicos que descumprirem as regras do Regime de Recupera\u00e7\u00e3o Fiscal e regras mais espec\u00edficas para privatiza\u00e7\u00e3o de estatais dos Estados, conseguiu aprovar o texto. Moura, que \u00e9 desafeto do presidente da C\u00e2mara, foi um dos 296 deputados que votaram a favor \u00ac apenas 12 foram contr\u00e1rios \u00ac, mas n\u00e3o discursou nem manifestou a posi\u00e7\u00e3o do governo em plen\u00e1rio.&nbsp;<\/p>\n<p> O presidente da C\u00e2mara chegou a criticar, enquanto presidia a sess\u00e3o, a postura do ministro da Fazenda e a possibilidade de os deputados aprovarem, na \u00faltima sess\u00e3o antes do recesso, um aumento na contribui\u00e7\u00e3o previdenci\u00e1ria dos servidores estaduais, como estava proposto. \"Estamos ouvindo o Minist\u00e9rio da Fazenda, mas n\u00e3o precisamos dizer am\u00e9m\", afirmou. Ele consultou o presidente Michel temer, que teria liberado a vota\u00e7\u00e3o. Relator do projeto, o deputado Esperidi\u00e3o Amin (PP\u00acSC) afirmou que o texto da C\u00e2mara avan\u00e7ava sem invadir direitos de servidores ou prerrogativas dos entes federados. \"Se formos derrotados, o governo haver\u00e1 de dar outra solu\u00e7\u00e3o, mas sem a cumplicidade do Congresso Nacional\", disse. \"A vers\u00e3o do Senado \u00e9 draconiana\", criticou. \u00c0 noite, Meirelles negou que tenha trabalhado, junto com o l\u00edder do governo, para n\u00e3o aprovar o texto. \"N\u00e3o fiz reuni\u00e3o com l\u00edderes, n\u00e3o \u00e9 o papel do ministro da Fazenda, e n\u00e3o negociei nada. Fizemos uma recomenda\u00e7\u00e3o, [pois] julgamos adequado o projeto aprovado pelo Senado\", disse. Al\u00e9m das d\u00edvidas com a Uni\u00e3o, o texto permitir\u00e1 alongar R$ 9 bilh\u00f5es em d\u00e9bitos de companhias habitacionais com o FGTS. Questionado se o resultado n\u00e3o mostra que o governo ter\u00e1 dificuldade para aprovar a reforma d\u00e1 Previd\u00eancia, Maia afirmou que a proposta ser\u00e1 aprovada porque \u00e9 necess\u00e1ria para garantir o pagamento dos benef\u00edcios no futuro. (Colaboraram Rafael Bittencourt, de Bras\u00edlia, e Rafael Moro Martins, para o \"Valor\", de Curitiba). (Valor Econ\u00f4mico)<\/p><\/div>\n<div style=\"text-align: justify;\">&nbsp;<\/div>\n<div style=\"text-align: justify;\"><img decoding=\"async\" alt=\"\" src=\"http:\/\/cache.mail2easy.com.br\/i\/6186\/2077\" style=\"height: 865px; width: 600px;\" \/><\/div>\n<div style=\"text-align: justify;\">&nbsp;<\/div>\n<div style=\"text-align: justify;\"><img decoding=\"async\" alt=\"\" src=\"http:\/\/cache.mail2easy.com.br\/i\/6186\/7\" style=\"font-size: 12px; width: 811px; height: 16px; font-family: verdana, geneva, sans-serif;\" \/><\/div>\n<div style=\"text-align: justify;\">&nbsp;<\/div>\n<div style=\"text-align: justify;\"><strong>Leite\/Austr\u00e1lia<\/strong><\/p>\n<p> A produ\u00e7\u00e3o de leite na Austr\u00e1lia atingir\u00e1, nesta temporada, o menor volume em vinte anos, devido \u00e0 queda dos pre\u00e7os do leite fazendo com que os agricultores reduzissem seus rebanhos, disseram autoridades norte-americanas. O escrit\u00f3rio do Departamento de Agricultura dos EUA (USDA) de Canberra disse que a produ\u00e7\u00e3o australiana ficou sob press\u00e3o devido ao efeito conjunto das secas prolongadas e dos pre\u00e7os baixos. A produ\u00e7\u00e3o para 2017 foi estimada em 9,3 milh\u00f5es de toneladas, gra\u00e7as ao \"rebanho leiteiro menor e \u00e0 sa\u00edda de ind\u00fastrias\". \"A renda m\u00e9dia das fazendas leiteiras caiu significativamente durante 2016 devido aos menores pre\u00e7os do leite ao produtor e \u00e0 menor produ\u00e7\u00e3o de leite por fazenda\", disse o departamento. O USDA projeta a produ\u00e7\u00e3o de leite em 2016 em 9,5 milh\u00f5es de toneladas, abaixo da previs\u00e3o oficial de 9,7 milh\u00f5es de toneladas.<\/p>\n<p> <span style=\"text-decoration: underline;\">Pre\u00e7os baixos diminuem a produ\u00e7\u00e3o<\/span><br \/> \"Nos \u00faltimos anos, a ind\u00fastria foi afetada por condi\u00e7\u00f5es clim\u00e1ticas adversas e baixos pre\u00e7os internacionais dos produtos l\u00e1cteos\", disse o departamento. A queda internacional dos pre\u00e7os do leite come\u00e7a a ceder, com os cortes na produ\u00e7\u00e3o de leite. \"A ind\u00fastria de latic\u00ednios da Austr\u00e1lia foi parcialmente protegida pela queda dos pre\u00e7os internacionais, uma vez que cerca de 60% da produ\u00e7\u00e3o \u00e9 consumida no mercado interno.\" \"No entanto, em abril de 2016, os principais processadores cortaram os pre\u00e7os do leite dentro da porteira\", disse o departamento. \"Ap\u00f3s os cortes nos pre\u00e7os do leite, alguns dos quais foram retroativos, muitos produtores tornaram-se n\u00e3o rent\u00e1veis e em resposta abateram os bovinos leiteiros e removeram as vacas da produ\u00e7\u00e3o.\"<\/p>\n<p> <span style=\"text-decoration: underline;\">Melhoria das perspectivas de pastagem<\/span><br \/> Mas o departamento observou uma \"tend\u00eancia mais positiva\" para a produ\u00e7\u00e3o leiteira, gra\u00e7as a um clima melhor e ao crescimento das pastagens desde meados de 2016. \"As fortes chuvas em grande parte do leste da Austr\u00e1lia puseram fim \u00e0 seca em algumas regi\u00f5es e reduziu a necessidade de suplementos alimentares. A previs\u00e3o de chuva para tr\u00eas meses at\u00e9 dezembro de 2016 tamb\u00e9m \u00e9 positiva, apesar da intensa chuva em algumas regi\u00f5es e alagamentos poderem afetar a produ\u00e7\u00e3o de leite\", disse o departamento. \"Espera-se que o crescimento das pastagens seja significativo e consistente em Victoria, que responde por 60% do rebanho leiteiro nacional\". O USDA disse que as melhores condi\u00e7\u00f5es eram \"suscet\u00edveis de reduzir o abate do rebanho em 2017 e pavimentar o caminho para a recomposi\u00e7\u00e3o gradual do rebanho\". (AgriMoney - Tradu\u00e7\u00e3o Livre: Terra Viva)<\/p>\n<p> <strong>Produ\u00e7\u00e3o\/UE<\/strong><\/p>\n<p> A produ\u00e7\u00e3o mundial de leite dever\u00e1 ter um crescimento moderado nos pr\u00f3ximos dez anos segundo o \u00faltimo boletim de previs\u00f5es a m\u00e9dio prazo da Comiss\u00e3o Europeia (CE). O aumento ser\u00e1 impulsionado por cont\u00ednuos incrementos no consumo de produtos l\u00e1cteos. A queda na renda e o crescimento demogr\u00e1fico nos faz pensar que a demanda mundial crescer\u00e1 a um ritmo relativamente mais lento, de 1,8% ao ano (equivalente a 16 milh\u00f5es de toneladas adicionais por ano). O crescimento da produ\u00e7\u00e3o na Uni\u00e3o Europeia (UE) \u00e9 estimado em m\u00e9dia de 1,3 milh\u00f5es de toneladas por ano (1,4%) nos pr\u00f3ximos 10 anos. O aumento do consumo interno, em particular queijos, que absorver\u00e1 parte deste crescimento. No entanto, o excedente ser\u00e1 destinado ao mercado externo. Sendo assim, a previs\u00e3o \u00e9 de que a UE se transforme no maior exportador mundial de produtos l\u00e1cteos at\u00e9 2026, ficando \u00e0 frente da Nova Zel\u00e2ndia. Os pre\u00e7os dever\u00e3o continuar pressionados para baixo no curto prazo, diante dos elevados estoques de interven\u00e7\u00e3o do leite em p\u00f3 desnatado. A expectativa \u00e9 de que os pre\u00e7os fiquem acima de \u20ac 32\/100 kg na segunda metade do per\u00edodo de proje\u00e7\u00e3o, ou seja, entre 2021-2026. Apesar do atraso na chegada do aumento de pre\u00e7os. A CE estima que a rentabilidade das fazendas se manter\u00e3o est\u00e1veis gra\u00e7as ao menor custo da alimenta\u00e7\u00e3o animal. (Agrodigital - Tradu\u00e7\u00e3o livre: Terra Viva)<\/p>\n<p> <strong>Minist\u00e9rio da Agricultura negocia recursos externos para fortalecer defesa agropecu\u00e1ria<\/strong><\/p>\n<p> O Minist\u00e9rio da Agricultura, Pecu\u00e1ria e Abastecimento est\u00e1 negociando junto ao Minist\u00e9rio do Planejamento pedido de linha de cr\u00e9dito de R$ 1,2 bilh\u00e3o, junto ao Banco Mundial (Bird) ou ao Banco Interamericano de Desenvolvimento (BID). Os recursos ser\u00e3o destinados \u00e0 implementa\u00e7\u00e3o do Plano de Defesa Agropecu\u00e1ria.<\/p>\n<p> Segundo o secret\u00e1rio de Defesa Agropecu\u00e1ria, Luis Rangel, os recursos dever\u00e3o ser repassados em tr\u00eas parcelas anuais de R$ 400 milh\u00f5es. \u00c9 a primeira vez que o Mapa busca recursos internacionais para realizar projetos de estrutura\u00e7\u00e3o da defesa agropecu\u00e1ria.<\/p>\n<p> O dinheiro ser\u00e1 destinado ao fortalecimento dos laborat\u00f3rios oficiais; refor\u00e7o dos sistemas de defesa agropecu\u00e1ria; projetos de controle das moscas das frutas; gest\u00e3o das \u00e1reas de fronteira; programas de controle da aftosa, da peste su\u00edna cl\u00e1ssica e da tuberculose e brucelose bovinas. Tamb\u00e9m ser\u00e1 direcionado para a melhoria do Sistema de Vigil\u00e2ncia Agropecu\u00e1ria Internacional (Vigiagro) e a revis\u00e3o das normas da defesa agropecu\u00e1ria.<\/p>\n<p> Conforme Rangel \"esse \u00e9 o momento de novos investimentos na defesa, para que o Mapa fa\u00e7a frente aos desafios dos pr\u00f3ximos dez anos, entre eles o de ocupar 10% do mercado agr\u00edcola mundial\". (As informa\u00e7\u00f5es s\u00e3o do Mapa)<\/p>\n<p> <strong>Leite\/China<\/strong><\/p>\n<p> A satisfa\u00e7\u00e3o do cliente est\u00e1 caindo entre os consumidores de l\u00e1cteos chineses. De acordo com o \u00faltimo relat\u00f3rio de pesquisa nacional sobre as atitudes dos shoppers de leite l\u00edquido, o p\u00fablico est\u00e1 exigindo produtos de maior qualidade. Os resultados da pesquisa realizada pela Associa\u00e7\u00e3o Chinesa para Qualidade (CAQ), um monitor de normas, podem ser divididos nas principais \u00e1reas: satisfa\u00e7\u00e3o, formato e distribui\u00e7\u00e3o. A primeira diz respeito \u00e0 satisfa\u00e7\u00e3o, \u00e0 imagem de marca e \u00e0 qualidade percebida - cada uma das quais, segundo o relat\u00f3rio, diminuiu no \u00faltimo ano. Apesar desta tend\u00eancia declinante em opini\u00f5es ser apenas marginal, ainda deveria ser vista como aviso claro para os fabricantes de leite e fornecedores, escreveram os autores.<\/p>\n<p> De acordo com o CCM, analista do mercado chin\u00eas, os consumidores de leite s\u00e3o sens\u00edveis ao pre\u00e7o, embora, ao mesmo tempo deem cada vez mais valor \u00e0 qualidade e proveni\u00eancia e respondam pouco \u00e0 atividade promocional. Cada vez que os pre\u00e7os se elevam, consequentemente os n\u00edveis de satisfa\u00e7\u00e3o diminuem, detectou o CCM. O relat\u00f3rio tamb\u00e9m destacou o aumento da popularidade do leite fresco e do leite UHT. O UHT, em particular, ganhou apoiadores, porque seu processo de esteriliza\u00e7\u00e3o de alta temperatura garante aos consumidores temerosos que as bact\u00e9rias foram tratadas. Pouco mais de 30% do mercado prefere o leite UHT, constatou a pesquisa do CAQ, enquanto a segunda maior prefer\u00eancia pertence ao leite fresco, devido, principalmente, aos seus valores nutricionais em rela\u00e7\u00e3o ao leite processado.<\/p>\n<p> O terceiro ponto importante diz respeito a uma prefer\u00eancia consider\u00e1vel pelo leite l\u00edquido sobre o leite em p\u00f3, que os analistas relacionam \u00e0 consci\u00eancia das propriedades nutricionais do leite l\u00edquido. E o \u00faltimo lida com as prefer\u00eancias de distribui\u00e7\u00e3o: os supermercados ainda representam os lugares mais convenientes para a compra de leite. Segundo a pesquisa, quase 90% dos entrevistados preferiram supermercados, enquanto o com\u00e9rcio online foi respons\u00e1vel por apenas 2% do mercado de leite comprado. Lojas de conveni\u00eancia e entrega direta foram os segundo e terceiro canais mais populares ap\u00f3s as vendas nos supermercados.<\/p>\n<p> Como um defensor do potencial que o mercado de l\u00e1cteos da China tem para fornecedores de leite internacionais, o CCM disse que a mudan\u00e7a nas prefer\u00eancias dos consumidores tem criado novos mercados de l\u00e1cteos abertos para rec\u00e9m-chegados abastecerem. Estes mercados agiriam como um contrapeso para o baixo crescimento da demanda de leite l\u00edquido que a ind\u00fastria tem visto nos \u00faltimos anos, acrescentou. (Dairy Reporter - Tradu\u00e7\u00e3o Livre: Terra Viva)<\/p><\/div>\n<div style=\"text-align: justify;\">&nbsp;<\/div>\n<div style=\"text-align: left;\"><img decoding=\"async\" alt=\"\" src=\"http:\/\/cache.mail2easy.com.br\/i\/6186\/7\" style=\"text-align: center; font-size: 12px; width: 811px; height: 16px; font-family: verdana, geneva, sans-serif; display: block; margin-left: auto; margin-right: auto;\" \/><\/div>\n<div><em><strong><img decoding=\"async\" alt=\"\" src=\"http:\/\/cache.mail2easy.com.br\/i\/6186\/9\" style=\"font-size: 12px; width: 231px; height: 30px; font-family: verdana, geneva, sans-serif;\" \/><\/strong><\/em><\/div>\n<div>\n<div><em>Frase do dia<\/em><\/div>\n<div><em>\"Certos n\u00fameros e compara\u00e7\u00f5es financeiras feitos por ex-dirigentes de empresas e funda\u00e7\u00f5es n\u00e3o s\u00e3o comprovados por dados concretos, s\u00e3o apenas opini\u00f5es. A CEEE tem muitos milh\u00f5es em a\u00e7\u00f5es trabalhistas e tem previs\u00e3o de d\u00e9ficit de R$ 300 milh\u00f5es em 2017.\" Carlos B\u00farigo (PMDB), secret\u00e1rio-geral de Governo. (Jornal do Com\u00e9rcio)<\/em><\/div>\n<div><em><img decoding=\"async\" alt=\"\" src=\"http:\/\/cache.mail2easy.com.br\/i\/6186\/7\" style=\"text-align: justify; line-height: 13.5pt; font-size: 12px; width: 803px; height: 16px; font-family: verdana, geneva, sans-serif;\" \/><\/em><\/div>\n<\/p><\/div>\n<div style=\"text-align: center;\"><span style=\"font-family: Arial, Helvetica, sans-serif; font-size: 10px;\"><\/span><\/div>\n<\/p><\/div>\n<p> <center style=\"font-family: Arial,Helvetica,sans-serif; font-size: 10px;\"><center style=\"font-family: Arial,Helvetica,sans-serif; font-size: 10px;\"> <\/p>\n<p><span style=\"font-size: 12px;\"><span style=\"font-family: tahoma, geneva, sans-serif;\"><a href=\"%__optout%\" target=\"_BLANK\" style=\"font-family: Arial,Helvetica,sans-serif; font-size: 10px;\"><\/a><\/span><\/span><\/p>\n<p> <\/center><\/center><\/p>\n","protected":false},"excerpt":{"rendered":"<p>Porto Alegre, 21 de dezembro&nbsp;de 2016 . &nbsp; &nbsp; &nbsp; &nbsp; &nbsp; &nbsp; &nbsp; &nbsp; &nbsp; &nbsp; &nbsp; &nbsp; &nbsp; &nbsp; &nbsp; &nbsp; &nbsp; &nbsp; &nbsp; &nbsp; &nbsp; &nbsp; &nbsp; Ano 10- N\u00b0 2.415 &nbsp; \u200b\u200b Renegocia\u00e7\u00e3o das d\u00edvidas dos Estados sem contrapartidas passa na C\u00e2mara A C\u00e2mara dos Deputados aprovou ontem o projeto de <a href=\"https:\/\/www.sindilat.com.br\/site\/2016\/12\/21\/21-12-2016\/\" class=\"more-link\">...continuar lendo<span class=\"screen-reader-text\"> \"21\/12\/2016\"<\/span><\/a><\/p>\n","protected":false},"author":1,"featured_media":0,"comment_status":"open","ping_status":"open","sticky":false,"template":"","format":"standard","meta":{"ngg_post_thumbnail":0,"footnotes":""},"categories":[28],"tags":[],"class_list":{"0":"post-1368","1":"post","2":"type-post","3":"status-publish","4":"format-standard","6":"category-newsletter","7":"h-entry","8":"hentry","9":"h-as-article"},"_links":{"self":[{"href":"https:\/\/www.sindilat.com.br\/site\/wp-json\/wp\/v2\/posts\/1368","targetHints":{"allow":["GET"]}}],"collection":[{"href":"https:\/\/www.sindilat.com.br\/site\/wp-json\/wp\/v2\/posts"}],"about":[{"href":"https:\/\/www.sindilat.com.br\/site\/wp-json\/wp\/v2\/types\/post"}],"author":[{"embeddable":true,"href":"https:\/\/www.sindilat.com.br\/site\/wp-json\/wp\/v2\/users\/1"}],"replies":[{"embeddable":true,"href":"https:\/\/www.sindilat.com.br\/site\/wp-json\/wp\/v2\/comments?post=1368"}],"version-history":[{"count":0,"href":"https:\/\/www.sindilat.com.br\/site\/wp-json\/wp\/v2\/posts\/1368\/revisions"}],"wp:attachment":[{"href":"https:\/\/www.sindilat.com.br\/site\/wp-json\/wp\/v2\/media?parent=1368"}],"wp:term":[{"taxonomy":"category","embeddable":true,"href":"https:\/\/www.sindilat.com.br\/site\/wp-json\/wp\/v2\/categories?post=1368"},{"taxonomy":"post_tag","embeddable":true,"href":"https:\/\/www.sindilat.com.br\/site\/wp-json\/wp\/v2\/tags?post=1368"}],"curies":[{"name":"wp","href":"https:\/\/api.w.org\/{rel}","templated":true}]}}