{"id":1366,"date":"2016-12-20T18:44:41","date_gmt":"2016-12-20T18:44:41","guid":{"rendered":"http:\/\/www.sindilat.com.br\/site\/2016\/12\/20\/laticinios-avaliam-pacote-do-governo-sartori\/"},"modified":"2016-12-20T18:44:41","modified_gmt":"2016-12-20T18:44:41","slug":"laticinios-avaliam-pacote-do-governo-sartori","status":"publish","type":"post","link":"https:\/\/www.sindilat.com.br\/site\/2016\/12\/20\/laticinios-avaliam-pacote-do-governo-sartori\/","title":{"rendered":"Latic\u00ednios avaliam pacote do governo Sartori"},"content":{"rendered":"<p>Reunidos no final da manh\u00e3 desta ter\u00e7a-feira (20\/12), representantes dos principais latic\u00ednios que atuam no Rio Grande do Sul avaliaram o impacto do pacote de ajustes financeiros proposto pelo governo Jos\u00e9 Ivo Sartori. A principal medida de impacto no setor \u00e9 a aprova\u00e7\u00e3o do PL 214, que d\u00e1 a possibilidade de o governo cortar em at\u00e9 30% os cr\u00e9ditos presumidos concedidos ao setor laticinista. O projeto estava com o relator, deputado Elton Weber, para an\u00e1lise e teve debate retomado em fun\u00e7\u00e3o das propostas de ajustes emergenciais encaminhadas pelo Executivo. O presidente do Sindilat, Alexandre Guerra, argumentou que a retirada dos cr\u00e9ditos presumidos inviabiliza a produ\u00e7\u00e3o l\u00e1ctea no Rio Grande do Sul, uma vez que serve apenas como corre\u00e7\u00e3o de diferen\u00e7as fiscais com outros estados.<\/p>\n<p>&nbsp;<\/p>\n<figure><img decoding=\"async\" src=\"images\/DSC01845.JPG\" alt=\"\" \/><figcaption>Cr\u00e9dito: Carolina Jardine<\/figcaption><\/figure>\n<p>&nbsp;<\/p>\n","protected":false},"excerpt":{"rendered":"<p>Reunidos no final da manh\u00e3 desta ter\u00e7a-feira (20\/12), representantes dos principais latic\u00ednios que atuam no Rio Grande do Sul avaliaram o impacto do pacote de ajustes financeiros proposto pelo governo Jos\u00e9 Ivo Sartori. A principal medida de impacto no setor \u00e9 a aprova\u00e7\u00e3o do PL 214, que d\u00e1 a possibilidade de o governo cortar em <a href=\"https:\/\/www.sindilat.com.br\/site\/2016\/12\/20\/laticinios-avaliam-pacote-do-governo-sartori\/\" class=\"more-link\">...continuar lendo<span class=\"screen-reader-text\"> \"Latic\u00ednios avaliam pacote do governo Sartori\"<\/span><\/a><\/p>\n","protected":false},"author":1,"featured_media":0,"comment_status":"open","ping_status":"open","sticky":false,"template":"","format":"standard","meta":{"ngg_post_thumbnail":0,"footnotes":""},"categories":[18],"tags":[],"class_list":{"0":"post-1366","1":"post","2":"type-post","3":"status-publish","4":"format-standard","6":"category-noticias","7":"h-entry","8":"hentry","9":"h-as-article"},"_links":{"self":[{"href":"https:\/\/www.sindilat.com.br\/site\/wp-json\/wp\/v2\/posts\/1366","targetHints":{"allow":["GET"]}}],"collection":[{"href":"https:\/\/www.sindilat.com.br\/site\/wp-json\/wp\/v2\/posts"}],"about":[{"href":"https:\/\/www.sindilat.com.br\/site\/wp-json\/wp\/v2\/types\/post"}],"author":[{"embeddable":true,"href":"https:\/\/www.sindilat.com.br\/site\/wp-json\/wp\/v2\/users\/1"}],"replies":[{"embeddable":true,"href":"https:\/\/www.sindilat.com.br\/site\/wp-json\/wp\/v2\/comments?post=1366"}],"version-history":[{"count":0,"href":"https:\/\/www.sindilat.com.br\/site\/wp-json\/wp\/v2\/posts\/1366\/revisions"}],"wp:attachment":[{"href":"https:\/\/www.sindilat.com.br\/site\/wp-json\/wp\/v2\/media?parent=1366"}],"wp:term":[{"taxonomy":"category","embeddable":true,"href":"https:\/\/www.sindilat.com.br\/site\/wp-json\/wp\/v2\/categories?post=1366"},{"taxonomy":"post_tag","embeddable":true,"href":"https:\/\/www.sindilat.com.br\/site\/wp-json\/wp\/v2\/tags?post=1366"}],"curies":[{"name":"wp","href":"https:\/\/api.w.org\/{rel}","templated":true}]}}