{"id":1357,"date":"2016-12-13T09:09:00","date_gmt":"2016-12-13T09:09:00","guid":{"rendered":"http:\/\/www.sindilat.com.br\/site\/2016\/12\/13\/13-12-216\/"},"modified":"2016-12-13T09:09:00","modified_gmt":"2016-12-13T09:09:00","slug":"13-12-216","status":"publish","type":"post","link":"https:\/\/www.sindilat.com.br\/site\/2016\/12\/13\/13-12-216\/","title":{"rendered":"13\/12\/2016"},"content":{"rendered":"<p>&nbsp;<\/p>\n<div style=\"text-align: center;\"><a href=\"http:\/\/www.sindilat.com.br\" style=\"font-size: 12px; font-family: verdana, geneva, sans-serif;\"><img decoding=\"async\" alt=\"\" src=\"http:\/\/cache.mail2easy.com.br\/i\/6186\/5\" style=\"width: 643px; height: 82px;\" \/><\/a><\/div>\n<div style=\"text-align: center;\">\n<p><b style=\"font-family: tahoma, geneva, sans-serif; font-size: 12px;\"><i>Porto Alegre, 13 de dezembro<\/i><\/b><b style=\"font-family: tahoma, geneva, sans-serif; font-size: 12px;\"><i>&nbsp;de 2016 . &nbsp; &nbsp; &nbsp; &nbsp; &nbsp; &nbsp; &nbsp; &nbsp; &nbsp; &nbsp; &nbsp; &nbsp; &nbsp; &nbsp; &nbsp; &nbsp; &nbsp; &nbsp; &nbsp; &nbsp; &nbsp; &nbsp; &nbsp; Ano 10- N\u00b0 2.409<\/i><\/b><\/p>\n<p class=\"MsoNormal\">&nbsp;<\/p>\n<p class=\"MsoNormal\"><span style=\"font-size: 12px;\"><span style=\"font-family: tahoma, geneva, sans-serif;\"><img decoding=\"async\" border=\"0\" src=\"http:\/\/cache.mail2easy.com.br\/i\/6186\/6\" \/><\/span><\/span><\/p>\n<p class=\"MsoNormal\"><img decoding=\"async\" alt=\"\" src=\"http:\/\/cache.mail2easy.com.br\/i\/6186\/7\" style=\"text-align: justify; font-size: 12px; width: 811px; height: 16px; font-family: verdana, geneva, sans-serif;\" \/><\/p>\n<div style=\"text-align: justify;\"><strong><span style=\"text-decoration: underline;\"><span style=\"font-size: 12px;\"><span style=\"font-family: tahoma, geneva, sans-serif;\"><img decoding=\"async\" alt=\"\" src=\"http:\/\/cache.mail2easy.com.br\/i\/6186\/8\" style=\"width: 53px; height: 34px; float: left;\" \/><\/span><\/span><\/span><\/strong><\/div>\n<div style=\"text-align: justify;\"><strong>\u200b\u200b &nbsp; Doa\u00e7\u00e3o e apresenta\u00e7\u00e3o teatral marcam a\u00e7\u00e3o de Natal<\/strong><\/p>\n<p> O Sindicato da Ind\u00fastria de Latic\u00ednios do RS (Sindilat) realizou, nesta segunda e ter\u00e7a-feira (12 e 13 \/12), a\u00e7\u00e3o de Natal em parceria com o Gabinete da Primeira Dama Maria Helena Sartori. A atividade incluiu projeto recreativo e doa\u00e7\u00e3o de achocolatados, al\u00e9m de alimentos que ser\u00e3o destinados para a ceia das mais de 300 crian\u00e7as que residem nos abrigos ligados \u00e0 Funda\u00e7\u00e3o de Prote\u00e7\u00e3o Especial (FPE). A a\u00e7\u00e3o contou com apoio da Fetag, Farsul, Secretaria da Agricultura, Minist\u00e9rio da Agricultura, Fundesa e das empresas CCGL, Santa Clara e Italac.&nbsp;<\/p>\n<p> Neste ano, al\u00e9m de queijo e leite condensado para confec\u00e7\u00e3o de quitutes para a Noite de Natal, o Sindilat tamb\u00e9m articulou a doa\u00e7\u00e3o de aves natalinas para as casas. A entrega das doa\u00e7\u00f5es foi realizada na tarde desta ter\u00e7a-feira (13\/12) no Abrigo Residencial de Ipanema, Zona Sul de Porto Alegre.&nbsp;<\/p>\n<p> Comovido pela emo\u00e7\u00e3o das crian\u00e7as e adultos que acompanharam a solenidade, o presidente do Sindilat, Alexandre Guerra, fez entrega simb\u00f3lica \u00e0 primeira-dama dos kits infantis que, al\u00e9m de achocolatados e bebidas l\u00e1cteas continham as revistinhas Pedrinho &amp; Lis, desenvolvidas pelo projeto Leite na Escola. As casas de acolhimento tamb\u00e9m receberam vaquinhas de pel\u00facia para garantir a recrea\u00e7\u00e3o das crian\u00e7as. Em seguida, foi a vez do Papai Noel fazer a festa, recendo abra\u00e7o de crian\u00e7as e adultos. Ap\u00f3s a distribui\u00e7\u00e3o dos presentes, o Sindilat proporcionou a apresenta\u00e7\u00e3o da pe\u00e7a teatral \"Mimosa\", que conta os dilemas da uma vaca leiteira que faz \"greve de leite\" porque todos acham que o alimento vem da caixinha. \"Fizemos essa a\u00e7\u00e3o com muito prazer. \u00c9 um orgulho contribuir para que essas crian\u00e7as tenham um momento l\u00fadico diferenciado. Com ela ainda replicamos, em Porto Alegre, a\u00e7\u00f5es que muitas das empresas associadas ao Sindilat j\u00e1 realizam em seus munic\u00edpios de origem\".<\/p>\n<p> A a\u00e7\u00e3o de Natal do Sindilat foi realizada em quatro apresenta\u00e7\u00f5es e recebeu mais de 300 pessoas. \"Ao ver o olhar das crian\u00e7as e os sorrisos com a chegada do Papai Noel temos certeza que todo o esfor\u00e7o \u00e9 v\u00e1lido. A gente s\u00f3 tem a agradecer \u00e0s pessoas que se envolvem e que trabalham para que as coisas realmente aconte\u00e7am\", agradeceu Maria Helena Sartori. Gratid\u00e3o tamb\u00e9m expressa pelo presidente da Funda\u00e7\u00e3o, Jos\u00e9 Luis Borbosa. \"Temos o Sindilat como nosso parceiro de longa data e, mais uma vez, podemos contar com as doa\u00e7\u00f5es de latic\u00ednios no Natal 2016. \u00c9 um exemplo de como a iniciativa privada atrav\u00e9s de uma entidade sindical cumpre um papel social de complementar a receita or\u00e7ament\u00e1ria que o Estado hoje n\u00e3o tem\", frisou.&nbsp;<\/p>\n<p> A diretora do N\u00facleo de Abrigo Residencial (NAR) Ipanema, Santa Pacheco, agradeceu pela oportunidade cultural. Segundo ela, al\u00e9m dos alimentos, a pe\u00e7a teatral \"foi uma oportunidade de recrea\u00e7\u00e3o e cultura\" dentro do abrigo que, atualmente conta com 74 crian\u00e7as acolhidas. A diretora do NAR da Zona Leste, Vitiana Witti, avaliou a import\u00e2ncia da iniciativa no imagin\u00e1rio infantil. \"\u00c9 muito prop\u00edcio que se tenha a\u00e7\u00f5es assim nesta \u00e9poca do ano. Elas tiram o foco das crian\u00e7as que est\u00e3o no acolhimento\", afirma. A diretora parabenizou ainda a maneira como o Sindilat prop\u00f5e o incentivo do consumo do leite. \"\u00c9 uma alimenta\u00e7\u00e3o pr\u00f3pria para as crian\u00e7as, e o teatro \u00e9 uma maneira l\u00fadica e positiva de ensin\u00e1-las sobre a import\u00e2ncia de beber leite\".&nbsp;<span style=\"text-align: justify;\">(Assessoria de Imprensa Sindilat)<\/span><\/div>\n<div style=\"text-align: justify;\">&nbsp;<\/div>\n<div style=\"text-align: justify;\">&nbsp;<\/div>\n<div><img decoding=\"async\" alt=\"\" src=\"http:\/\/cache.mail2easy.com.br\/i\/6186\/2055\" style=\"height: 266px; width: 400px;\" \/><\/div>\n<div style=\"text-align: justify;\">&nbsp;<img decoding=\"async\" alt=\"\" src=\"http:\/\/cache.mail2easy.com.br\/i\/6186\/2056\" style=\"height: 300px; width: 400px;\" \/>&nbsp;&nbsp;<img decoding=\"async\" alt=\"\" src=\"http:\/\/cache.mail2easy.com.br\/i\/6186\/2057\" style=\"width: 400px; height: 300px;\" \/><\/div>\n<div style=\"text-align: justify;\">&nbsp;<\/div>\n<div><img decoding=\"async\" alt=\"\" src=\"http:\/\/cache.mail2easy.com.br\/i\/6186\/7\" style=\"font-size: 12px; width: 811px; height: 16px; font-family: verdana, geneva, sans-serif;\" \/><\/div>\n<div style=\"text-align: justify;\">&nbsp;<\/div>\n<div style=\"text-align: justify;\"><strong>Fiergs alerta para impacto de greve dos fiscais aduaneiros<br \/> &nbsp;<\/strong><br \/> O avan\u00e7o na greve dos fiscais aduaneiros tem preocupado as autoridades ligadas ao setor industrial, especialmente aqueles que contratos de exporta\u00e7\u00e3o e importa\u00e7\u00e3o. Diante desse panorama, a Federa\u00e7\u00e3o das Ind\u00fastrias do Rio Grande do Sul (Fiergs), por meio do Conselho de Rela\u00e7\u00f5es Internacionais e Com\u00e9rcio Exterior (CONCEX), comunicou em reuni\u00e3o com associados, entre eles o Sindicato da Ind\u00fastria de Latic\u00ednios (Sindilat), na segunda-feira (12\/12), o ingresso na Justi\u00e7a para tentar amenizar os transtornos aos empres\u00e1rios e a intensifica\u00e7\u00e3o de contato junto ao governo federal.<\/div>\n<div style=\"text-align: justify;\"> A medida deve-se ao fato de que se a greve avan\u00e7ar poder\u00e1 trazer reflexos econ\u00f4micos e sociais grandes aos exportadores e importadores. Segundo o coordenador do CONCEX, Cezar Luiz M\u00fcller, a situa\u00e7\u00e3o j\u00e1 tem causado alerta desde julho, quando os profissionais iniciaram mobiliza\u00e7\u00e3o fazendo opera\u00e7\u00f5es padr\u00f5es. &nbsp;\"As informa\u00e7\u00f5es que recebemos \u00e9 que com a greve, todos os produtos entrariam diretamente no canal vermelho (onde a fiscaliza\u00e7\u00e3o \u00e9 mais ampla e demorada). Se isso se confirmar, os impactos ser\u00e3o imensur\u00e1veis\", alertou.&nbsp;<\/div>\n<div style=\"text-align: justify;\"> Na reuni\u00e3o, foi aconselhado que as empresas que venham a ter preju\u00edzos relacionados \u00e0 greve dos auditores entrem em contato com o Conselho por e-mail concex@fiergs.org.br ou do telefone (51) 3347.8790. Com o objetivo de avaliar o impacto da greve dos auditores-fiscais da Receita Federal do Brasil e a consequente paralisa\u00e7\u00e3o nas aduanas, a FIERGS, atrav\u00e9s do Conselho de Rela\u00e7\u00f5es Internacionais e Com\u00e9rcio Exterior, tamb\u00e9m disponibilizou uma pesquisa online. O preenchimento pode ser feito at\u00e9 quarta-feira (14\/12), \u00e0s 17h, pelo link <a href=\"https:\/\/goo.gl\/forms\/jpMqMngTXDEuMBW22\">https:\/\/goo.gl\/forms\/jpMqMngTXDEuMBW22<\/a>. (Assessoria de Imprensa Sindilat)<\/div>\n<div style=\"text-align: justify;\">&nbsp;<\/div>\n<div style=\"text-align: justify;\">&nbsp;<\/div>\n<div style=\"text-align: justify;\">\n<div style=\"text-align: justify;\"><img decoding=\"async\" alt=\"\" src=\"http:\/\/cache.mail2easy.com.br\/i\/6186\/2052\" style=\"width: 400px; height: 257px;\" \/><\/div>\n<div style=\"text-align: justify;\"><em>Cr\u00e9dito foto: Dudu Leal<\/em><\/div>\n<div style=\"text-align: justify;\">&nbsp;<\/div>\n<div style=\"text-align: justify;\">&nbsp;<\/div>\n<p> <strong>Sindilat presente na final do Ideas For Milk<\/strong><\/p>\n<p> A grande final do pr\u00eamio Ideas For Milk acontece nessa ter\u00e7a-feira (13\/12) na sede da Embrapa, em Bras\u00edlia (DF). O Sindicato da Ind\u00fastria dos Latic\u00ednios do RS (Sindilat\/RS) integra a equipe de julgamento, representado pelo diretor Raul Amaral. O Sindilat tamb\u00e9m participou da etapa de Porto Alegre, em novembro. Segundo Amaral, o trabalho da Embrapa \u00e9 muito importante para a \u00e1rea produtiva do leite. \"Projetos desse tipo s\u00e3o uma possibilidade de mostrar o grande potencial do mercado, al\u00e9m de apresentar todas as pessoas que se envolvem nas diferentes etapas de produ\u00e7\u00e3o do leite, a aqueles que n\u00e3o se envolvem com a cadeia, como os profissionais da tecnologia da informa\u00e7\u00e3o\", afirma. O dirigente ainda citou as empresas investidoras em startups presentes na ocasi\u00e3o, que criam chances concretas para que os projetos sejam levados \u00e0 frente. Com v\u00e1rios temas selecionados, como ind\u00fastria, nutri\u00e7\u00e3o e sanidade animal, sistema de coleta de leite e qualidade final dos produtos, o diretor espera que o trabalho vencedor realmente fa\u00e7a a diferen\u00e7a no setor l\u00e1cteo.<br \/> &nbsp; &nbsp; &nbsp; &nbsp; &nbsp; &nbsp; &nbsp; &nbsp; &nbsp; &nbsp; &nbsp; &nbsp; &nbsp; &nbsp; &nbsp; &nbsp; &nbsp; &nbsp; &nbsp; &nbsp; &nbsp; &nbsp; &nbsp; &nbsp; &nbsp; &nbsp; &nbsp; &nbsp; &nbsp; &nbsp; &nbsp; &nbsp; &nbsp; &nbsp; &nbsp; &nbsp; &nbsp; &nbsp; &nbsp; &nbsp; &nbsp; &nbsp; &nbsp; &nbsp; &nbsp; &nbsp; &nbsp; &nbsp;&nbsp;<br \/> Em busca de inova\u00e7\u00f5es, a competi\u00e7\u00e3o visa selecionar neg\u00f3cios lucrativos relacionados a startups novas ou em desenvolvimento voltadas ao setor l\u00e1cteo. O objetivo final dos empreendimentos deve ser a busca de solu\u00e7\u00f5es que ampliem a efici\u00eancia da cadeia produtiva do leite. Ao todo, s\u00e3o oito projetos que concorrem na final. O vencedor ser\u00e1 divulgado at\u00e9 o final do dia. (Assessoria de Imprensa Sindilat)<\/div>\n<div style=\"text-align: justify;\">&nbsp;<\/div>\n<div style=\"text-align: justify;\"><img decoding=\"async\" alt=\"\" src=\"http:\/\/cache.mail2easy.com.br\/i\/6186\/2054\" style=\"height: 300px; width: 400px;\" \/>&nbsp;&nbsp;<img decoding=\"async\" alt=\"\" src=\"http:\/\/cache.mail2easy.com.br\/i\/6186\/2053\" style=\"width: 400px; height: 300px;\" \/><\/div>\n<div style=\"text-align: justify;\">&nbsp;<\/div>\n<div style=\"text-align: justify;\">&nbsp;<\/div>\n<div style=\"text-align: justify;\"><strong>Conseleite\/PR<\/strong><\/p>\n<p> A diretoria do Conseleite-Paran\u00e1 reunida no dia 13 de Dezembro de 2016 na sede da FAEP na cidade de Curitiba, atendendo os dispositivos disciplinados no Cap\u00edtulo II do T\u00edtulo II do seu Regulamento, aprova e divulga os valores de refer\u00eancia para a mat\u00e9ria-prima leite realizados em Novembro de 2016 e a proje\u00e7\u00e3o dos valores de refer\u00eancia para o m\u00eas de Dezembro 2016, calculados por metodologia definida pelo Conseleite-Paran\u00e1, a partir dos pre\u00e7os m\u00e9dios e do mix de comercializa\u00e7\u00e3o dos derivados l\u00e1cteos praticados pelas empresas participantes.<\/p><\/div>\n<div style=\"text-align: justify;\"> Os valores de refer\u00eancia indicados nesta resolu\u00e7\u00e3o para a mat\u00e9ria-prima leite denominada \"Leite Padr\u00e3o\", se refere ao leite analisado que cont\u00e9m 3,50% de gordura, 3,10% de prote\u00edna, 400 mil c\u00e9lulas som\u00e1ticas \/ml e 300 mil ufc\/ml de contagem bacteriana. Para o leite pasteurizado o valor projetado para o m\u00eas de Dezembro de 2016 \u00e9 de R$ 2,2769\/litro. Visando apoiar pol\u00edticas de pagamento da mat\u00e9ria-prima leite conforme a qualidade, o Conseleite-Paran\u00e1 disponibiliza um simulador para o c\u00e1lculo de valores de refer\u00eancia para o leite analisado em fun\u00e7\u00e3o de seus teores de gordura, prote\u00edna, contagem de c\u00e9lulas som\u00e1ticas e contagem bacteriana. O simulador est\u00e1 dispon\u00edvel no seguinte endere\u00e7o eletr\u00f4nico: www.conseleitepr.com.br. (Conseleite PR)<\/p>\n<p> <img decoding=\"async\" alt=\"\" src=\"http:\/\/cache.mail2easy.com.br\/i\/6186\/2051\" style=\"text-align: justify; width: 490px; height: 126px;\" \/><\/div>\n<div style=\"text-align: justify;\">&nbsp;<\/div>\n<div style=\"text-align: justify;\"> <strong>Conseleite\/MS&nbsp;<\/strong><\/p>\n<p> A diretoria do Conseleite - Mato Grosso do Sul reunida no dia 09 de dezembro de 2016, aprova e divulga os valores de refer\u00eancia para a mat\u00e9ria-prima, referente ao leite entregue no m\u00eas de novembro de 2016 e a proje\u00e7\u00e3o dos valores de refer\u00eancia para leite a ser entregue no m\u00eas de dezembro de 2016. Os valores divulgados compreendem os pre\u00e7os de refer\u00eancia para o leite padr\u00e3o levando em conta o volume m\u00e9dio mensal de leite entregue pelo produtor. (Famasul)&nbsp;<\/p>\n<p> <img decoding=\"async\" alt=\"\" src=\"http:\/\/cache.mail2easy.com.br\/i\/6186\/2050\" \/>&nbsp;<\/div>\n<div style=\"text-align: justify;\">&nbsp;<\/div>\n<div style=\"text-align: left;\"><img decoding=\"async\" alt=\"\" src=\"http:\/\/cache.mail2easy.com.br\/i\/6186\/7\" style=\"text-align: center; font-size: 12px; width: 811px; height: 16px; font-family: verdana, geneva, sans-serif; display: block; margin-left: auto; margin-right: auto;\" \/><\/div>\n<div><em><strong><img decoding=\"async\" alt=\"\" src=\"http:\/\/cache.mail2easy.com.br\/i\/6186\/9\" style=\"font-size: 12px; width: 231px; height: 30px; font-family: verdana, geneva, sans-serif;\" \/><\/strong><\/em><\/div>\n<div><em>Frase do dia<br \/> \"Podemos pegar atalhos. Mas esses atalhos podem n\u00e3o nos levar aonde queremos\"<br \/> Da presidente do BNDES, Maria S\u00edlvia Marques, ao advertir para a ansiedade por solu\u00e7\u00e3o r\u00e1pida que<br \/> traga de volta o crescimento. (Valor Econ\u00f4mico)<\/em><\/div>\n<div><em><img decoding=\"async\" alt=\"\" src=\"http:\/\/cache.mail2easy.com.br\/i\/6186\/7\" style=\"text-align: justify; line-height: 13.5pt; font-size: 12px; width: 803px; height: 16px; font-family: verdana, geneva, sans-serif;\" \/><\/em><\/div>\n<div style=\"text-align: center;\">&nbsp;<\/div>\n<\/p><\/div>\n","protected":false},"excerpt":{"rendered":"<p>&nbsp; Porto Alegre, 13 de dezembro&nbsp;de 2016 . &nbsp; &nbsp; &nbsp; &nbsp; &nbsp; &nbsp; &nbsp; &nbsp; &nbsp; &nbsp; &nbsp; &nbsp; &nbsp; &nbsp; &nbsp; &nbsp; &nbsp; &nbsp; &nbsp; &nbsp; &nbsp; &nbsp; &nbsp; Ano 10- N\u00b0 2.409 &nbsp; \u200b\u200b &nbsp; Doa\u00e7\u00e3o e apresenta\u00e7\u00e3o teatral marcam a\u00e7\u00e3o de Natal O Sindicato da Ind\u00fastria de Latic\u00ednios do RS (Sindilat) <a href=\"https:\/\/www.sindilat.com.br\/site\/2016\/12\/13\/13-12-216\/\" class=\"more-link\">...continuar lendo<span class=\"screen-reader-text\"> \"13\/12\/2016\"<\/span><\/a><\/p>\n","protected":false},"author":1,"featured_media":0,"comment_status":"open","ping_status":"open","sticky":false,"template":"","format":"standard","meta":{"ngg_post_thumbnail":0,"footnotes":""},"categories":[28],"tags":[],"class_list":{"0":"post-1357","1":"post","2":"type-post","3":"status-publish","4":"format-standard","6":"category-newsletter","7":"h-entry","8":"hentry","9":"h-as-article"},"_links":{"self":[{"href":"https:\/\/www.sindilat.com.br\/site\/wp-json\/wp\/v2\/posts\/1357","targetHints":{"allow":["GET"]}}],"collection":[{"href":"https:\/\/www.sindilat.com.br\/site\/wp-json\/wp\/v2\/posts"}],"about":[{"href":"https:\/\/www.sindilat.com.br\/site\/wp-json\/wp\/v2\/types\/post"}],"author":[{"embeddable":true,"href":"https:\/\/www.sindilat.com.br\/site\/wp-json\/wp\/v2\/users\/1"}],"replies":[{"embeddable":true,"href":"https:\/\/www.sindilat.com.br\/site\/wp-json\/wp\/v2\/comments?post=1357"}],"version-history":[{"count":0,"href":"https:\/\/www.sindilat.com.br\/site\/wp-json\/wp\/v2\/posts\/1357\/revisions"}],"wp:attachment":[{"href":"https:\/\/www.sindilat.com.br\/site\/wp-json\/wp\/v2\/media?parent=1357"}],"wp:term":[{"taxonomy":"category","embeddable":true,"href":"https:\/\/www.sindilat.com.br\/site\/wp-json\/wp\/v2\/categories?post=1357"},{"taxonomy":"post_tag","embeddable":true,"href":"https:\/\/www.sindilat.com.br\/site\/wp-json\/wp\/v2\/tags?post=1357"}],"curies":[{"name":"wp","href":"https:\/\/api.w.org\/{rel}","templated":true}]}}