{"id":13135,"date":"2023-11-13T19:44:51","date_gmt":"2023-11-13T19:44:51","guid":{"rendered":"https:\/\/www.sindilat.com.br\/site\/?p=13135"},"modified":"2023-11-13T19:50:38","modified_gmt":"2023-11-13T19:50:38","slug":"13-11-2023","status":"publish","type":"post","link":"https:\/\/www.sindilat.com.br\/site\/2023\/11\/13\/13-11-2023\/","title":{"rendered":"13\/11\/2023"},"content":{"rendered":"<p><img loading=\"lazy\" decoding=\"async\" class=\"\" style=\"text-align: justify; font-size: 1rem;\" src=\"https:\/\/dl.dnzdns.com\/v\/uuURf8ABF0257\" alt=\"Newsletter Sindilat_RS\" width=\"1159\" height=\"207\"><\/p>\n<div id=\"icpbravoaccess_loaded\">\n<div id=\"icpbravoaccess_loaded\">\n<div id=\"icpbravoaccess_loaded\">\n<p style=\"text-align: justify;\">Porto Alegre, 13 de novembro de 2023&nbsp; &nbsp; &nbsp; &nbsp; &nbsp; &nbsp; &nbsp; &nbsp; &nbsp; &nbsp; &nbsp; &nbsp; &nbsp; &nbsp; &nbsp; &nbsp; &nbsp; &nbsp; &nbsp; &nbsp; &nbsp; &nbsp; &nbsp; &nbsp;Ano 17 - N\u00b0 4.022<\/p>\n<\/div>\n<\/div>\n<\/div>\n<hr>\n<div style=\"text-align: justify;\">\n<div><b>Metas para redu\u00e7\u00e3o dos gases do efeito estufa at\u00e9 2030 s\u00e3o apresentadas em F\u00f3rum<\/b><\/div>\n<div>As metas at\u00e9 2030 para o controle das emiss\u00f5es de gases do efeito estufa (GEE) no setor agropecu\u00e1rio ga\u00facho foram apresentadas na tarde de hoje (08\/11) em evento realizado no audit\u00f3rio do Minist\u00e9rio P\u00fablico Estadual, em Porto Alegre.<\/div>\n<div>&nbsp;<\/div>\n<div>O engenheiro florestal da Secretaria da Agricultura, Pecu\u00e1ria, Produ\u00e7\u00e3o Sustent\u00e1vel e Irriga\u00e7\u00e3o (Seapi), Jackson Brilhante, coordenador do Comit\u00ea Gestor do Plano ABC+RS, apresentou os objetivos do Plano no 4\u00ba F\u00f3rum Institucional de Mudan\u00e7as Clim\u00e1ticas de Economia de Baixo Carbono, organizado pelo Minist\u00e9rio P\u00fablico do Rio Grande do Sul e Instituto Latino Americano de Desenvolvimento Econ\u00f4mico Sustent\u00e1vel (ILADES).<\/div>\n<div>&nbsp;<\/div>\n<div>O principal objetivo do Plano \u00e9 promover a adapta\u00e7\u00e3o \u00e0s mudan\u00e7as do clima, com aumento de efici\u00eancia e resili\u00eancia dos sistemas produtivos, considerando uma gest\u00e3o integrada da paisagem rural. De acordo com Jackson, s\u00e3o oito as metas previstas para est\u00edmulo \u00e0 ado\u00e7\u00e3o de sistemas, pr\u00e1ticas, produtos e processos de produ\u00e7\u00e3o sustent\u00e1vel. S\u00e3o elas:<\/div>\n<div>&nbsp;<\/div>\n<div>\u25cf Ampliar em 1,43 milh\u00f5es de hectares as \u00e1reas com ado\u00e7\u00e3o de Pr\u00e1ticas para Recupera\u00e7\u00e3o de Pastagens Degradadas (PRPD);<\/div>\n<div>\u25cf Ampliar em 600 mil hectares a \u00e1rea com ado\u00e7\u00e3o de Sistema de Plantio Direto;<\/div>\n<div>\u25cf Ampliar em 1,005 milh\u00e3o de hectares a \u00e1rea com ado\u00e7\u00e3o de Sistemas de Integra\u00e7\u00e3o, sendo 1 milh\u00e3o de hectares referentes a Sistema de Integra\u00e7\u00e3o Lavoura-Pecu\u00e1ria-Floresta e 5 mil hectares referentes a Sistemas Agroflorestais (10% da meta nacional, com maior percentual);<\/div>\n<div>\u25cf Ampliar em 322 mil de hectares a \u00e1rea com ado\u00e7\u00e3o de florestas plantadas;<\/div>\n<div>\u25cf Ampliar em 1 milh\u00e3o de hectares a \u00e1rea com ado\u00e7\u00e3o de bioinsumos;<\/div>\n<div>\u25cf Ampliar em 216 mil hectares a \u00e1rea com ado\u00e7\u00e3o de Sistemas Irrigados;<\/div>\n<div>\u25cf Ampliar em 11,8 milh\u00f5es de metros c\u00fabicos a ado\u00e7\u00e3o de manejo de res\u00edduos da produ\u00e7\u00e3o animal;<\/div>\n<div>\u25cf Ampliar em 200 mil os bovinos em termina\u00e7\u00e3o intensiva.<\/div>\n<div>&nbsp;<\/div>\n<div>\u201cSe atingirmos as metas, teremos uma expans\u00e3o de 4,6 milh\u00f5es de hectares com agricultura de baixo carbono at\u00e9 2030 e a mitiga\u00e7\u00e3o de 75 milh\u00f5es de di\u00f3xido de carbono equivalente (tCO2eq) com a ado\u00e7\u00e3o destas pr\u00e1ticas agr\u00edcolas\u201d, afirma Jackson.<\/div>\n<div>&nbsp;<\/div>\n<div>As federa\u00e7\u00f5es ga\u00fachas que assinaram o protocolo de inten\u00e7\u00f5es do Plano de Descarboniza\u00e7\u00e3o das Cadeias Produtivas do Rio Grande do Sul, em maio deste ano, foram a Federa\u00e7\u00e3o da Agricultura do Estado do Rio Grande do Sul (Farsul), a Federa\u00e7\u00e3o dos Trabalhadores na Agricultura no Rio Grande do Sul (Fetag), a Federa\u00e7\u00e3o do Com\u00e9rcio de Bens e de Servi\u00e7os do Estado do RS (Fecom\u00e9rcio-RS) e a Federa\u00e7\u00e3o das Associa\u00e7\u00f5es de Munic\u00edpios do Rio Grande do Sul (Famurs). (SEAPI)<\/div>\n<\/div>\n<hr>\n<div style=\"text-align: justify;\"><b>EMATER\/RS: Informativo Conjuntural 1788<br \/>\n<\/b><br \/>\nBOVINOCULTURA DE LEITEA bovinocultura de leite enfrenta desafios sazonais em rela\u00e7\u00e3o \u00e0 disponibilidade de pastagens. As pastagens perenes de ver\u00e3o desempenham um papel importante ao fornecer forragem durante a primavera, embora as condi\u00e7\u00f5es clim\u00e1ticas adversas, como restri\u00e7\u00e3o de radia\u00e7\u00e3o solar e excesso de chuvas, tenham afetado seu crescimento recentemente. No entanto, tanto essas pastagens quanto o campo nativo tiveram um aumento na mat\u00e9ria seca. A produ\u00e7\u00e3o de leite manteve \u00edndices aceit\u00e1veis, mas houve necessidade de suplementa\u00e7\u00e3o alimentar para conservar o rebanho em estado adequado. Houve necessidade de aumento nas a\u00e7\u00f5es de controle de ectoparasitos, al\u00e9m de manejo para tratamento de casos de Tristeza Parasit\u00e1ria Bovina (TPB).&nbsp;Na regi\u00e3o administrativa da Emater\/RS-Ascar de Bag\u00e9, em Manoel Viana, alguns produtores observaram ligeira redu\u00e7\u00e3o na produ\u00e7\u00e3o de leite devido \u00e0s condi\u00e7\u00f5es clim\u00e1ticas adversas e ao fim do ciclo das pastagens anuais de inverno. No munic\u00edpio de Bag\u00e9, a produ\u00e7\u00e3o se mant\u00e9m est\u00e1vel, e os animais est\u00e3o em boas condi\u00e7\u00f5es corporais em fun\u00e7\u00e3o do ambiente clim\u00e1tico, que proporciona conforto adequado. Contudo, os produtores relatam maior incid\u00eancia de carrapatos no rebanho.&nbsp;Em S\u00e3o Gabriel, o campo nativo com rebrotes novos est\u00e1 oferecendo suporte adequado para as matrizes em lacta\u00e7\u00e3o.&nbsp;<\/div>\n<div style=\"text-align: justify;\">\n<p>&nbsp;<\/p>\n<p>Na de Caxias do Sul, a sanidade dos rebanhos continua est\u00e1vel; as temperaturas amenas e a baixa umidade do ar contribuem para o bem-estar das vacas em lacta\u00e7\u00e3o.&nbsp;<\/p>\n<p>J\u00e1 na de Erechim, as chuvas intensas dificultaram o manejo do rebanho em virtude da forma\u00e7\u00e3o de \u00e1reas lamacentas nos piquetes, corredores e arredores das instala\u00e7\u00f5es.&nbsp;<\/p>\n<p>Na de Iju\u00ed, o prolongado per\u00edodo de alta umidade prejudicou o manejo e a sanitiza\u00e7\u00e3o dos animais em virtude do ac\u00famulo de barro, que interfere na locomo\u00e7\u00e3o dos bovinos e aumenta a exposi\u00e7\u00e3o dos tetos e do \u00fabere \u00e0 contamina\u00e7\u00e3o.&nbsp;<\/p>\n<p>Na de Porto Alegre, houve registro da ocorr\u00eancia de casos de TPB, para os quais foram adotadas as medidas sanit\u00e1rias adequadas e tratamentos espec\u00edficos.<\/p>\n<p>Na de Pelotas, houve registro de redu\u00e7\u00e3o na produ\u00e7\u00e3o de leite em algumas \u00e1reas devido ao vazio forrageiro. A maioria dos dias tem apresentado condi\u00e7\u00f5es favor\u00e1veis para o pastejo a campo. Seguem as preocupa\u00e7\u00f5es em rela\u00e7\u00e3o \u00e0s infesta\u00e7\u00f5es de carrapatos, que encontram condi\u00e7\u00f5es clim\u00e1ticas prop\u00edcias para seu desenvolvimento.&nbsp;<\/p>\n<p>Na de Santa Rosa,a ocorr\u00eancia de dias ensolarados permitiu que os animais permanecessem mais tempo nas pastagens, resultando em um leve incremento na produ\u00e7\u00e3o e na redu\u00e7\u00e3o do estresse dos animais. Adicionalmente, esses per\u00edodos de sol proporcionaram condi\u00e7\u00f5es de trabalho mais favor\u00e1veis para os produtores.&nbsp;<\/p>\n<p>Na de Soledade, as pastagens de inverno encerraram seu ciclo, permitindo o plantio de pastagens de ver\u00e3o, como milheto e sud\u00e3o, especialmente em \u00e1reas com menor pluviosidade na regi\u00e3o do Baixo Vale do Rio Pardo. O crescimento do milho para silagem precoce foi prejudicado, sinalizando poss\u00edvel redu\u00e7\u00e3o na produ\u00e7\u00e3o. (EMATER)<\/p>\n<p><b>Nova escola oferece op\u00e7\u00f5es de qualifica\u00e7\u00e3o no agro<br \/>\n<\/b><br \/>\nCampus de Agroneg\u00f3cio constru\u00eddo pela Atitus Educa\u00e7\u00e3o ser\u00e1 aberto em Passo Fundo no in\u00edcio do ano letivo de 2024 e faz parte da estrat\u00e9gia de reposicionamento da marca de Ensino Superior, com investimento de R$ 100 milh\u00f5es<\/p>\n<p>Impulsionada por uma demanda crescente de qualifica\u00e7\u00e3o na agropecu\u00e1ria, a Atitus Educa\u00e7\u00e3o, institui\u00e7\u00e3o de Ensino Superior que em 2024 completa duas d\u00e9cadas de exist\u00eancia, inicia o projeto de reposicionamento de suas unidades abrindo as portas da Escola de Agroneg\u00f3cio, em Passo Fundo, no in\u00edcio do pr\u00f3ximo ano letivo, em mar\u00e7o. Hoje, a institui\u00e7\u00e3o j\u00e1 atende 400 estudantes nos dois cursos, que frequentavam aulas no campus Santa Terezinha da Atitus, no mesmo munic\u00edpio. De acordo com o presidente do complexo educacional, Eduardo Capellari, R$ 100 milh\u00f5es est\u00e3o sendo gastos para reposicionar as escolas. \u201cNossa perspectiva \u00e9 chegar, em quatro anos, a cerca de 900 a 1 mil alunos matriculados\u201d, diz ele.<\/p>\n<p>O executivo ressalta que mais do que apresentar um campus novo, em uma \u00e1rea de 40 hectares, inspirado no conceito de fazenda inteligente, a Atitus pretende praticar um novo ecossistema de educa\u00e7\u00e3o superior com foco em tecnologia, mercado de trabalho e empreendedorismo. A escolha de Passo Fundo e regi\u00e3o para instala\u00e7\u00e3o do projeto, segundo Capellari, \u00e9 estrat\u00e9gica e se baseia em tr\u00eas frentes. \u201cFoi aqui nesta regi\u00e3o que nasceu a gen\u00e9tica de gr\u00e3os no Rio Grande Sul, tamb\u00e9m \u00e9 que se concentra a fabrica\u00e7\u00e3o de m\u00e1quinas e implementos agr\u00edcolas. Al\u00e9m disso, na regi\u00e3o sul (incluindo Paran\u00e1 e Santa Catarina) est\u00e1 a lideran\u00e7a na produ\u00e7\u00e3o de prote\u00edna animal\u201d, justifica.<\/p>\n<p>Eduardo Capellari destaca que a inten\u00e7\u00e3o da institui\u00e7\u00e3o \u00e9 tornar-se um hub de educa\u00e7\u00e3o e inova\u00e7\u00e3o para o agroneg\u00f3cio, que conectar\u00e1 estudantes, profissionais, empresas e entidades do segmento, como as cooperativas. As empresas parceiras da iniciativa, adianta, ser\u00e3o anunciadas a partir do final deste m\u00eas. A maior novidade, em termos educacionais, \u00e9 a possibilidade de o aluno escolher o direcionamento de sua gradua\u00e7\u00e3o desde o come\u00e7o, escolhendo entre as linhas de Empreendedorismo e Empregabilidade. A escola tamb\u00e9m oferecer\u00e1 cursos de p\u00f3s-gradua\u00e7\u00e3o e educa\u00e7\u00e3o continuada em parceria com outros estabelecimentos de ensino superior nacionais. \u201cAs possibilidades de capacita\u00e7\u00e3o de filhos e filhas de produtores rurais v\u00e3o se multiplicar\u201d, complementa.<\/p>\n<p>Hoje, a Atitus mant\u00e9m no Estado 19 cursos, com o total de 6 mil alunos, incluindo linhas de estudo para mestrado e doutorado. (Correio do Povo)<\/p>\n<\/div>\n<div id=\"icpbravoaccess_loaded\" style=\"text-align: justify;\">\n<div style=\"text-align: justify;\">\n<hr>\n<\/div>\n<\/div>\n<div id=\"icpbravoaccess_loaded\" style=\"text-align: justify;\">\n<div id=\"icpbravoaccess_loaded\" style=\"text-align: justify;\">\n<div id=\"icpbravoaccess_loaded\">\n<div style=\"text-align: justify;\">\n<p style=\"text-align: center;\"><i style=\"font-size: 1rem;\"><b>Jogo R\u00e1pido<\/b><\/i><\/p>\n<\/div>\n<\/div>\n<\/div>\n<\/div>\n<p style=\"text-align: center;\"><i><b>IPVDF oferece exames para bovinos e ovinos<br \/>\n<\/b>O Centro Estadual de Diagn\u00f3stico e Pesquisa em Sa\u00fade Animal Desid\u00e9rio Finamor (IPVDF) oferece exames para o diagn\u00f3stico de clostridioses, grupo de doen\u00e7as causadas pelas bact\u00e9rias Clostridium. Em ruminantes, as mais comuns s\u00e3o o Carb\u00fanculo Sintom\u00e1tico, o Edema Maligno, Enterotoxemias e a Hemoglobin\u00faria Bacilar. Os m\u00e9dicos veterin\u00e1rios interessados em encaminhar amostras para diagn\u00f3stico podem entrar em contato com o IPVDF atrav\u00e9s do WhatsApp (51) 98683-4297 ou pelo telefone (51) 3481-3711. (Correio do Povo)<\/i><\/p>\n<div id=\"icpbravoaccess_loaded\" style=\"text-align: justify;\">\n<div id=\"icpbravoaccess_loaded\">\n<hr>\n<\/div>\n<\/div>\n<div id=\"icpbravoaccess_loaded\">&nbsp;<\/div>\n","protected":false},"excerpt":{"rendered":"<p>Porto Alegre, 13 de novembro de 2023&nbsp; &nbsp; &nbsp; &nbsp; &nbsp; &nbsp; &nbsp; &nbsp; &nbsp; &nbsp; &nbsp; &nbsp; &nbsp; &nbsp; &nbsp; &nbsp; &nbsp; &nbsp; &nbsp; &nbsp; &nbsp; &nbsp; &nbsp; &nbsp;Ano 17 - N\u00b0 4.022 Metas para redu\u00e7\u00e3o dos gases do efeito estufa at\u00e9 2030 s\u00e3o apresentadas em F\u00f3rum As metas at\u00e9 2030 para o controle <a href=\"https:\/\/www.sindilat.com.br\/site\/2023\/11\/13\/13-11-2023\/\" class=\"more-link\">...continuar lendo<span class=\"screen-reader-text\"> \"13\/11\/2023\"<\/span><\/a><\/p>\n","protected":false},"author":2,"featured_media":0,"comment_status":"open","ping_status":"open","sticky":false,"template":"","format":"standard","meta":{"ngg_post_thumbnail":0,"footnotes":""},"categories":[28],"tags":[],"class_list":{"0":"post-13135","1":"post","2":"type-post","3":"status-publish","4":"format-standard","6":"category-newsletter","7":"h-entry","8":"hentry","9":"h-as-article"},"_links":{"self":[{"href":"https:\/\/www.sindilat.com.br\/site\/wp-json\/wp\/v2\/posts\/13135","targetHints":{"allow":["GET"]}}],"collection":[{"href":"https:\/\/www.sindilat.com.br\/site\/wp-json\/wp\/v2\/posts"}],"about":[{"href":"https:\/\/www.sindilat.com.br\/site\/wp-json\/wp\/v2\/types\/post"}],"author":[{"embeddable":true,"href":"https:\/\/www.sindilat.com.br\/site\/wp-json\/wp\/v2\/users\/2"}],"replies":[{"embeddable":true,"href":"https:\/\/www.sindilat.com.br\/site\/wp-json\/wp\/v2\/comments?post=13135"}],"version-history":[{"count":7,"href":"https:\/\/www.sindilat.com.br\/site\/wp-json\/wp\/v2\/posts\/13135\/revisions"}],"predecessor-version":[{"id":13144,"href":"https:\/\/www.sindilat.com.br\/site\/wp-json\/wp\/v2\/posts\/13135\/revisions\/13144"}],"wp:attachment":[{"href":"https:\/\/www.sindilat.com.br\/site\/wp-json\/wp\/v2\/media?parent=13135"}],"wp:term":[{"taxonomy":"category","embeddable":true,"href":"https:\/\/www.sindilat.com.br\/site\/wp-json\/wp\/v2\/categories?post=13135"},{"taxonomy":"post_tag","embeddable":true,"href":"https:\/\/www.sindilat.com.br\/site\/wp-json\/wp\/v2\/tags?post=13135"}],"curies":[{"name":"wp","href":"https:\/\/api.w.org\/{rel}","templated":true}]}}