{"id":13120,"date":"2023-11-09T19:43:00","date_gmt":"2023-11-09T19:43:00","guid":{"rendered":"https:\/\/www.sindilat.com.br\/site\/?p=13120"},"modified":"2023-11-09T19:54:11","modified_gmt":"2023-11-09T19:54:11","slug":"09-11-2023","status":"publish","type":"post","link":"https:\/\/www.sindilat.com.br\/site\/2023\/11\/09\/09-11-2023\/","title":{"rendered":"09\/11\/2023"},"content":{"rendered":"<p><img loading=\"lazy\" decoding=\"async\" class=\"\" style=\"text-align: justify; font-size: 1rem;\" src=\"https:\/\/dl.dnzdns.com\/v\/uuURf8ABF0257\" alt=\"Newsletter Sindilat_RS\" width=\"1159\" height=\"207\"><\/p>\n<div id=\"icpbravoaccess_loaded\">\n<div id=\"icpbravoaccess_loaded\">\n<div id=\"icpbravoaccess_loaded\">\n<p style=\"text-align: justify;\">Porto Alegre, 09 de novembro de 2023&nbsp; &nbsp; &nbsp; &nbsp; &nbsp; &nbsp; &nbsp; &nbsp; &nbsp; &nbsp; &nbsp; &nbsp; &nbsp; &nbsp; &nbsp; &nbsp; &nbsp; &nbsp; &nbsp; &nbsp; &nbsp; &nbsp; &nbsp; &nbsp;Ano 17 - N\u00b0 4.020<\/p>\n<\/div>\n<\/div>\n<\/div>\n<hr>\n<div style=\"text-align: justify;\">\n<div><b>Reinaugura\u00e7\u00e3o da Suport D Leite: Uma nova fase de sucesso e inova\u00e7\u00e3o<br \/>\n<\/b><br \/>\n<i>A empresa com sede no Rio Grande do Sul, atua no ramo da bovinocultura de leite com servi\u00e7os de an\u00e1lises, consultorias e desenvolvimento de novos produtos.&nbsp;<br \/>\n<\/i><br \/>\nA Suport D Leite, uma startup inovadora com base na Incubadora de Empresas de Inova\u00e7\u00e3o Tecnol\u00f3gica - Criatec da Uniju\u00ed, est\u00e1 orgulhosamente anunciando sua reinaugura\u00e7\u00e3o em um novo local. Com um hist\u00f3rico not\u00e1vel de inova\u00e7\u00e3o e sucesso, a Suport D Leite est\u00e1 preparada para uma nova fase de crescimento e realiza\u00e7\u00f5es.A fundadora da Suport D Leite, Denize da Rosa Fraga, expressou sua gratid\u00e3o a todos que apoiaram a empresa desde o come\u00e7o, at\u00e9 o sucesso que atingiu hoje. Ela compartilhou suas expectativas para o futuro, destacando o compromisso cont\u00ednuo da empresa com seu prop\u00f3sito e ess\u00eancia, independentemente do tamanho da organiza\u00e7\u00e3o. \"O processo de mudan\u00e7a de local na Suport D Leite \u00e9 um marco significativo para n\u00f3s. Nas pr\u00f3ximas semanas, muitas novidades vir\u00e3o, estou ansiosa para todas as realiza\u00e7\u00f5es que o futuro reserva e estou profundamente grata a todos que confiaram em nosso trabalho desde o in\u00edcio.\", afirma a m\u00e9dica veterin\u00e1ria, doutora especializada em bovinocultura de leite.&nbsp;Sob a lideran\u00e7a de Denize, a Suport D Leite \u00e9 reconhecida por sua inova\u00e7\u00e3o no setor agropecu\u00e1rio. A startup se destaca atrav\u00e9s do SuporTest Antibiograma, que oferece solu\u00e7\u00f5es para pr\u00e1ticas agr\u00edcolas sustent\u00e1veis e tratamento eficaz de mastite em vacas leiteiras.&nbsp;<\/div>\n<div>\n<p>&nbsp;<\/p>\n<p>SUPORTEST ANTIBIOGRAMA NA PR\u00c1TICA:<br \/>\nA mastite, doen\u00e7a na gl\u00e2ndula mam\u00e1ria de vacas, geralmente causada por infec\u00e7\u00f5es bacterianas, ocorre com frequ\u00eancia no Brasil. Cerca de 15%, das mais de 16 milh\u00f5es de vacas de leite do Brasil, ter\u00e3o algum problema de sa\u00fade na gl\u00e2ndula mam\u00e1ria durante a lacta\u00e7\u00e3o e precisar\u00e3o de tratamento com antibi\u00f3ticos. Al\u00e9m deste \u00edndice, todas elas devem passar por um tratamento com antibi\u00f3ticos antes de entrar no per\u00edodo seco, ou seja, antes de parir e iniciar a pr\u00f3xima lacta\u00e7\u00e3o.<\/p>\n<p>O teste \u00e9 capaz de indicar o antibi\u00f3tico mais eficaz, evitando desperd\u00edcio de recursos e tempo, atrav\u00e9s dele produtores n\u00e3o precisam mais se deslocar at\u00e9 a cidade, pois com o suporte do kit, todas essas etapas podem ser realizadas na fazenda atrav\u00e9s do aplicativo, garantindo uma produ\u00e7\u00e3o de leite de maior qualidade.<\/p>\n<p>O Suportest Antibiograma \u00e9 o primeiro produto que leva um teste de antibi\u00f3ticos para o campo. Nossa miss\u00e3o \u00e9 proporcionar efici\u00eancia, economia e qualidade para os produtores rurais.<\/p>\n<p>A EXPANS\u00c3O:<br \/>\nRecentemente, a Suport D Leite tamb\u00e9m agregou um s\u00f3cio investidor, o que permitir\u00e1 \u00e0 startup expandir ainda mais sua presen\u00e7a e aprimorar sua gest\u00e3o. \u201cEstou extremamente empolgado em me unir \u00e0 Suport D Leite como s\u00f3cio investidor. Acredito firmemente no potencial dessa empresa para impactar positivamente o setor agropecu\u00e1rio e promover pr\u00e1ticas sustent\u00e1veis. Estou ansioso para colaborar e impulsionar nossa expans\u00e3o internacional at\u00e9 2025. Juntos, alcan\u00e7aremos novos patamares de sucesso e inova\u00e7\u00e3o.\", pontua Dante Maur\u00edcio Tissot, Diretor da Dubai Alimentos.<\/p>\n<p>A Suport D Leite conquistou neste ano um lugar de destaque como a \u00fanica startup brasileira selecionada para participar do programa de acelera\u00e7\u00e3o Innovations in Sustainability 2023, realizado pela Village Capital em parceria com a Unilever. Esse programa visa capacitar empreendedores com foco em solu\u00e7\u00f5es relacionadas a pr\u00e1ticas agr\u00edcolas sustent\u00e1veis, descarboniza\u00e7\u00e3o e reciclagem.<\/p>\n<p>SOBRE A SUPORT D LEITE:<br \/>\nCriada em 2021 pela m\u00e9dica veterin\u00e1ria Denize da Rosa Fraga, uma profissional com uma paix\u00e3o enraizada na produ\u00e7\u00e3o de leite que em 2018, foi diagnosticada com c\u00e2ncer de mama. Diante da possibilidade de n\u00e3o conseguir amamentar sua filha, Denize recorreu a f\u00f3rmulas l\u00e1cteas desenvolvidas com leite de vaca. Essa experi\u00eancia pessoal a inspirou a pensar nas dificuldades que outras m\u00e3es enfrentam para acessar essas f\u00f3rmulas. A partir desse ponto de virada em sua vida, Denize concebeu um projeto para aprimorar a cadeia de leite na regi\u00e3o. Com sua forma\u00e7\u00e3o como doutora especializada em bovinocultura de leite e sua experi\u00eancia na produ\u00e7\u00e3o e pesquisa, ela criou um projeto para fornecer an\u00e1lises de qualidade do leite para produtores locais, ajudando a melhorar o manejo, a qualidade do leite e impactando positivamente a vida das pessoas que dependem desse alimento vital. O trabalho visa garantir que o leite que chega aos consumidores seja o melhor poss\u00edvel, independentemente da fonte. A empresa j\u00e1 recebeu reconhecimento atrav\u00e9s de v\u00e1rias premia\u00e7\u00f5es, destacando-se na Batalha das Startups na Expofest Iju\u00ed 2022, Campotech Fenamilho 2023 e Startup Day SebraeX Iju\u00ed.<\/p>\n<p>CONVITE REINAUGURA\u00c7\u00c3O:<br \/>\nA Suport D Leite convida a todos os interessados, membros da imprensa, parceiros e amigos para prestigiarem a nossa emocionante reinaugura\u00e7\u00e3o no novo local. Estamos entusiasmados em compartilhar esse momento significativo e esperamos contar com sua presen\u00e7a para celebrar conosco. Venha conhecer mais sobre nossa hist\u00f3ria, nossos produtos inovadores e nossa vis\u00e3o para o futuro. Sua presen\u00e7a ser\u00e1 muito apreciada e contribuir\u00e1 para tornar esse evento ainda mais especial.<\/p>\n<p>Data: 11 de novembro de 2023 - S\u00e1bado<br \/>\nHor\u00e1rio: 9h30min<br \/>\nLocal: Rua Bento Gon\u00e7alves, 456 - Sala 02 - Iju\u00ed\/RS<\/p>\n<p>As informa\u00e7\u00f5es s\u00e3o da Suport D Leite<\/p>\n<\/div>\n<\/div>\n<hr>\n<div style=\"text-align: justify;\">\n<div><b>Setores de prote\u00edna animal e ind\u00fastria eletroeletr\u00f4nica pedem extin\u00e7\u00e3o do FAF<br \/>\n<\/b><br \/>\nA Comiss\u00e3o de Economia, Desenvolvimento Sustent\u00e1vel e do Turismo promoveu, no final da tarde desta quarta-feira (8), audi\u00eancia p\u00fablica para debater norma da pol\u00edtica fiscal do governo estadual. O tema \u2018a efetividade da implanta\u00e7\u00e3o, os impactos e os resultados do Fator de Ajuste de Frui\u00e7\u00e3o (FAF)\u201d, foi proposto pelo deputado Prof. Claudio Branchieri (Podemos), que presidiu o encontro no Espa\u00e7o da Converg\u00eancia.Estabelecido por decreto do Executivo em janeiro de 2022, o FAF \u00e9 um percentual gradativo aplicado sobre os cr\u00e9ditos presumidos - aplicados no ICMS - para incentivar aquisi\u00e7\u00f5es de produtos do mercado interno e promover o desenvolvimento da economia ga\u00facha. Representantes dos setores de prote\u00edna animal, l\u00e1cteo e eletroeletr\u00f4nico que participaram do debate, criticaram a medida e pediram a extin\u00e7\u00e3o.<\/div>\n<div>\n<p>&nbsp;<\/p>\n<p>Prote\u00edna animal<br \/>\nJos\u00e9 Eduardo dos Santos, da Associa\u00e7\u00e3o Ga\u00facha de Avicultura (Asgav), informou que o setor j\u00e1 apresentou an\u00e1lise ao Grupo de Trabalho (GT) Prote\u00edna Animal, liderado pela Secretaria de Desenvolvimento Econ\u00f4mico, que vem estudando a efic\u00e1cia do FAF em promover o crescimento. \u201cO governo deve anunciar um pacote at\u00e9 o final de novembro para ajudar o setor e deve incluir extin\u00e7\u00e3o permanente do FAF\u201d, apostou. Desde 1\u00ba de julho deste ano, com vig\u00eancia at\u00e9 31 de dezembro, o governador suspendeu a aplica\u00e7\u00e3o da regra para o setor de prote\u00edna animal.<\/p>\n<p>A ind\u00fastria de latic\u00ednios e derivados tamb\u00e9m acredita no fim da medida. Darlan Palharini, secret\u00e1rio-executivo do Sindilat-RS, lembrou que o setor \u00e9 um dos atingidos, pois precisa comprar fora do estado embalagens tipo tetrapak e de determinados queijos. \u201c Com a retirada do FAF em julho, j\u00e1 tivemos al\u00edvio\u201d, disse.<\/p>\n<p><img decoding=\"async\" src=\"https:\/\/dl.dnzdns.com\/v\/gYdn02ABF0210\" alt=\"\" data-cke-saved-src=\"https:\/\/dl.dnzdns.com\/v\/gYdn02ABF0210\"><\/p>\n<p>Eletroeletr\u00f4nica<br \/>\nPara Ant\u00f4nio Costa Sobrinho, da Associa\u00e7\u00e3o Brasileira da Ind\u00fastria El\u00e9trica e Eletr\u00f4nica (ABINEE) - Regional RS, a medida s\u00f3 aumentou a burocracia. O setor precisa trazer de fora do estado equipamentos e insumos. Tamb\u00e9m da Associa\u00e7\u00e3o, J\u00e9ssica Almeida, defendeu medidas protetivas para empresas locais e um sistema de frui\u00e7\u00e3o condicionada, a exemplo do que \u00e9 aplicado na Alemanha.<\/p>\n<p>Encaminhamento<br \/>\nO colegiado vai encaminhar \u00e0 Casa Civil pedido para que o governo receba as lideran\u00e7as dos setores produtivos, e propor nova audi\u00eancia p\u00fablica para ampliar o debate sobre o tema. O deputado Z\u00e9 Nunes (PT) tamb\u00e9m participou do encontro.&nbsp;<\/p>\n<p>As informa\u00e7\u00f5es s\u00e3o da ALRS<\/p>\n<p>&nbsp;<\/p>\n<\/div>\n<div>\n<p><b>Estrat\u00e9gias sustent\u00e1veis e potenciais ganhos em efici\u00eancia e rentabilidade para a cadeia do leite<br \/>\n<\/b><br \/>\nDando continuidade ao segundo dia do Dairy Vision, as oportunidades a partir da agenda ambiental nortearam a discuss\u00e3o do painel. Alexandre Berndt, Chefe Geral da Embrapa Pecu\u00e1ria Sudeste, iniciou o painel abordando a pegada de carbono na pecu\u00e1ria de leite.&nbsp;<\/p>\n<p>Alexandre pontuou que a redu\u00e7\u00e3o do desmatamento e o reflorestamento s\u00e3o fatores que ir\u00e3o gerar grande impacto para o meio ambiente, mas que o processo produtivo do leite deve ser reestruturado para produzir mais sustentavelmente, devido aos benef\u00edcios que isso proporciona, e afirma que essas solu\u00e7\u00f5es devem ser pautadas em tecnologia. \u201cA efici\u00eancia do sistema de produ\u00e7\u00e3o reduz a intensidade de emiss\u00e3o, e o segredo para isso \u00e9 a ado\u00e7\u00e3o de tecnologias\u201d, disse.&nbsp;<\/p>\n<p>O metano ent\u00e9rico, dejetos e os alimentos formam&nbsp; 80% da pegada de carbono do leite. Berndt destacou tr\u00eas pilares tecnol\u00f3gicos para o balan\u00e7o de carbono:&nbsp;<\/p>\n<p>Manipula\u00e7\u00e3o da fermenta\u00e7\u00e3o: aditivos, ra\u00e7\u00f5es e pastagens;&nbsp;<\/p>\n<p>Aumento da efici\u00eancia de produ\u00e7\u00e3o: melhoramento gen\u00e9tico, nutri\u00e7\u00e3o, reprodu\u00e7\u00e3o, sanidade, bem estar, gest\u00e3o&nbsp;<\/p>\n<p>&nbsp;Ampliar a remo\u00e7\u00e3o de carbono: manejo de solo, utiliza\u00e7\u00e3o de ILPF&nbsp;<\/p>\n<p>\u201cCada estrat\u00e9gia de mitiga\u00e7\u00e3o de carbono tem um potencial de redu\u00e7\u00e3o de emiss\u00e3o e ganhos em produtividade\u201d, finaliza ele.&nbsp;<\/p>\n<p>A segunda palestra do painel contou com Luis Fernando Laranja da Fonseca, S\u00f3cio Fundador na Guaraci Agropastoril e NoCarbon Milk, que abordou a sustentabilidade e as oportunidades para a ind\u00fastria l\u00e1ctea.&nbsp; Laranja enfatizou o grande problema clim\u00e1tico que estamos vivendo e tra\u00e7ou alternativas. \u201cTemos que transformar e redefinir os modelos produtivos, caso contr\u00e1rio, vamos a passos largos para uma cat\u00e1strofe clim\u00e1tica, e existem duas formas para transformar: por consci\u00eancia ou por conveni\u00eancia\u201d, disse.&nbsp;<\/p>\n<p>As pessoas est\u00e3o buscando alternativas sustent\u00e1veis, mas ainda existem poucas op\u00e7\u00f5es que englobam esses atributos. Laranja ainda fez uma provoca\u00e7\u00e3o em forma de incentivo: \u201cH\u00e1 um claro desejo dos consumidores por produtos com atributos sustent\u00e1veis, e qual marca de leite est\u00e1 tentando capturar essa oportunidade?\u201d, destacando a oportunidade de neg\u00f3cio existente.&nbsp;<\/p>\n<p>Fernanda Marcantonatos, Gerente Sr. De Sustentabilidade na dsm-firmenich e Carlos Saviani, Diretor Global de Sustentabilidade na dsm-firmenich, abordaram a jornada de sustentabilidade para o leite brasileiro, a mensura\u00e7\u00e3o e redu\u00e7\u00e3o das pegadas ambientais.<\/p>\n<p>Carlos relatou a import\u00e2ncia do trabalho conjunto entre ind\u00fastria e produ\u00e7\u00e3o para solucionar juntos o problema das emiss\u00f5es de gases. \u201cO desenvolvimento de projetos s\u00f3 \u00e9 poss\u00edvel com participa\u00e7\u00e3o ativa dos elos da cadeia, com seus compromissos e a\u00e7\u00f5es\u201d, e destacou a import\u00e2ncia de mensurar os dados de emiss\u00f5es, \u201cA gente n\u00e3o consegue melhorar aquilo que n\u00e3o mede, e n\u00e3o consegue comunicar e nem se defender dos dados errados que circulam. Se a gente n\u00e3o falar qual \u00e9 o nosso pr\u00f3prio n\u00famero, fica dif\u00edcil a gente se defender, n\u00e9? Ent\u00e3o \u00e9 muito importante a gente entender qual realmente \u00e9 a nossa pegada ambiental\u201d, relata. Fernanda apresentou ainda a solu\u00e7\u00e3o da DSM voltada a redu\u00e7\u00e3o de emiss\u00e3o de carbono.&nbsp;<\/p>\n<p>Finalizando a manh\u00e3 do segundo dia de Dairy Vision, Paul Myer, CEO da Athian Sustainable Livestock Systems (EUA), palestrou sobre o tema \u201cCr\u00e9ditos de carbono podem ser um neg\u00f3cio relevante para o setor?\u201d.&nbsp;<\/p>\n<p>Paul apontou que \u00e9 importante mostrar para os consumidores a quest\u00e3o da sustentabilidade, mas tamb\u00e9m \u00e9 muito importante construir processos eficientes para ter bons e consistentes resultados.<\/p>\n<p>O palestrante tamb\u00e9m mostrou que o n\u00famero de empresas comprometidas com a diminui\u00e7\u00e3o na emiss\u00e3o de gases de efeito estufa tem crescido nos \u00faltimos anos, por\u00e9m, a resposta para resolver este problema est\u00e1 nos produtores, no campo. A partir disso, Paul exemplificou que a oportunidade de ganho financeiro na produ\u00e7\u00e3o de leite ao cortar 30% da emiss\u00e3o de carbono \u00e9 de aproximadamente 13 bilh\u00f5es de d\u00f3lares por ano, sendo que a melhor forma de mudar a realidade no campo \u00e9 mostrando a real import\u00e2ncia do problema aos produtores.<\/p>\n<p>Paul tamb\u00e9m mostrou como o mercado de cr\u00e9dito de carbono j\u00e1 est\u00e1 atuando dentro do setor, onde a empresa Athian calcula a pegada de carbono da produ\u00e7\u00e3o, mostra solu\u00e7\u00f5es para mitigar a emiss\u00e3o e busca empresas da cadeia de suprimentos que queiram auxiliar os produtores nessa solu\u00e7\u00e3o atrav\u00e9s do cr\u00e9dito de carbono que ser\u00e1 gerado com essa implementa\u00e7\u00e3o, que deve antes de tudo fazer sentido ao produtor.<\/p>\n<p>Por fim, o palestrante mostrou que o valor dos cr\u00e9ditos depende muito da credibilidade do mercado, e que essa credibilidade est\u00e1 muito associada \u00e0 transpar\u00eancia, ao fornecer dados cient\u00edficos que comprovam essas redu\u00e7\u00f5es nas emiss\u00f5es de gases, fica mais f\u00e1cil de garantir essa credibilidade ao mercado.&nbsp;<\/p>\n<p>As informa\u00e7\u00f5es s\u00e3o do Milkpoint<\/p>\n<\/div>\n<\/div>\n<div id=\"icpbravoaccess_loaded\" style=\"text-align: justify;\">\n<div style=\"text-align: justify;\">\n<hr>\n<\/div>\n<\/div>\n<div id=\"icpbravoaccess_loaded\" style=\"text-align: justify;\">\n<div id=\"icpbravoaccess_loaded\" style=\"text-align: justify;\">\n<div id=\"icpbravoaccess_loaded\">\n<div style=\"text-align: justify;\">\n<p style=\"text-align: center;\"><i style=\"font-size: 1rem;\"><b>Jogo R\u00e1pido<\/b><\/i><\/p>\n<\/div>\n<\/div>\n<\/div>\n<\/div>\n<p style=\"text-align: center;\"><i><b>Aquisi\u00e7\u00e3o de leite sobe 0,8% na compara\u00e7\u00e3o anual e 8,4% ante o trimestre anterior<\/b><br \/>\nA aquisi\u00e7\u00e3o de leite cru feita pelos estabelecimentos que atuam sob algum tipo de inspe\u00e7\u00e3o sanit\u00e1ria (federal, estadual ou municipal), no 3\u00ba trimestre de 2023, foi de 6,20 bilh\u00f5es de litros. O valor correspondeu a um aumento de 0,8% em compara\u00e7\u00e3o ao 3\u00ba trimestre de 2022 e alta de 8,4% frente ao obtido no trimestre imediatamente anterior.&nbsp; (IBGE)<\/i><\/p>\n<div id=\"icpbravoaccess_loaded\" style=\"text-align: justify;\">\n<div id=\"icpbravoaccess_loaded\">\n<hr>\n<\/div>\n<\/div>\n<div id=\"icpbravoaccess_loaded\">&nbsp;<\/div>\n","protected":false},"excerpt":{"rendered":"<p>Porto Alegre, 09 de novembro de 2023&nbsp; &nbsp; &nbsp; &nbsp; &nbsp; &nbsp; &nbsp; &nbsp; &nbsp; &nbsp; &nbsp; &nbsp; &nbsp; &nbsp; &nbsp; &nbsp; &nbsp; &nbsp; &nbsp; &nbsp; &nbsp; &nbsp; &nbsp; &nbsp;Ano 17 - N\u00b0 4.020 Reinaugura\u00e7\u00e3o da Suport D Leite: Uma nova fase de sucesso e inova\u00e7\u00e3o A empresa com sede no Rio Grande do Sul, <a href=\"https:\/\/www.sindilat.com.br\/site\/2023\/11\/09\/09-11-2023\/\" class=\"more-link\">...continuar lendo<span class=\"screen-reader-text\"> \"09\/11\/2023\"<\/span><\/a><\/p>\n","protected":false},"author":2,"featured_media":0,"comment_status":"open","ping_status":"open","sticky":false,"template":"","format":"standard","meta":{"ngg_post_thumbnail":0,"footnotes":""},"categories":[28],"tags":[],"class_list":{"0":"post-13120","1":"post","2":"type-post","3":"status-publish","4":"format-standard","6":"category-newsletter","7":"h-entry","8":"hentry","9":"h-as-article"},"_links":{"self":[{"href":"https:\/\/www.sindilat.com.br\/site\/wp-json\/wp\/v2\/posts\/13120","targetHints":{"allow":["GET"]}}],"collection":[{"href":"https:\/\/www.sindilat.com.br\/site\/wp-json\/wp\/v2\/posts"}],"about":[{"href":"https:\/\/www.sindilat.com.br\/site\/wp-json\/wp\/v2\/types\/post"}],"author":[{"embeddable":true,"href":"https:\/\/www.sindilat.com.br\/site\/wp-json\/wp\/v2\/users\/2"}],"replies":[{"embeddable":true,"href":"https:\/\/www.sindilat.com.br\/site\/wp-json\/wp\/v2\/comments?post=13120"}],"version-history":[{"count":5,"href":"https:\/\/www.sindilat.com.br\/site\/wp-json\/wp\/v2\/posts\/13120\/revisions"}],"predecessor-version":[{"id":13125,"href":"https:\/\/www.sindilat.com.br\/site\/wp-json\/wp\/v2\/posts\/13120\/revisions\/13125"}],"wp:attachment":[{"href":"https:\/\/www.sindilat.com.br\/site\/wp-json\/wp\/v2\/media?parent=13120"}],"wp:term":[{"taxonomy":"category","embeddable":true,"href":"https:\/\/www.sindilat.com.br\/site\/wp-json\/wp\/v2\/categories?post=13120"},{"taxonomy":"post_tag","embeddable":true,"href":"https:\/\/www.sindilat.com.br\/site\/wp-json\/wp\/v2\/tags?post=13120"}],"curies":[{"name":"wp","href":"https:\/\/api.w.org\/{rel}","templated":true}]}}