{"id":12761,"date":"2023-09-12T19:51:59","date_gmt":"2023-09-12T19:51:59","guid":{"rendered":"https:\/\/www.sindilat.com.br\/site\/?p=12761"},"modified":"2023-09-12T19:52:51","modified_gmt":"2023-09-12T19:52:51","slug":"12-09-2023","status":"publish","type":"post","link":"https:\/\/www.sindilat.com.br\/site\/2023\/09\/12\/12-09-2023\/","title":{"rendered":"12\/09\/2023"},"content":{"rendered":"<p><img loading=\"lazy\" decoding=\"async\" class=\"\" style=\"text-align: justify; font-size: 1rem;\" src=\"https:\/\/dl.dnzdns.com\/v\/uuURf8ABF0257\" alt=\"Newsletter Sindilat_RS\" width=\"1159\" height=\"207\"><\/p>\n<div id=\"icpbravoaccess_loaded\">\n<div id=\"icpbravoaccess_loaded\">\n<div id=\"icpbravoaccess_loaded\">\n<p style=\"text-align: justify;\">Porto Alegre, 12 de setembro de 2023&nbsp; &nbsp; &nbsp; &nbsp; &nbsp; &nbsp; &nbsp; &nbsp; &nbsp; &nbsp; &nbsp; &nbsp; &nbsp; &nbsp; &nbsp; &nbsp; &nbsp; &nbsp; &nbsp; &nbsp; &nbsp; &nbsp; &nbsp; &nbsp; &nbsp; &nbsp;Ano 17 - N\u00b0 3.984<\/p>\n<\/div>\n<\/div>\n<\/div>\n<hr>\n<p style=\"text-align: justify;\"><b>Balan\u00e7a comercial de l\u00e1cteos: novo avan\u00e7o nas importa\u00e7\u00f5es<br \/>\n<\/b><br \/>\nDurante o m\u00eas de agosto, o saldo da balan\u00e7a comercial de l\u00e1cteos voltou a ficar mais negativo quando comparado com o m\u00eas anterior. Segundo dados divulgados pela Secretaria de Com\u00e9rcio Exterior (SECEX), o saldo obtido no \u00faltimo m\u00eas chegou a -185,6 milh\u00f5es de litros em equivalente-leite, uma queda de 11,1 milh\u00f5es em rela\u00e7\u00e3o a julho de 2023, como pode ser observado no gr\u00e1fico 1.<\/p>\n<p style=\"text-align: justify;\">Gr\u00e1fico 1. Saldo mensal da balan\u00e7a comercial brasileira de l\u00e1cteos \u2013 equivalente leite.<\/p>\n<p style=\"text-align: justify;\"><img decoding=\"async\" src=\"https:\/\/dl.dnzdns.com\/v\/KItX19ABF0464\" alt=\"\" data-cke-saved-src=\"https:\/\/dl.dnzdns.com\/v\/KItX19ABF0464\"><br \/>\nFonte: Elaborado pelo MilkPoint a partir dos dados do COMEXSTAT.<\/p>\n<p style=\"text-align: justify;\">As exporta\u00e7\u00f5es enfrentaram um novo recuo no m\u00eas de agosto. Com um total de 5,49 milh\u00f5es de litros em equivalente-leite exportados, o \u00faltimo m\u00eas passou por uma varia\u00e7\u00e3o de -5,1% em rela\u00e7\u00e3o a julho\/23, se tornando o terceiro menor volume mensal exportado em 2023, at\u00e9 o momento, como mostra o gr\u00e1fico 2. Com isso, o resultado para os primeiros oito meses do ano ainda se encontra abaixo do observado no mesmo per\u00edodo em 2022, em -51,6%.<\/p>\n<p style=\"text-align: justify;\">Gr\u00e1fico 2. Exporta\u00e7\u00f5es em equivalente-leite.<\/p>\n<p style=\"text-align: justify;\"><img decoding=\"async\" src=\"https:\/\/dl.dnzdns.com\/v\/wylw7fABF0492\" alt=\"\" data-cke-saved-src=\"https:\/\/dl.dnzdns.com\/v\/wylw7fABF0492\"><br \/>\nFonte: Elaborado pelo MilkPoint a partir dos dados do COMEXSTAT.<\/p>\n<p style=\"text-align: justify;\">J\u00e1 as importa\u00e7\u00f5es, ap\u00f3s registrarem uma queda em julho, voltaram a avan\u00e7ar no m\u00eas de agosto. Com uma alta mensal de 6,0%, o volume total importado foi de 191,0 milh\u00f5es de litros em equivalente-leite, cerca de 10 milh\u00f5es de litros a mais em rela\u00e7\u00e3o a julho\/23, como mostra o gr\u00e1fico 3. Em rela\u00e7\u00e3o a agosto\/22 a alta registrada foi de 11%. Com este novo resultado, as importa\u00e7\u00f5es dos primeiros oito meses de 2023 continuaram acima do observado no mesmo per\u00edodo de 2022, em +125%.<\/p>\n<p style=\"text-align: justify;\">Gr\u00e1fico 3. Importa\u00e7\u00f5es em equivalente-leite.<\/p>\n<p style=\"text-align: justify;\"><img decoding=\"async\" src=\"https:\/\/dl.dnzdns.com\/v\/x4Vu52ABF0418\" alt=\"\" data-cke-saved-src=\"https:\/\/dl.dnzdns.com\/v\/x4Vu52ABF0418\"><\/p>\n<p style=\"text-align: justify;\">Fonte: Elaborado pelo MilkPoint a partir dos dados do COMEXSTAT.<\/p>\n<p style=\"text-align: justify;\">Assim como nos meses anteriores, o principal fator relacionado com esta nova alta nas importa\u00e7\u00f5es \u00e9 o pre\u00e7o. Com os pre\u00e7os internacionais em constante queda, os produtos importados seguem em maior competitividade em rela\u00e7\u00e3o aos produtos nacionais, fazendo com que um alto volume de l\u00e1cteos seja importado mesmo diante de um mercado que se mostra j\u00e1 abastecido para diversas categorias.<\/p>\n<p style=\"text-align: justify;\">Sobre os principais produtos importados, o leite em p\u00f3 integral, categoria de maior relev\u00e2ncia, seguiu recuando, em cerca de 6%, por\u00e9m, outras categorias importantes passaram por avan\u00e7o no volume importado, como o leite em p\u00f3 desnatado, os soros e os queijos, com varia\u00e7\u00f5es mensais de +44%, +25% e +20%, respectivamente.<\/p>\n<p style=\"text-align: justify;\">Apesar da menor relev\u00e2ncia, a categoria de leites modificados tamb\u00e9m passou por um importante avan\u00e7o nas importa\u00e7\u00f5es do \u00faltimo m\u00eas, com um aumento de 33% em rela\u00e7\u00e3o ao m\u00eas anterior.<\/p>\n<p style=\"text-align: justify;\">Sobre as exporta\u00e7\u00f5es, dentre as categorias de maior relev\u00e2ncia, somente o creme de leite passou por avan\u00e7o no m\u00eas de agosto, com um volume 61% superior sendo exportado, enquanto o leite UHT e o leite condensado recuaram, em 16% e 4%, respectivamente, em seus volumes exportados.<\/p>\n<p style=\"text-align: justify;\">Outras categorias, de menor relev\u00e2ncia, como \u201coutros produtos l\u00e1cteos\u201d e manteiga, passaram por aumentos em seus volumes exportados, de 184% e 121%, respectivamente.<\/p>\n<p style=\"text-align: justify;\">As tabelas 1 e 2 mostram as principais movimenta\u00e7\u00f5es do com\u00e9rcio internacional de l\u00e1cteos nos meses de agosto e julho deste ano.<\/p>\n<p style=\"text-align: justify;\">Tabela 1. Balan\u00e7a comercial l\u00e1ctea em agosto de 2023<\/p>\n<p style=\"text-align: justify;\"><img decoding=\"async\" src=\"https:\/\/dl.dnzdns.com\/v\/CRrwefABF0432\" alt=\"\" data-cke-saved-src=\"https:\/\/dl.dnzdns.com\/v\/CRrwefABF0432\"><\/p>\n<p style=\"text-align: justify;\">Tabela 2. Balan\u00e7a comercial l\u00e1ctea em julho de 2023.<\/p>\n<p style=\"text-align: justify;\"><img decoding=\"async\" src=\"https:\/\/dl.dnzdns.com\/v\/b1lH79ABF0416\" alt=\"\" data-cke-saved-src=\"https:\/\/dl.dnzdns.com\/v\/b1lH79ABF0416\"><\/p>\n<p style=\"text-align: justify;\">Fonte: Elaborado pelo MilkPoint Mercado com base em dados COMEXSTAT.<\/p>\n<p style=\"text-align: justify;\">O que podemos esperar para o pr\u00f3ximo m\u00eas?<\/p>\n<p style=\"text-align: justify;\">Apesar da cont\u00ednua queda nos pre\u00e7os internacionais dos principais derivados l\u00e1cteos, o mercado brasileiro j\u00e1 se encontra muito abastecido para diversas categorias, apresentando algumas dificuldades no escoamento dos produtos. Dessa forma, os compradores brasileiros t\u00eam diminu\u00eddo a demanda pelos produtos importados, consequentemente, espera-se que as importa\u00e7\u00f5es enfrentem um recuo no pr\u00f3ximo m\u00eas, ficando abaixo do volume importado em setembro\/22, por\u00e9m, se mantendo ainda em um patamar elevado.<\/p>\n<p style=\"text-align: justify;\">Do outro lado, com a queda nos pre\u00e7os internacionais, as exporta\u00e7\u00f5es seguem pouco atrativas para o Brasil. (Milkpoint)<\/p>\n<hr>\n<div style=\"text-align: justify;\"><b>Esteio recebe doa\u00e7\u00e3o de 1,8 mil litros de leite do SINDILAT\/RS em parceria com a Gadolando<\/b><\/div>\n<div style=\"text-align: justify;\">&nbsp;<\/div>\n<div style=\"text-align: justify;\">A Secretaria Municipal de Cidadania e Direitos Humanos (SMCDH) recebeu, na manh\u00e3 desta ter\u00e7a-feira (12), a doa\u00e7\u00e3o de 1,8 mil litros de leite.&nbsp;<\/div>\n<div style=\"text-align: justify;\">&nbsp;<\/div>\n<div style=\"text-align: justify;\">O produto foi repassado pelo Sindicato da Ind\u00fastria de Latic\u00ednios e Produtos Derivados (SINDILAT\/RS) em parceria com a Associa\u00e7\u00e3o dos Criadores de Gado Holand\u00eas do Rio Grande do Sul (Gadolando) e equivale ao que foi produzido pelas vacas campe\u00e3s da ra\u00e7a na \u00faltima Expointer. Durante a Feira, as entidades j\u00e1 haviam doado 300 litros para a SMCDH.<\/div>\n<div style=\"text-align: justify;\">&nbsp;<\/div>\n<div style=\"text-align: justify;\">O leite ser\u00e1 direcionado para as fam\u00edlias atendidas pelos programas Crian\u00e7a Feliz e Idoso Feliz, que ser\u00e1 lan\u00e7ado em breve. (Prefeitura de Esteio)<\/div>\n<div style=\"text-align: justify;\">&nbsp;<\/div>\n<div style=\"text-align: justify;\">&nbsp;<\/div>\n<div style=\"text-align: justify;\">\n<p><img decoding=\"async\" src=\"https:\/\/dl.dnzdns.com\/v\/2SLz6cABF0416\" alt=\"\" data-cke-saved-src=\"https:\/\/dl.dnzdns.com\/v\/2SLz6cABF0416\"><\/p>\n<p><img decoding=\"async\" src=\"https:\/\/dl.dnzdns.com\/v\/vM1958ABF0481\" alt=\"\" data-cke-saved-src=\"https:\/\/dl.dnzdns.com\/v\/vM1958ABF0481\"><\/p>\n<\/div>\n<div style=\"text-align: justify;\">&nbsp;<\/div>\n<div style=\"text-align: justify;\">&nbsp;<\/div>\n<div style=\"text-align: justify;\">&nbsp;<\/div>\n<div style=\"text-align: justify;\"><b><br \/>\nSemin\u00e1rio Seguran\u00e7a de Alimentos visa melhorar pr\u00e1ticas para maior preven\u00e7\u00e3o e redu\u00e7\u00e3o de riscos<\/b><\/div>\n<div style=\"text-align: justify;\">&nbsp;<\/div>\n<div style=\"text-align: justify;\">Um evento formatado para produtores, processadores, fornecedores, distribuidores, reguladores, acad\u00eamicos e consultores de diversos setores da ind\u00fastria de alimentos. Assim pode ser descrito o II Semin\u00e1rio de Seguran\u00e7a de Alimentos, atividade que ocorre no dia 17 de outubro e que integra a programa\u00e7\u00e3o da Jornada T\u00e9cnica do Setor Aliment\u00edcio (Jornada da Alimenta\u00e7\u00e3o). Abordando temas como neuroci\u00eancia, avalia\u00e7\u00e3o de desempenho, monitoramento microbiol\u00f3gico ambiental, log\u00edstica e qualidade estrat\u00e9gica, o semin\u00e1rio se destaca por desempenhar um papel fundamental na dissemina\u00e7\u00e3o de informa\u00e7\u00f5es, troca de conhecimentos e promo\u00e7\u00e3o das melhores pr\u00e1ticas.<\/div>\n<div style=\"text-align: justify;\">&nbsp;<\/div>\n<div style=\"text-align: justify;\">De acordo com a especialista nas \u00e1reas de Qu\u00edmica, Alimentos e Qualidade, Mirian Herrmann, que coordena a atividade, o principal objetivo \u00e9 promover um debate com profissionais diversos, \u201cenriquecendo o conhecimento coletivo e permitindo que os participantes \u201cse alimentem\u201d de informa\u00e7\u00f5es\u201d. Para ela, as organiza\u00e7\u00f5es enfrentam uma s\u00e9rie de desafios no ambiente da seguran\u00e7a dos alimentos devido \u00e0 crescente complexidade da cadeia de produ\u00e7\u00e3o, distribui\u00e7\u00e3o e consumo, al\u00e9m das mudan\u00e7as nas expectativas, tend\u00eancias e regulamenta\u00e7\u00f5es governamentais, e por isso a necessidade de mais conhecimento sobre o tema, desde a produ\u00e7\u00e3o at\u00e9 o consumo.<\/div>\n<div style=\"text-align: justify;\">&nbsp;<\/div>\n<div style=\"text-align: justify;\">&nbsp;<\/div>\n<div style=\"text-align: justify;\">Ao buscar dados mais objetivos e aplicados \u00e0 rotina das empresas, os envolvidos com a seguran\u00e7a dos alimentos poder\u00e3o \u201cmelhorar a identifica\u00e7\u00e3o de riscos potenciais em suas opera\u00e7\u00f5es e implementar medidas preventivas para evitar problemas como contamina\u00e7\u00f5es, surtos de doen\u00e7as, recalls, melhorias nas quest\u00f5es de higiene, controle de qualidade, regulamenta\u00e7\u00f5es, rastreabilidade e preven\u00e7\u00e3o de contamina\u00e7\u00e3o\u201d.&nbsp;<\/div>\n<div style=\"text-align: justify;\">&nbsp;<\/div>\n<div style=\"text-align: justify;\">A Jornada<\/div>\n<div style=\"text-align: justify;\">&nbsp;<\/div>\n<div style=\"text-align: justify;\">A Jornada T\u00e9cnica do Setor Aliment\u00edcio (Jornada da Alimenta\u00e7\u00e3o) ocorre de 16 a 19 de outubro, no Clube Tiro e Ca\u00e7a, em Lajeado. Tamb\u00e9m fazem parte da programa\u00e7\u00e3o: Abertura e Confraterniza\u00e7\u00e3o (16); XX Workshop em Alimentos (16 e 17); V Meeting Empresarial (18), II Semin\u00e1rio de L\u00e1cteos (19) e I Semin\u00e1rio de Inova\u00e7\u00e3o (19). Em paralelo, mais de 45 fornecedores estar\u00e3o expondo novidades, lan\u00e7amentos e solu\u00e7\u00f5es para o setor junto ao sal\u00e3o principal. O investimento \u00e9 de R$ 110,00 para um dia, R$ 210,00 para dois e R$ 300,00 para os tr\u00eas. A programa\u00e7\u00e3o completa e as inscri\u00e7\u00f5es est\u00e3o dispon\u00edveis em www.jornadaalimentaacao.com.br<\/div>\n<div style=\"text-align: justify;\">&nbsp;<\/div>\n<div style=\"text-align: justify;\">A Jornada da Alimenta\u00e7\u00e3o 2023 \u00e9 uma realiza\u00e7\u00e3o da Associa\u00e7\u00e3o Comercial e Industrial de Lajeado (Acil). O evento tem como patrocinadores ouro Solutaste, Saporiti, Prova Brasil, Reinegend, Vidara, Hyg Flavors, Bring\/Caldic e Rousslot; e apoio do Grupo T\u00e9cnico em Alimentos (GTA), Grupo T\u00e9cnico em Prote\u00edna Animal (GTPA) e Prefeitura de Lajeado.<\/div>\n<div style=\"text-align: justify;\">&nbsp;<\/div>\n<div style=\"text-align: justify;\">Programa\u00e7\u00e3o Semin\u00e1rio de Seguran\u00e7a de Alimentos<\/div>\n<div style=\"text-align: justify;\">&nbsp;<\/div>\n<div style=\"text-align: justify;\">\u25cf 8h00min - Abertura e boas-vindas - Mirian Hermann&nbsp;<\/div>\n<div style=\"text-align: justify;\">\u25cf 8h30min - Como a neuroci\u00eancia pode contribuir com a Lideran\u00e7a nas ind\u00fastrias de alimentos - Carla Otsuki (CO Consultoria)&nbsp;<\/div>\n<div style=\"text-align: justify;\">\u25cf 9h15min - Food Fraud e Food Defense - Luciana Heredia (IQualy)&nbsp;<\/div>\n<div style=\"text-align: justify;\">\u25cf 10h00min - Visita \u00e0 exposi\u00e7\u00e3o \/ networking&nbsp; &nbsp; &nbsp;&nbsp;<\/div>\n<div style=\"text-align: justify;\">\u25cf 10h40min - Import\u00e2ncia e representatividade das amostras na tomada de decis\u00f5es - Graziela Bianchetti (Sanuvitas)&nbsp;<\/div>\n<div style=\"text-align: justify;\">\u25cf 11h20min - Solu\u00e7\u00f5es naturais: uma abordagem promissora para prolongar a vida \u00fatil e garantir a seguran\u00e7a dos alimentos -&nbsp; M\u00f4nica Higa (Kemin)&nbsp;<\/div>\n<div style=\"text-align: justify;\">\u25cf 12h00min - Almo\u00e7o\/Visita \u00e0 exposi\u00e7\u00e3o&nbsp; &nbsp;<\/div>\n<div style=\"text-align: justify;\">\u25cf 13h45min - Avalia\u00e7\u00e3o de Desempenho do SGSA na pr\u00e1tica - Luciana Heredia (IQualy)&nbsp;&nbsp;<\/div>\n<div style=\"text-align: justify;\">\u25cf 14h30min - Desvendando o invis\u00edvel: Monitoramento Microbiol\u00f3gico Ambiental - Mirian Herrmann (Qualidade Alta)&nbsp;<\/div>\n<div style=\"text-align: justify;\">\u25cf 15h30min - Visita \u00e0 exposi\u00e7\u00e3o \/ networking&nbsp; &nbsp; &nbsp;&nbsp;<\/div>\n<div style=\"text-align: justify;\">\u25cf 16h15min - Armazenamento e Log\u00edstica na Cadeia de Alimentos - Eduardo Stephano (ES Consultoria)&nbsp;&nbsp;<\/div>\n<div style=\"text-align: justify;\">\u25cf 17h00min - Qualidade Estrat\u00e9gica - Carla Otsuki (CO Consultoria)<\/div>\n<div style=\"text-align: justify;\">&nbsp;<\/div>\n<div style=\"text-align: justify;\">Inscreva-se aqui: www.jornadaalimentaacao.com.br<\/div>\n<div style=\"text-align: justify;\">&nbsp;<\/div>\n<div style=\"text-align: justify;\">As informa\u00e7\u00f5es s\u00e3o da Jornada da Alimenta\u00e7\u00e3o<\/div>\n<div id=\"icpbravoaccess_loaded\" style=\"text-align: justify;\">\n<div style=\"text-align: justify;\">\n<hr>\n<\/div>\n<\/div>\n<div id=\"icpbravoaccess_loaded\" style=\"text-align: justify;\">\n<div id=\"icpbravoaccess_loaded\" style=\"text-align: justify;\">\n<div id=\"icpbravoaccess_loaded\">\n<div style=\"text-align: justify;\">\n<p style=\"text-align: center;\"><i style=\"font-size: 1rem;\"><b>Jogo R\u00e1pido<\/b><\/i><\/p>\n<\/div>\n<\/div>\n<\/div>\n<\/div>\n<p style=\"text-align: center;\"><i><b>Chuvas intensas previstas para o Estado nos pr\u00f3ximos dias<br \/>\n<\/b>Chuvas intensas ainda devem ocorrer nos pr\u00f3ximos sete dias no Rio Grande do Sul. \u00c9 o que aponta o Boletim Integrado Agrometeorol\u00f3gico 36\/2023, da Secretaria da Agricultura, Pecu\u00e1ria, Produ\u00e7\u00e3o Sustent\u00e1vel e Irriga\u00e7\u00e3o (Seapi), em parceria com a Emater\/RS-Ascar e o Irga. Entre segunda (11\/9) e quarta-feira (13\/9), a presen\u00e7a de uma nova \u00e1rea de baixa press\u00e3o manter\u00e1 a nebulosidade e a chuva, com risco de temporais isolados na maioria das regi\u00f5es. Os totais esperados dever\u00e3o oscilar entre 60 e 90 mm na maioria das localidades da Metade Norte. No restante do Estado, os valores previstos s\u00e3o mais elevados e dever\u00e3o variar entre 125 mm e 150 mm, podendo superar 180 mm entre a Campanha e a Zona Sul. O boletim tamb\u00e9m aborda a situa\u00e7\u00e3o de diversas culturas e cria\u00e7\u00f5es de animais pelo Estado. Acompanhe todas as publica\u00e7\u00f5es agrometeorol\u00f3gicas da Secretaria em&nbsp; www.agricultura.rs.gov.br\/agrometeorologia. As informa\u00e7\u00f5es s\u00e3o da SEAPI.<\/i><\/p>\n<div id=\"icpbravoaccess_loaded\" style=\"text-align: justify;\">\n<div id=\"icpbravoaccess_loaded\">\n<hr>\n<\/div>\n<\/div>\n<div id=\"icpbravoaccess_loaded\">&nbsp;<\/div>\n<div id=\"icpbravoaccess_loaded\">&nbsp;<\/div>\n<div id=\"icpbravoaccess_loaded\">&nbsp;<\/div>\n<div id=\"icpbravoaccess_loaded\">&nbsp;<\/div>\n<div id=\"icpbravoaccess_loaded\">&nbsp;<\/div>\n","protected":false},"excerpt":{"rendered":"<p>Porto Alegre, 12 de setembro de 2023&nbsp; &nbsp; &nbsp; &nbsp; &nbsp; &nbsp; &nbsp; &nbsp; &nbsp; &nbsp; &nbsp; &nbsp; &nbsp; &nbsp; &nbsp; &nbsp; &nbsp; &nbsp; &nbsp; &nbsp; &nbsp; &nbsp; &nbsp; &nbsp; &nbsp; &nbsp;Ano 17 - N\u00b0 3.984 Balan\u00e7a comercial de l\u00e1cteos: novo avan\u00e7o nas importa\u00e7\u00f5es Durante o m\u00eas de agosto, o saldo da balan\u00e7a comercial de <a href=\"https:\/\/www.sindilat.com.br\/site\/2023\/09\/12\/12-09-2023\/\" class=\"more-link\">...continuar lendo<span class=\"screen-reader-text\"> \"12\/09\/2023\"<\/span><\/a><\/p>\n","protected":false},"author":2,"featured_media":0,"comment_status":"open","ping_status":"open","sticky":false,"template":"","format":"standard","meta":{"ngg_post_thumbnail":0,"footnotes":""},"categories":[28],"tags":[],"class_list":{"0":"post-12761","1":"post","2":"type-post","3":"status-publish","4":"format-standard","6":"category-newsletter","7":"h-entry","8":"hentry","9":"h-as-article"},"_links":{"self":[{"href":"https:\/\/www.sindilat.com.br\/site\/wp-json\/wp\/v2\/posts\/12761","targetHints":{"allow":["GET"]}}],"collection":[{"href":"https:\/\/www.sindilat.com.br\/site\/wp-json\/wp\/v2\/posts"}],"about":[{"href":"https:\/\/www.sindilat.com.br\/site\/wp-json\/wp\/v2\/types\/post"}],"author":[{"embeddable":true,"href":"https:\/\/www.sindilat.com.br\/site\/wp-json\/wp\/v2\/users\/2"}],"replies":[{"embeddable":true,"href":"https:\/\/www.sindilat.com.br\/site\/wp-json\/wp\/v2\/comments?post=12761"}],"version-history":[{"count":3,"href":"https:\/\/www.sindilat.com.br\/site\/wp-json\/wp\/v2\/posts\/12761\/revisions"}],"predecessor-version":[{"id":12764,"href":"https:\/\/www.sindilat.com.br\/site\/wp-json\/wp\/v2\/posts\/12761\/revisions\/12764"}],"wp:attachment":[{"href":"https:\/\/www.sindilat.com.br\/site\/wp-json\/wp\/v2\/media?parent=12761"}],"wp:term":[{"taxonomy":"category","embeddable":true,"href":"https:\/\/www.sindilat.com.br\/site\/wp-json\/wp\/v2\/categories?post=12761"},{"taxonomy":"post_tag","embeddable":true,"href":"https:\/\/www.sindilat.com.br\/site\/wp-json\/wp\/v2\/tags?post=12761"}],"curies":[{"name":"wp","href":"https:\/\/api.w.org\/{rel}","templated":true}]}}