{"id":12590,"date":"2023-08-25T19:57:13","date_gmt":"2023-08-25T19:57:13","guid":{"rendered":"https:\/\/www.sindilat.com.br\/site\/?p=12590"},"modified":"2023-08-25T19:57:13","modified_gmt":"2023-08-25T19:57:13","slug":"vencedores-do-premio-referencia-leiteira-serao-conhecidos-no-dia-31-08","status":"publish","type":"post","link":"https:\/\/www.sindilat.com.br\/site\/2023\/08\/25\/vencedores-do-premio-referencia-leiteira-serao-conhecidos-no-dia-31-08\/","title":{"rendered":"Vencedores do Pr\u00eamio Refer\u00eancia Leiteira ser\u00e3o conhecidos no dia 31\/08"},"content":{"rendered":"<p style=\"text-align: justify;\">Ser\u00e3o revelados, na quinta-feira (31\/8), os 12 vencedores da 2\u00aa edi\u00e7\u00e3o do Pr\u00eamio Refer\u00eancia Leiteira. Ao todo, a premia\u00e7\u00e3o, promovida pelo Sindicato da Ind\u00fastria de Latic\u00ednios do Estado do Rio Grande do Sul (Sindilat\/RS), a Associa\u00e7\u00e3o Riograndense de Empreendimentos de Assist\u00eancia T\u00e9cnica e Extens\u00e3o Rural (Emater\/RS), a Secretaria da Agricultura, Pecu\u00e1ria, Produ\u00e7\u00e3o Sustent\u00e1vel e Irriga\u00e7\u00e3o (Seapi) e a Secretaria de Desenvolvimento Rural (SDR) contou com a participa\u00e7\u00e3o de 150 iniciativas. Ao t\u00edtulo de Propriedade Refer\u00eancia em Produ\u00e7\u00e3o de Leite, concorrem 116 tambos divididos entre os que adotam sistemas \u00e0 base de pasto e os de semiconfinamento ou confinamento. J\u00e1 na categoria de cases, h\u00e1 34 projetos na disputa entre os grupos Protagonismo Feminino, Inova\u00e7\u00e3o, Gest\u00e3o da Atividade Leiteira, Sucess\u00e3o Familiar, Sustentabilidade Ambiental e Bem-estar Animal.<\/p>\n<p style=\"text-align: justify;\">A premia\u00e7\u00e3o \u00e9 um reconhecimento aos produtores e propriedades que t\u00eam se destacado no setor l\u00e1cteo do Rio Grande do Sul, premiando aqueles que t\u00eam desenvolvido um excelente trabalho e tamb\u00e9m incentivado a implementa\u00e7\u00e3o de avan\u00e7os e as inova\u00e7\u00f5es para impulsionar o setor rumo a uma produ\u00e7\u00e3o cada vez mais sustent\u00e1vel e eficiente.<\/p>\n<p style=\"text-align: justify;\">A defini\u00e7\u00e3o dos vencedores dos cases se deu atrav\u00e9s da avalia\u00e7\u00e3o da comiss\u00e3o julgadora composta por nomes relevantes do setor: Gisele Loeblein e Andreia Meira, na categoria Protagonismo Feminino; Rog\u00e9rio Dereti e Aline Balbinotto, na de Gest\u00e3o da Atividade Leiteira; Saionara Ara\u00fajo Wagner e Nereida Vergara, na de Sucess\u00e3o Familiar; Jonas Wesz e S\u00e9rgio Elmar Bender, na de Inova\u00e7\u00e3o; Carlos Magno e Let\u00edcia Vieira, na de Sustentabilidade Ambiental.<\/p>\n<p style=\"text-align: justify;\">J\u00e1 as propriedades que concorrem nas categorias Propriedade Refer\u00eancia em Produ\u00e7\u00e3o de Leite: sistemas \u00e0 base de pasto e Propriedade Refer\u00eancia em Produ\u00e7\u00e3o de Leite: sistemas de semiconfinamento ou confinamento s\u00e3o avaliadas com base em crit\u00e9rios que levam em considera\u00e7\u00e3o a soma da pontua\u00e7\u00e3o das propriedades inscritas, com foco nos seguintes fatores: produtividade por hectare de terra (litros de leite\/hectare\/ano); produtividade por pessoa envolvida na m\u00e3o de obra (litros de leite\/pessoa\/ano); qualidade do leite, avaliada atrav\u00e9s dos resultados de an\u00e1lises mensais em laborat\u00f3rios oficiais da RBQL, acrescido de uma bonifica\u00e7\u00e3o por certifica\u00e7\u00e3o de propriedade livre de tuberculose e brucelose. Estes crit\u00e9rios s\u00e3o tabulados pela Emater\/RS e levam em conta os dados obtidos de 01 de julho de 2022 a 31 de junho de 2023.<\/p>\n<p style=\"text-align: justify;\">A cerim\u00f4nia, que acontecer\u00e1 das 9h20min \u00e0s 12h, contar\u00e1 ainda com a apresenta\u00e7\u00e3o de iniciativas e tecnologias inovadoras para a cadeia leiteira, conforme a programa\u00e7\u00e3o abaixo. Ao serem premiados, os destaques receber\u00e3o trof\u00e9u e certificado, bem como um notebook como pr\u00eamio. Durante o evento, tamb\u00e9m ser\u00e1 lan\u00e7ada a 1\u00aa Edi\u00e7\u00e3o da Revista Refer\u00eancia Leiteira e o 3\u00ba Pr\u00eamio Refer\u00eancia Leiteira.<\/p>\n<p style=\"text-align: justify;\"><strong>PROGRAMA\u00c7\u00c3O OFICIAL<\/strong><\/p>\n<p style=\"text-align: justify;\">9h20min - Abertura com degusta\u00e7\u00e3o de produtos l\u00e1cteos<br \/>\n9h30min - Alexandre Berndt, pesquisador da Embrapa Pecu\u00e1ria Sudeste<br \/>\nTema: Plataforma Embrapa de Leite Baixo Carbono<br \/>\n<strong>9h50min - Premia\u00e7\u00e3o \"Propriedades Refer\u00eancia em Produ\u00e7\u00e3o de Leite nos Sistemas \u00e0 base de pasto\"<\/strong><br \/>\n10h - Vin\u00edcius do Nascimento Lampert, pesquisador da Embrapa Pecu\u00e1ria Sul<br \/>\nTema: PSP Leite - Ferramenta de gest\u00e3o da produ\u00e7\u00e3o de leite<br \/>\n<strong>10h20min - Premia\u00e7\u00e3o \"Propriedades Refer\u00eancia em Produ\u00e7\u00e3o de Leite nos Sistemas de semiconfinamento ou confinamento\"<\/strong><br \/>\n10h30min - Jos\u00e9 Reck, pesquisador do Departamento de Diagn\u00f3stico e Pesquisa Agropecu\u00e1ria da Secretaria de Agricultura, Pecu\u00e1ria e Irriga\u00e7\u00e3o (DDPA\/Seapi)<br \/>\nTema: O carrapato bovino na propriedade leiteira<br \/>\n<strong>10h50min - Premia\u00e7\u00e3o \u201cCases de sucesso\u201d: Sucess\u00e3o Familiar e Bem-estar Animal<\/strong><br \/>\n11h - Apresenta\u00e7\u00e3o da 1\u00aa Escola T\u00e9cnica de Latic\u00ednios do RS e Vitrine Tecnol\u00f3gica do Leite<br \/>\n- Elmar Andr\u00e9 Schneider - Prefeito de Estrela<br \/>\n- Carine Schwingel - Secret\u00e1ria de Desenvolvimento, Inova\u00e7\u00e3o e Sustentabilidade de Estrela<br \/>\n- Alceu Moreira - Deputado Federal<br \/>\n- Darlan Palharini, secret\u00e1rio-executivo do Sindilat\/RS<br \/>\n- Guilherme Portella - presidente do Sindilat\/RS<br \/>\nApresenta\u00e7\u00e3o do Programa de Forma\u00e7\u00e3o em Qualidade do Leite: Forma\u00e7\u00e3o de Laboratoristas (Parceria Univates e Sindilat\/RS)<br \/>\n- Darlan Palharini, secret\u00e1rio-executivo do Sindilat\/RS<br \/>\n- Let\u00edcia Vieira, assessora de Qualidade do Sindilat\/RS<br \/>\n- Carlos Candido da Silva Cyrne, pr\u00f3-reitor de Pesquisa e Extens\u00e3o da Univates<br \/>\n- C\u00edntia Agostini, gerente comercial da Univates<br \/>\n- Cristiani Reimers, coordenadora do Parque Cient\u00edfico e Tecnol\u00f3gico do Vale do Taquari<br \/>\n- Daniel Lehn, Coordenador do curso<br \/>\n<strong>11h20min - Premia\u00e7\u00e3o \u201cCases de sucesso\u201d: Protagonismo Feminino e Inova\u00e7\u00e3o<\/strong><br \/>\n11h30min - Maria de Lourdes Magalh\u00e3es, diretora t\u00e9cnica da Scienco Biotech<br \/>\nTema: Testes R\u00e1pidos como inova\u00e7\u00e3o tecnol\u00f3gica para sele\u00e7\u00e3o de Rebanho A2<br \/>\n11h40min - Denize da Rosa Fraga, docente Uniju\u00ed e coordenadora Suport D Leite Empresa Suport D Leite<br \/>\nTema: Mastite x Tratamento SuporTest Antibiograma<br \/>\n<strong>11h50min - Premia\u00e7\u00e3o \u201cCases de sucesso\u201d: Gest\u00e3o da Atividade Leiteira e Sustentabilidade Ambiental<\/strong><br \/>\n12h - Lan\u00e7amento do 3\u00ba Pr\u00eamio Refer\u00eancia Leiteira e encerramento<\/p>\n<p style=\"text-align: justify;\">&nbsp;<\/p>\n","protected":false},"excerpt":{"rendered":"<p>Ser\u00e3o revelados, na quinta-feira (31\/8), os 12 vencedores da 2\u00aa edi\u00e7\u00e3o do Pr\u00eamio Refer\u00eancia Leiteira. Ao todo, a premia\u00e7\u00e3o, promovida pelo Sindicato da Ind\u00fastria de Latic\u00ednios do Estado do Rio Grande do Sul (Sindilat\/RS), a Associa\u00e7\u00e3o Riograndense de Empreendimentos de Assist\u00eancia T\u00e9cnica e Extens\u00e3o Rural (Emater\/RS), a Secretaria da Agricultura, Pecu\u00e1ria, Produ\u00e7\u00e3o Sustent\u00e1vel e Irriga\u00e7\u00e3o <a href=\"https:\/\/www.sindilat.com.br\/site\/2023\/08\/25\/vencedores-do-premio-referencia-leiteira-serao-conhecidos-no-dia-31-08\/\" class=\"more-link\">...continuar lendo<span class=\"screen-reader-text\"> \"Vencedores do Pr\u00eamio Refer\u00eancia Leiteira ser\u00e3o conhecidos no dia 31\/08\"<\/span><\/a><\/p>\n","protected":false},"author":3,"featured_media":12513,"comment_status":"open","ping_status":"open","sticky":false,"template":"","format":"standard","meta":{"ngg_post_thumbnail":0,"footnotes":""},"categories":[18,31],"tags":[],"class_list":{"0":"post-12590","1":"post","2":"type-post","3":"status-publish","4":"format-standard","5":"has-post-thumbnail","7":"category-noticias","8":"category-noticias-sindilat-tv","9":"h-entry","10":"hentry","11":"h-as-article"},"_links":{"self":[{"href":"https:\/\/www.sindilat.com.br\/site\/wp-json\/wp\/v2\/posts\/12590","targetHints":{"allow":["GET"]}}],"collection":[{"href":"https:\/\/www.sindilat.com.br\/site\/wp-json\/wp\/v2\/posts"}],"about":[{"href":"https:\/\/www.sindilat.com.br\/site\/wp-json\/wp\/v2\/types\/post"}],"author":[{"embeddable":true,"href":"https:\/\/www.sindilat.com.br\/site\/wp-json\/wp\/v2\/users\/3"}],"replies":[{"embeddable":true,"href":"https:\/\/www.sindilat.com.br\/site\/wp-json\/wp\/v2\/comments?post=12590"}],"version-history":[{"count":1,"href":"https:\/\/www.sindilat.com.br\/site\/wp-json\/wp\/v2\/posts\/12590\/revisions"}],"predecessor-version":[{"id":12591,"href":"https:\/\/www.sindilat.com.br\/site\/wp-json\/wp\/v2\/posts\/12590\/revisions\/12591"}],"wp:featuredmedia":[{"embeddable":true,"href":"https:\/\/www.sindilat.com.br\/site\/wp-json\/wp\/v2\/media\/12513"}],"wp:attachment":[{"href":"https:\/\/www.sindilat.com.br\/site\/wp-json\/wp\/v2\/media?parent=12590"}],"wp:term":[{"taxonomy":"category","embeddable":true,"href":"https:\/\/www.sindilat.com.br\/site\/wp-json\/wp\/v2\/categories?post=12590"},{"taxonomy":"post_tag","embeddable":true,"href":"https:\/\/www.sindilat.com.br\/site\/wp-json\/wp\/v2\/tags?post=12590"}],"curies":[{"name":"wp","href":"https:\/\/api.w.org\/{rel}","templated":true}]}}