{"id":11822,"date":"2023-04-25T14:25:12","date_gmt":"2023-04-25T14:25:12","guid":{"rendered":"https:\/\/www.sindilat.com.br\/site\/?p=11822"},"modified":"2023-04-25T14:25:12","modified_gmt":"2023-04-25T14:25:12","slug":"com-a-instalacao-de-comite-avancam-as-tratativas-para-criacao-da-escola-laticinista","status":"publish","type":"post","link":"https:\/\/www.sindilat.com.br\/site\/2023\/04\/25\/com-a-instalacao-de-comite-avancam-as-tratativas-para-criacao-da-escola-laticinista\/","title":{"rendered":"Com a instala\u00e7\u00e3o de Comit\u00ea, avan\u00e7am as tratativas para cria\u00e7\u00e3o da Escola Laticinista"},"content":{"rendered":"<p>A fim de implementar aquela que ser\u00e1 a primeira Escola T\u00e9cnica Laticinista do Rio Grande do Sul, aconteceu na quinta-feira (20\/04), a instala\u00e7\u00e3o do Comit\u00ea Gestor. O grupo, que congrega representantes da prefeitura de Estrela (RS), Univates, entidades de ensino e da ind\u00fastria leiteira, j\u00e1 definiu entre as diretrizes a oferta de vagas para todas as cidades do Estado durante o encontro realizado na cidade de Estrela.<\/p>\n<p>Conforme Darlan Palharini, secret\u00e1rio-executivo do Sindicato da Ind\u00fastria de Latic\u00ednios do Rio Grande do Sul (Sindilat\/RS) e integrante do Comit\u00ea, as defini\u00e7\u00f5es incluem que as vagas ser\u00e3o destinadas, neste primeiro momento, para quem j\u00e1 est\u00e1 atuando nas ind\u00fastrias, com forma\u00e7\u00e3o a partir do ensino m\u00e9dio. \u201cTiramos a orienta\u00e7\u00e3o de que a Escola T\u00e9cnica Laticinista deve ser uma solu\u00e7\u00e3o r\u00e1pida para a ind\u00fastria, al\u00e9m de apresentar modelos de neg\u00f3cio e abrir novos mercados\u201d, assinala.<\/p>\n<p>A secret\u00e1ria de Desenvolvimento, Inova\u00e7\u00e3o e Sustentabilidade da prefeitura de Estrela, Carine Schwingel, informa que o grupo definiu a oferta de tr\u00eas m\u00f3dulos de ensino em diferentes cidades do Vale do Taquari, aproveitando a estrutura da rede de ensino j\u00e1 existente atrav\u00e9s das institui\u00e7\u00f5es parceiras. Os m\u00f3dulos pr\u00e1ticos ser\u00e3o em Teut\u00f4nia; os anal\u00edticos na Univates, em Lajeado; e os te\u00f3ricos em Estrela.<\/p>\n<p>O espa\u00e7o onde acontecer\u00e3o as aulas te\u00f3ricas est\u00e1 reservado nas instala\u00e7\u00f5es da Escola Estadual de Educa\u00e7\u00e3o Profissional Estrela (EEEPE), que foi visitada pela diretoria do Sindilat. \u201cA diretora, Claudia Barth nos apresentou os espa\u00e7os onde o curso deve acontecer. \u00c9 uma estrutura muito qualificada e pronta para receber o projeto, o que \u00e9 um indicativo positivo tanto para a r\u00e1pida evolu\u00e7\u00e3o da sua implanta\u00e7\u00e3o quanto da uni\u00e3o da comunidade para que a Escola realmente se viabilize\u201d, afirma Palharini. Al\u00e9m da disponibilidade na regi\u00e3o, o secret\u00e1rio-executivo do Sindilat refor\u00e7ou que o projeto precisar\u00e1 da libera\u00e7\u00e3o dos recursos do Fundoleite para ser viabilizado.<\/p>\n<p>Foto: Karine Pinheiro<\/p>\n","protected":false},"excerpt":{"rendered":"<p>A fim de implementar aquela que ser\u00e1 a primeira Escola T\u00e9cnica Laticinista do Rio Grande do Sul, aconteceu na quinta-feira (20\/04), a instala\u00e7\u00e3o do Comit\u00ea Gestor. O grupo, que congrega representantes da prefeitura de Estrela (RS), Univates, entidades de ensino e da ind\u00fastria leiteira, j\u00e1 definiu entre as diretrizes a oferta de vagas para todas <a href=\"https:\/\/www.sindilat.com.br\/site\/2023\/04\/25\/com-a-instalacao-de-comite-avancam-as-tratativas-para-criacao-da-escola-laticinista\/\" class=\"more-link\">...continuar lendo<span class=\"screen-reader-text\"> \"Com a instala\u00e7\u00e3o de Comit\u00ea, avan\u00e7am as tratativas para cria\u00e7\u00e3o da Escola Laticinista\"<\/span><\/a><\/p>\n","protected":false},"author":3,"featured_media":11823,"comment_status":"open","ping_status":"open","sticky":false,"template":"","format":"standard","meta":{"ngg_post_thumbnail":0,"footnotes":""},"categories":[18,31],"tags":[41,47,76,42],"class_list":{"0":"post-11822","1":"post","2":"type-post","3":"status-publish","4":"format-standard","5":"has-post-thumbnail","7":"category-noticias","8":"category-noticias-sindilat-tv","9":"tag-leite","10":"tag-setor-lacteo","11":"tag-setor-leiteiro","12":"tag-sindilat","13":"h-entry","14":"hentry","15":"h-as-article"},"_links":{"self":[{"href":"https:\/\/www.sindilat.com.br\/site\/wp-json\/wp\/v2\/posts\/11822","targetHints":{"allow":["GET"]}}],"collection":[{"href":"https:\/\/www.sindilat.com.br\/site\/wp-json\/wp\/v2\/posts"}],"about":[{"href":"https:\/\/www.sindilat.com.br\/site\/wp-json\/wp\/v2\/types\/post"}],"author":[{"embeddable":true,"href":"https:\/\/www.sindilat.com.br\/site\/wp-json\/wp\/v2\/users\/3"}],"replies":[{"embeddable":true,"href":"https:\/\/www.sindilat.com.br\/site\/wp-json\/wp\/v2\/comments?post=11822"}],"version-history":[{"count":1,"href":"https:\/\/www.sindilat.com.br\/site\/wp-json\/wp\/v2\/posts\/11822\/revisions"}],"predecessor-version":[{"id":11824,"href":"https:\/\/www.sindilat.com.br\/site\/wp-json\/wp\/v2\/posts\/11822\/revisions\/11824"}],"wp:featuredmedia":[{"embeddable":true,"href":"https:\/\/www.sindilat.com.br\/site\/wp-json\/wp\/v2\/media\/11823"}],"wp:attachment":[{"href":"https:\/\/www.sindilat.com.br\/site\/wp-json\/wp\/v2\/media?parent=11822"}],"wp:term":[{"taxonomy":"category","embeddable":true,"href":"https:\/\/www.sindilat.com.br\/site\/wp-json\/wp\/v2\/categories?post=11822"},{"taxonomy":"post_tag","embeddable":true,"href":"https:\/\/www.sindilat.com.br\/site\/wp-json\/wp\/v2\/tags?post=11822"}],"curies":[{"name":"wp","href":"https:\/\/api.w.org\/{rel}","templated":true}]}}