{"id":11819,"date":"2023-04-24T21:16:12","date_gmt":"2023-04-24T21:16:12","guid":{"rendered":"https:\/\/www.sindilat.com.br\/site\/?p=11819"},"modified":"2023-04-24T21:16:12","modified_gmt":"2023-04-24T21:16:12","slug":"governo-tera-grupo-de-trabalho-para-revisar-aplicacao-do-faf","status":"publish","type":"post","link":"https:\/\/www.sindilat.com.br\/site\/2023\/04\/24\/governo-tera-grupo-de-trabalho-para-revisar-aplicacao-do-faf\/","title":{"rendered":"Governo ter\u00e1 Grupo de Trabalho para revisar aplica\u00e7\u00e3o do FAF"},"content":{"rendered":"<p><b><\/b>O governador Eduardo Leite anunciou que ir\u00e1 criar um grupo de trabalho (GT) para tratar de a\u00e7\u00f5es emergenciais em socorro ao setor de prote\u00edna animal, entre elas uma poss\u00edvel revis\u00e3o do Fator de Ajuste de Frui\u00e7\u00e3o (FAF). Segundo ele, a ideia \u00e9 identificar seus efeitos sobre a competitividade da produ\u00e7\u00e3o e indicar a\u00e7\u00f5es objetivas para serem adotadas no curto e m\u00e9dio prazo. \u201cPrecisamos entender o que \u00e9 emergencial em fun\u00e7\u00e3o da conjuntura e quais s\u00e3o os ganhos estruturais necess\u00e1rios\u201d, citou.<\/p>\n<p>Mantendo di\u00e1logo com o setor produtivo, Leite admitiu que o sistema tribut\u00e1rio ga\u00facho \u00e9 de dif\u00edcil manuseio, uma vez que o regime de recupera\u00e7\u00e3o fiscal vem com algumas condicionantes.<\/p>\n<p>O subsecret\u00e1rio da Receita Estadual, Ricardo Pereira, frisou que o governo est\u00e1 preocupado com a competitividade. Segundo dados apresentados por ele, o FAF foi respons\u00e1vel pela diminui\u00e7\u00e3o de 3,5% a 4% no bolo de cr\u00e9ditos presumidos apropriados pelos setores.<\/p>\n<p>A cria\u00e7\u00e3o do GT ficar\u00e1 a cargo da Casa Civil e vai incluir a an\u00e1lise das diversas demandas apresentadas nesta segunda-feira (24\/04) pelas entidades das cadeias de produ\u00e7\u00e3o de prote\u00edna animal a representantes do Executivo e do Legislativo.<\/p>\n<p>Presente ao encontro, o Sindicato da Ind\u00fastria de Latic\u00ednios do RS (Sindilat\/RS) entregou of\u00edcio ao governador Eduardo Leite refor\u00e7ando as dificuldades enfrentadas pelo setor l\u00e1cteo e as medidas necess\u00e1rias para contorn\u00e1-las. A principal delas, refor\u00e7ou o presidente do Sindilat\/RS, Guilherme Portella, \u00e9 a suspens\u00e3o do FAF. \u201cPrecisamos trabalhar na competitividade e isso exige atuar em diferentes frentes no campo e na ind\u00fastria, mas requer tamb\u00e9m aten\u00e7\u00e3o \u00e0 quest\u00e3o tribut\u00e1ria. Precisamos de uma posi\u00e7\u00e3o para a quest\u00e3o do FAF, que foi criado com um fim interessante, mas n\u00e3o se aplica ao leite porque n\u00e3o h\u00e1 produtos para serem adquiridos dentro do RS, sejam as embalagens cartonadas ou insumos, como ingredientes para fabrica\u00e7\u00e3o de queijos\u201d.<\/p>\n<p>Portella lembrou que o impasse gerado agrava-se com as dificuldades clim\u00e1ticas e a crise levou o Estado a perder espa\u00e7o no setor l\u00e1cteo para o Paran\u00e1. \u201cO abandono de atividade pelos produtores mostra que temos perdido competitividade. O Paran\u00e1 criou pol\u00edtica similar ao FAF, mas excluiu o leite porque entendeu que esse \u00e9 um setor estrat\u00e9gico\u201d, citou.<\/p>\n<p>Entre os motivos para a perda de competitividade pelo leite ga\u00facho, o Sindilat ainda pontuou no documento entregue ao Executivo os preju\u00edzos causados pela concess\u00e3o de benef\u00edcios por pa\u00edses do Mercosul. A Argentina, por exemplo, concedeu subs\u00eddios para mais de 52% de seus produtores, no valor de mais de R$ 60 mil previsto at\u00e9 maio de 2023.<\/p>\n<p>Conforme o secret\u00e1rio-executivo Sindilat\/RS, Darlan Palharini, tamb\u00e9m foi solicitado ao governador a libera\u00e7\u00e3o dos recursos do Fundoleite, a fim de fomentar e dar competitividade \u00e0 cadeia l\u00e1ctea, cuja produ\u00e7\u00e3o est\u00e1 presente em 451 munic\u00edpios ga\u00fachos.<\/p>\n<p>O encontro no Pal\u00e1cio Piratini, em Porto Alegre (RS), foi articulado pelas Comiss\u00f5es de Agricultura, Pecu\u00e1ria, Pesca e Cooperativismo, de Economia, de Desenvolvimento Sustent\u00e1vel e do Turismo e pela Frente Parlamentar da Agropecu\u00e1ria da Assembleia Legislativa.<\/p>\n<p><b>Foto: <\/b><b>Carolina Jardine<\/b><\/p>\n","protected":false},"excerpt":{"rendered":"<p>O governador Eduardo Leite anunciou que ir\u00e1 criar um grupo de trabalho (GT) para tratar de a\u00e7\u00f5es emergenciais em socorro ao setor de prote\u00edna animal, entre elas uma poss\u00edvel revis\u00e3o do Fator de Ajuste de Frui\u00e7\u00e3o (FAF). Segundo ele, a ideia \u00e9 identificar seus efeitos sobre a competitividade da produ\u00e7\u00e3o e indicar a\u00e7\u00f5es objetivas para <a href=\"https:\/\/www.sindilat.com.br\/site\/2023\/04\/24\/governo-tera-grupo-de-trabalho-para-revisar-aplicacao-do-faf\/\" class=\"more-link\">...continuar lendo<span class=\"screen-reader-text\"> \"Governo ter\u00e1 Grupo de Trabalho para revisar aplica\u00e7\u00e3o do FAF\"<\/span><\/a><\/p>\n","protected":false},"author":3,"featured_media":11820,"comment_status":"open","ping_status":"open","sticky":false,"template":"","format":"standard","meta":{"ngg_post_thumbnail":0,"footnotes":""},"categories":[18,31],"tags":[],"class_list":{"0":"post-11819","1":"post","2":"type-post","3":"status-publish","4":"format-standard","5":"has-post-thumbnail","7":"category-noticias","8":"category-noticias-sindilat-tv","9":"h-entry","10":"hentry","11":"h-as-article"},"_links":{"self":[{"href":"https:\/\/www.sindilat.com.br\/site\/wp-json\/wp\/v2\/posts\/11819","targetHints":{"allow":["GET"]}}],"collection":[{"href":"https:\/\/www.sindilat.com.br\/site\/wp-json\/wp\/v2\/posts"}],"about":[{"href":"https:\/\/www.sindilat.com.br\/site\/wp-json\/wp\/v2\/types\/post"}],"author":[{"embeddable":true,"href":"https:\/\/www.sindilat.com.br\/site\/wp-json\/wp\/v2\/users\/3"}],"replies":[{"embeddable":true,"href":"https:\/\/www.sindilat.com.br\/site\/wp-json\/wp\/v2\/comments?post=11819"}],"version-history":[{"count":1,"href":"https:\/\/www.sindilat.com.br\/site\/wp-json\/wp\/v2\/posts\/11819\/revisions"}],"predecessor-version":[{"id":11821,"href":"https:\/\/www.sindilat.com.br\/site\/wp-json\/wp\/v2\/posts\/11819\/revisions\/11821"}],"wp:featuredmedia":[{"embeddable":true,"href":"https:\/\/www.sindilat.com.br\/site\/wp-json\/wp\/v2\/media\/11820"}],"wp:attachment":[{"href":"https:\/\/www.sindilat.com.br\/site\/wp-json\/wp\/v2\/media?parent=11819"}],"wp:term":[{"taxonomy":"category","embeddable":true,"href":"https:\/\/www.sindilat.com.br\/site\/wp-json\/wp\/v2\/categories?post=11819"},{"taxonomy":"post_tag","embeddable":true,"href":"https:\/\/www.sindilat.com.br\/site\/wp-json\/wp\/v2\/tags?post=11819"}],"curies":[{"name":"wp","href":"https:\/\/api.w.org\/{rel}","templated":true}]}}