{"id":11812,"date":"2023-04-24T19:38:30","date_gmt":"2023-04-24T19:38:30","guid":{"rendered":"https:\/\/www.sindilat.com.br\/site\/?p=11812"},"modified":"2023-04-24T19:40:34","modified_gmt":"2023-04-24T19:40:34","slug":"24-04-2023","status":"publish","type":"post","link":"https:\/\/www.sindilat.com.br\/site\/2023\/04\/24\/24-04-2023\/","title":{"rendered":"24\/04\/2023"},"content":{"rendered":"<p><img loading=\"lazy\" decoding=\"async\" class=\"\" style=\"text-align: justify; font-size: 1rem;\" src=\"https:\/\/dl.dnzdns.com\/v\/uuURf8ABF0257\" alt=\"Newsletter Sindilat_RS\" width=\"1159\" height=\"207\"><\/p>\n<div id=\"icpbravoaccess_loaded\">\n<div id=\"icpbravoaccess_loaded\">\n<div id=\"icpbravoaccess_loaded\">\n<p style=\"text-align: justify;\">Porto Alegre, 24 de abril de 2023&nbsp; &nbsp; &nbsp; &nbsp; &nbsp; &nbsp; &nbsp; &nbsp; &nbsp; &nbsp; &nbsp; &nbsp; &nbsp; &nbsp; &nbsp; &nbsp; &nbsp; &nbsp; &nbsp; &nbsp; &nbsp; &nbsp; &nbsp; &nbsp; &nbsp; &nbsp; &nbsp; &nbsp; &nbsp; &nbsp; Ano 17 - N\u00b0 3.886<\/p>\n<\/div>\n<\/div>\n<\/div>\n<hr>\n<div style=\"text-align: justify;\">\n<p><b>Com a instala\u00e7\u00e3o de Comit\u00ea, avan\u00e7am as tratativas para cria\u00e7\u00e3o da Escola Laticinista<br \/>\n<\/b><br \/>\nA fim de implementar aquela que ser\u00e1 a primeira Escola T\u00e9cnica Laticinista do Rio Grande do Sul, aconteceu na quinta-feira (20\/04), a instala\u00e7\u00e3o do Comit\u00ea Gestor. O grupo, que congrega representantes da prefeitura de Estrela, Univates, entidades de ensino e da ind\u00fastria leiteira, j\u00e1 definiu entre as diretrizes a oferta de vagas para todas as cidades do Estado durante o encontro realizado na cidade de Estrela.<\/p>\n<p>Conforme Darlan Palharini, secret\u00e1rio-executivo do Sindicato da Ind\u00fastria de Latic\u00ednios do Rio Grande do Sul (Sindilat\/RS) e integrante do Comit\u00ea, as defini\u00e7\u00f5es incluem que as vagas ser\u00e3o destinadas, neste primeiro momento, para quem j\u00e1 est\u00e1 atuando nas ind\u00fastrias, com forma\u00e7\u00e3o a partir do ensino m\u00e9dio. \u201cTiramos a orienta\u00e7\u00e3o de que a&nbsp; Escola T\u00e9cnica Laticinista deve ser uma solu\u00e7\u00e3o r\u00e1pida para a ind\u00fastria, al\u00e9m de apresentar modelos de neg\u00f3cio e abrir novos mercados\u201d, assinala.<\/p>\n<p>A secret\u00e1ria de Desenvolvimento, Inova\u00e7\u00e3o e Sustentabilidade da prefeitura de Estrela, Carine Schwingel, informa que o grupo definiu a oferta de tr\u00eas m\u00f3dulos de ensino em diferentes cidades do Vale do Taquari, aproveitando a estrutura da rede de ensino j\u00e1 existente atrav\u00e9s das institui\u00e7\u00f5es parceiras. Os m\u00f3dulos pr\u00e1ticos ser\u00e3o em Teut\u00f4nia; os anal\u00edticos na Univates, em Lajeado; e os te\u00f3ricos em Estrela.&nbsp;&nbsp;<\/p>\n<p>O espa\u00e7o onde acontecer\u00e3o as aulas te\u00f3ricas est\u00e1 reservado nas instala\u00e7\u00f5es da Escola Estadual de Educa\u00e7\u00e3o Profissional Estrela (EEEPE), que foi visitada pela diretoria do Sindilat. \u201cA diretora, Claudia Barth nos apresentou os espa\u00e7os onde o curso deve acontecer. \u00c9 uma estrutura muito qualificada e pronta para receber o projeto, o que \u00e9 um indicativo positivo tanto para a r\u00e1pida evolu\u00e7\u00e3o da sua implanta\u00e7\u00e3o quanto da uni\u00e3o da comunidade para que a Escola realmente se viabilize\u201d, assinala Palharini. Al\u00e9m da disponibilidade na regi\u00e3o, o secret\u00e1rio-executivo do Sindilat refor\u00e7ou que o projeto precisar\u00e1 da libera\u00e7\u00e3o dos recursos do Fundoleite para ser viabilizado. (Assessoria de imprensa Sindilat\/RS)<\/p>\n<p><img decoding=\"async\" src=\"https:\/\/dl.dnzdns.com\/v\/3h7Na9ABF0111\" alt=\"\" data-cke-saved-src=\"https:\/\/dl.dnzdns.com\/v\/3h7Na9ABF0111\"><\/p>\n<p>Foto: Karine Pinheiro<\/p>\n<\/div>\n<div id=\"icpbravoaccess_loaded\" style=\"text-align: justify;\">\n<div id=\"icpbravoaccess_loaded\" style=\"text-align: justify;\">\n<hr>\n<\/div>\n<div>\n<div><b>Sindilat participa da segunda rodada do Di\u00e1logos Setoriais&nbsp;<\/b><\/div>\n<div>&nbsp;<\/div>\n<div>Com foco na an\u00e1lise dos dados econ\u00f4micos colhidos pela Secretaria da Fazenda do Rio Grande do Sul (Sefaz) sobre os latic\u00ednios ga\u00fachos, a segunda rodada da live Di\u00e1logos Setoriais contar\u00e1 com a participa\u00e7\u00e3o de representantes do Sindicato da Ind\u00fastria de Latic\u00ednios do RS (Sindilat\/RS). A live ocorrer\u00e1 no dia 4 de maio a partir das 9h no canal da Sefaz no Youtube e se debru\u00e7ar\u00e1 sobre os n\u00fameros contidos para o setor na edi\u00e7\u00e3o n\u00famero 06 da Revista RS 360, publicada no dia 20\/04.&nbsp;&nbsp;<\/div>\n<div><img decoding=\"async\" src=\"https:\/\/dl.dnzdns.com\/v\/dBuP0dABF0441\" alt=\"\" data-cke-saved-src=\"https:\/\/dl.dnzdns.com\/v\/dBuP0dABF0441\"><\/div>\n<div>O presidente do Sindilat\/RS, Guilherme Portella, assim como o vice-presidente, Alexandre Guerra, e o secret\u00e1rio-executivo, Darlan Palharini, integrar\u00e3o o conjunto de auditores da Receita Estadual no exame dos indicadores. \u201cCom estes dados, estamos agregando mais um conjunto de informa\u00e7\u00f5es que pode balizar a defini\u00e7\u00e3o de a\u00e7\u00f5es e estrat\u00e9gias pelas ind\u00fastrias a fim de desenvolver a cadeia leitera\u201d, assinala Portella.&nbsp;<\/div>\n<div>&nbsp;<\/div>\n<div>Os n\u00fameros, com previs\u00e3o de divulga\u00e7\u00e3o trimestral pelo Executivo Estadual, fazem parte do programa Di\u00e1logos Setoriais e se agregam como mais uma importante ferramenta para a an\u00e1lise e tomada de decis\u00f5es com vistas ao crescimento do setor.&nbsp;&nbsp;<\/div>\n<div>&nbsp;<\/div>\n<div>Links:<\/div>\n<div>&nbsp;<\/div>\n<div>\u25cf <a href=\"https:\/\/receitadoc.sefaz.rs.gov.br\/revista-rs360\/revista-rs360-6%C2%AA-edi%C3%A7%C3%A3o\/\" data-cke-saved-href=\"https:\/\/receitadoc.sefaz.rs.gov.br\/revista-rs360\/revista-rs360-6%C2%AA-edi%C3%A7%C3%A3o\/\">Revista RS 360&nbsp;<\/a><\/div>\n<div>&nbsp;<\/div>\n<div>\n<p>\u25cf <a href=\"https:\/\/receitadoc.sefaz.rs.gov.br\/\" data-cke-saved-href=\"https:\/\/receitadoc.sefaz.rs.gov.br\/\">Site Receita.DOC<\/a><\/p>\n<\/div>\n<div>\u25cf <a href=\"https:\/\/www.youtube.com\/watch?v=K9xydRo96Ws&amp;list=PLgjuLNKouLdRxRZg7fWZAt_H5t-qPgonc&amp;index=34\" data-cke-saved-href=\"https:\/\/www.youtube.com\/watch?v=K9xydRo96Ws&amp;list=PLgjuLNKouLdRxRZg7fWZAt_H5t-qPgonc&amp;index=34\">Acompanhe a live&nbsp;&nbsp;<\/a><\/div>\n<div>Assessoria de imprensa Sindilat\/RS<\/div>\n<div>&nbsp;<\/div>\n<div>&nbsp;<\/div>\n<div>&nbsp;<\/div>\n<div>&nbsp;<\/div>\n<div>&nbsp;<\/div>\n<div><b>Aplicativo t\u00e9cnico da Emater ajuda a digitalizar informa\u00e7\u00e3o e agilizar trabalho em campo&nbsp;<\/b><\/div>\n<div>&nbsp;<\/div>\n<div>Funcionalidade para uso dos extensionistas foi lan\u00e7ada para qualificar o atendimento rural<\/div>\n<div>&nbsp;<\/div>\n<div>Fazendo frente ao processo de moderniza\u00e7\u00e3o da Emater, um aplicativo t\u00e9cnico para uso dos extensionistas rurais j\u00e1 est\u00e1 nas ruas, ou melhor, em campo, para dar ainda mais robustez ao trabalho da institui\u00e7\u00e3o. Gerente de Tecnologia da Informa\u00e7\u00e3o e um dos envolvidos no desenvolvimento do app, Diogo Coradini destaca que a funcionalidade \u00e9 o primeiro passo de um projeto ainda maior de inova\u00e7\u00f5es.&nbsp;&nbsp;<\/div>\n<div>&nbsp;<\/div>\n<div>\u2014 Facilitando a vida do t\u00e9cnico, ele vai qualificar a informa\u00e7\u00e3o e ter melhor condi\u00e7\u00e3o de atendimento ao cidad\u00e3o \u2014 diz o gerente.&nbsp;&nbsp;<\/div>\n<div>&nbsp;<\/div>\n<div>Na entrevista a seguir, Coradini conta \u00e0 coluna detalhes da funcionalidade.&nbsp; &nbsp;Para que serve o aplicativo?&nbsp;&nbsp;<\/div>\n<div>&nbsp;<\/div>\n<div>A funcionalidade principal dele \u00e9 atender ao p\u00fablico interno. \u00c9 um dos produtos do projeto Aters Digital (Assist\u00eancia T\u00e9cnica e Extens\u00e3o Rural e Social), que \u00e9 um apanhado de solu\u00e7\u00f5es tecnol\u00f3gicas. Ele serve para apoiar o extensionista, o t\u00e9cnico agr\u00edcola, o agr\u00f4nomo, o veterin\u00e1rio, enfim, todo o atendimento a campo na sua atividade fim. O profissional faz todos os registros dos dados, atualiza\u00e7\u00e3o de cadastro, assinatura do p\u00fablico assistido, acompanhamento de orienta\u00e7\u00f5es t\u00e9cnicas... A principal funcionalidade do app, nesta vers\u00e3o que foi disponibilizada, \u00e9 esta.&nbsp; &nbsp;<\/div>\n<div>&nbsp;<\/div>\n<div>Como o aplicativo foi desenvolvido?&nbsp;<\/div>\n<div>&nbsp;<\/div>\n<div>Era uma demanda h\u00e1 muito tempo solicitada. Come\u00e7amos pelo desenvolvimento mais t\u00e9cnico, de an\u00e1lise de sistemas em conjunto com os colegas que iam ser os executores. Na sequ\u00eancia, iniciamos o desenvolvimento propriamente, de TI mesmo. A cada implementa\u00e7\u00e3o \u00edamos validando as funcionalidades, desde a quest\u00e3o de usabilidade e layout at\u00e9 a funcionalidade offline, porque no interior nem sempre se tem internet. O app tinha que ser f\u00e1cil, r\u00e1pido, permitir coletar imagens... isso exigia algumas solu\u00e7\u00f5es obrigat\u00f3rias, mas principal delas \u00e9 atender os nossos contratos de presta\u00e7\u00e3o de servi\u00e7o e a informa\u00e7\u00e3o coletada. Homologamos colocando em funcionamento em algumas regi\u00f5es e estamos h\u00e1 quase um ano de uso.&nbsp;<\/div>\n<div>&nbsp;<\/div>\n<div>De que forma o app auxilia o trabalho do extensionista?&nbsp;<\/div>\n<div>&nbsp;<\/div>\n<div>A primeira \u00e9 que ele n\u00e3o precisa mais anotar o que foi feito l\u00e1 na ponta, a campo. Isso agiliza o trabalho. O sistema usado at\u00e9 ent\u00e3o contempla toda opera\u00e7\u00e3o t\u00e9cnica, mas n\u00e3o podia ser feito durante a pr\u00e1tica na ponta, o dado precisava ser lan\u00e7ado posteriormente. (O app) evita erros, redund\u00e2ncia, al\u00e9m dar a evid\u00eancia do atendimento. Em poucos cliques, est\u00e1 feito.&nbsp; &nbsp;<\/div>\n<div>&nbsp;<\/div>\n<div>O que representa essa guinada \u201cda prancheta\u201d para o digital?&nbsp;<\/div>\n<div>&nbsp;<\/div>\n<div>\u00c9 simbolicamente excepcional. E um caminho sem volta. Os processos hoje precisam ser digitais. Apesar do campo ainda ter algum distanciamento da tecnologia, isso est\u00e1 diminuindo. At\u00e9 o p\u00fablico mais antigo j\u00e1 est\u00e1 dentro do mundo digital. Para a Emater, \u00e9 um marco e um produto inicial de outros complementares que vir\u00e3o. Como \u00e9 uma ferramenta que foi pensada pelo seu executor, ou seja, pelos colegas que utilizam, precis\u00e1vamos entregar uma vers\u00e3o robusta e estamos em desenvolvimento de outras funcionalidades, inclusive para o p\u00fablico que a gente assiste poder se comunicar com o nosso t\u00e9cnico. Facilitando a vida do t\u00e9cnico, ele vai qualificar a informa\u00e7\u00e3o e ter melhor condi\u00e7\u00e3o de atendimento ao cidad\u00e3o. (Zero Hora)<\/div>\n<\/div>\n<\/div>\n<div id=\"icpbravoaccess_loaded\" style=\"text-align: justify;\">\n<div id=\"icpbravoaccess_loaded\" style=\"text-align: justify;\">\n<div id=\"icpbravoaccess_loaded\">\n<div style=\"text-align: justify;\">\n<hr>\n<p style=\"text-align: center;\"><i style=\"font-size: 1rem;\"><b>Jogo R\u00e1pido&nbsp;<\/b><\/i><\/p>\n<\/div>\n<\/div>\n<\/div>\n<\/div>\n<div style=\"text-align: center;\"><i><b>Semana ser\u00e1 de temperaturas elevadas no Estado<br \/>\n<\/b>A semana ser\u00e1 de tempo firme e quente na maioria das regi\u00f5es, com possibilidade de pancadas isoladas de chuva. \u00c9 o que aponta o Boletim Integrado Agrometeorol\u00f3gico 16\/2023, da Secretaria da Agricultura, Pecu\u00e1ria, Produ\u00e7\u00e3o Sustent\u00e1vel e Irriga\u00e7\u00e3o (Seapi), em parceria com a Emater\/RS-Ascar e o Irga. Neste domingo (23), o tempo permanecer\u00e1 seco e com grande amplitude t\u00e9rmica, com m\u00ednimas inferiores a 10\u00b0C e temperaturas acima de 25\u00b0C durante o dia. O ingresso de ar quente e \u00famido favorecer\u00e1 a eleva\u00e7\u00e3o das temperaturas, com nebulosidade vari\u00e1vel em todo Estado, a partir de segunda-feira (24). Na ter\u00e7a (25) e quarta-feira (26), a presen\u00e7a do ar quente e \u00famido manter\u00e1 as temperaturas elevadas durante o dia, com valores pr\u00f3ximos a 30\u00b0C em algumas regi\u00f5es e possibilidade de pancadas isoladas de chuva. Os volumes de precipita\u00e7\u00e3o previstos s\u00e3o baixos e inferiores a 5 mm na maior parte do Estado e somente em algumas localidades da Metade Sul s\u00e3o esperados valores pr\u00f3ximos a 10 mm. (SEAPI)<\/i><\/div>\n<div id=\"icpbravoaccess_loaded\" style=\"text-align: justify;\">\n<div id=\"icpbravoaccess_loaded\">\n<hr>\n<\/div>\n<\/div>\n<div id=\"icpbravoaccess_loaded\">&nbsp;<\/div>\n<div id=\"icpbravoaccess_loaded\">&nbsp;<\/div>\n","protected":false},"excerpt":{"rendered":"<p>Porto Alegre, 24 de abril de 2023&nbsp; &nbsp; &nbsp; &nbsp; &nbsp; &nbsp; &nbsp; &nbsp; &nbsp; &nbsp; &nbsp; &nbsp; &nbsp; &nbsp; &nbsp; &nbsp; &nbsp; &nbsp; &nbsp; &nbsp; &nbsp; &nbsp; &nbsp; &nbsp; &nbsp; &nbsp; &nbsp; &nbsp; &nbsp; &nbsp; Ano 17 - N\u00b0 3.886 Com a instala\u00e7\u00e3o de Comit\u00ea, avan\u00e7am as tratativas para cria\u00e7\u00e3o da Escola Laticinista A <a href=\"https:\/\/www.sindilat.com.br\/site\/2023\/04\/24\/24-04-2023\/\" class=\"more-link\">...continuar lendo<span class=\"screen-reader-text\"> \"24\/04\/2023\"<\/span><\/a><\/p>\n","protected":false},"author":2,"featured_media":0,"comment_status":"open","ping_status":"open","sticky":false,"template":"","format":"standard","meta":{"ngg_post_thumbnail":0,"footnotes":""},"categories":[28],"tags":[],"class_list":{"0":"post-11812","1":"post","2":"type-post","3":"status-publish","4":"format-standard","6":"category-newsletter","7":"h-entry","8":"hentry","9":"h-as-article"},"_links":{"self":[{"href":"https:\/\/www.sindilat.com.br\/site\/wp-json\/wp\/v2\/posts\/11812","targetHints":{"allow":["GET"]}}],"collection":[{"href":"https:\/\/www.sindilat.com.br\/site\/wp-json\/wp\/v2\/posts"}],"about":[{"href":"https:\/\/www.sindilat.com.br\/site\/wp-json\/wp\/v2\/types\/post"}],"author":[{"embeddable":true,"href":"https:\/\/www.sindilat.com.br\/site\/wp-json\/wp\/v2\/users\/2"}],"replies":[{"embeddable":true,"href":"https:\/\/www.sindilat.com.br\/site\/wp-json\/wp\/v2\/comments?post=11812"}],"version-history":[{"count":4,"href":"https:\/\/www.sindilat.com.br\/site\/wp-json\/wp\/v2\/posts\/11812\/revisions"}],"predecessor-version":[{"id":11816,"href":"https:\/\/www.sindilat.com.br\/site\/wp-json\/wp\/v2\/posts\/11812\/revisions\/11816"}],"wp:attachment":[{"href":"https:\/\/www.sindilat.com.br\/site\/wp-json\/wp\/v2\/media?parent=11812"}],"wp:term":[{"taxonomy":"category","embeddable":true,"href":"https:\/\/www.sindilat.com.br\/site\/wp-json\/wp\/v2\/categories?post=11812"},{"taxonomy":"post_tag","embeddable":true,"href":"https:\/\/www.sindilat.com.br\/site\/wp-json\/wp\/v2\/tags?post=11812"}],"curies":[{"name":"wp","href":"https:\/\/api.w.org\/{rel}","templated":true}]}}