{"id":11806,"date":"2023-04-20T20:15:55","date_gmt":"2023-04-20T20:15:55","guid":{"rendered":"https:\/\/www.sindilat.com.br\/site\/?p=11806"},"modified":"2023-04-20T20:16:42","modified_gmt":"2023-04-20T20:16:42","slug":"20-04-2023","status":"publish","type":"post","link":"https:\/\/www.sindilat.com.br\/site\/2023\/04\/20\/20-04-2023\/","title":{"rendered":"20\/04\/2023"},"content":{"rendered":"<p><img loading=\"lazy\" decoding=\"async\" class=\"\" style=\"text-align: justify; font-size: 1rem;\" src=\"https:\/\/dl.dnzdns.com\/v\/uuURf8ABF0257\" alt=\"Newsletter Sindilat_RS\" width=\"1159\" height=\"207\"><\/p>\n<div id=\"icpbravoaccess_loaded\">\n<div id=\"icpbravoaccess_loaded\">\n<div id=\"icpbravoaccess_loaded\">\n<p style=\"text-align: justify;\">Porto Alegre, 20 de abril de 2023&nbsp; &nbsp; &nbsp; &nbsp; &nbsp; &nbsp; &nbsp; &nbsp; &nbsp; &nbsp; &nbsp; &nbsp; &nbsp; &nbsp; &nbsp; &nbsp; &nbsp; &nbsp; &nbsp; &nbsp; &nbsp; &nbsp; &nbsp; &nbsp; &nbsp; &nbsp; &nbsp; &nbsp; &nbsp; &nbsp; Ano 17 - N\u00b0 3.885<\/p>\n<\/div>\n<\/div>\n<\/div>\n<hr>\n<div style=\"text-align: justify;\">\n<p><b>Laborat\u00f3rio da UPF destaca trabalho com an\u00e1lise de leite em reuni\u00e3o do Sindilat<br \/>\n<\/b><br \/>\nO Sindicato da Ind\u00fastria de Latic\u00ednios do Rio Grande do Sul (Sindilat\/RS) deu sequ\u00eancia, na manh\u00e3 desta quarta-feira (17\/4), aos debates sobre an\u00e1lises oficiais de leite no estado. O Servi\u00e7o de An\u00e1lise em Rebanhos Leiteiros (Sarle), da Universidade de Passo Fundo (UPF), foi o segundo convidado da s\u00e9rie que visa esclarecer os processos de an\u00e1lise aos associados. A iniciativa integra o Grupo de Trabalho de Qualidade, reuni\u00e3o mensal promovida pelo sindicato.&nbsp;<\/p>\n<p>Segundo o professor da UPF e coordenador do Laborat\u00f3rio Sarle, Carlos Bondan, o laborat\u00f3rio foi o primeiro credenciado pela Rede Brasileira de Laborat\u00f3rios de Controle de Qualidade de Leite (RBQL) e tem uma longa trajet\u00f3ria, o que lhe garante um conhecimento bastante aprofundando no processo. \u201cE estando dentro da universidade, o laborat\u00f3rio tem contribu\u00eddo para trazer muitas informa\u00e7\u00f5es (por meio de pesquisas)\u201d, refor\u00e7a. A UPF e o Sindilat\/RS est\u00e3o trabalhando, inclusive, na realiza\u00e7\u00e3o de um semin\u00e1rio para tratar de temas voltados \u00e0 produ\u00e7\u00e3o.&nbsp;&nbsp;<\/p>\n<p>Assistente T\u00e9cnica de Laborat\u00f3rio do Sarle Angela Zanin detalhou a log\u00edstica de recebimento de amostras enviadas diariamente pelas ind\u00fastrias atrav\u00e9s de transportadoras indicadas pelos clientes. Os resultados das an\u00e1lises de rotina referentes \u00e0 IN 77\/2018 s\u00e3o disponibilizados em at\u00e9 cinco dias \u00fateis. Angela ainda destacou o processo realizado em amostras de qualifica\u00e7\u00e3o, aquelas de novos clientes, e de requalifica\u00e7\u00e3o, aquelas em que o produtor estava suspenso e volta a coletar. Nesses casos, segundo ela, o retorno para o resultado \u00e9 de at\u00e9 48 horas. A an\u00e1lise para antibi\u00f3tico, realizada desde 2018, tamb\u00e9m foi abordada pela t\u00e9cnica.&nbsp; &nbsp; &nbsp; &nbsp;&nbsp;<br \/>\nO pr\u00f3ximo convidado ser\u00e1 o Laborat\u00f3rio Universit\u00e1rio de An\u00e1lises Cl\u00ednicas da URI. (Assessoria de Imprensa Sindilat)<\/p>\n<\/div>\n<div id=\"icpbravoaccess_loaded\" style=\"text-align: justify;\">\n<div id=\"icpbravoaccess_loaded\" style=\"text-align: justify;\">\n<hr>\n<\/div>\n<div><b>AR \u2013 Evolu\u00e7\u00e3o da produ\u00e7\u00e3o no m\u00eas de mar\u00e7o de 2023<br \/>\n<\/b><br \/>\nNo m\u00eas de mar\u00e7o de 2023 a produ\u00e7\u00e3o de leite foi de 822 milh\u00f5es de litros, 2,1% acima do m\u00eas anterior (-7,8% na m\u00e9dia di\u00e1ria) e 3,2% menos em rela\u00e7\u00e3o ao mesmo m\u00eas de 2022.<img decoding=\"async\" src=\"https:\/\/dl.dnzdns.com\/v\/qVVQ8dABF0362\" alt=\"\" data-cke-saved-src=\"https:\/\/dl.dnzdns.com\/v\/qVVQ8dABF0362\">Normalmente a produ\u00e7\u00e3o em janeiro cai 9%, e este ano (-7,3%) caiu menos, uma vez que a base de compara\u00e7\u00e3o foi fraca devido ao forte estresse t\u00e9rmico que se abateu sobre o rebanho leiteiro no ano passado. J\u00e1 em fevereiro a queda Inter mensal foi maior que a m\u00e9dia hist\u00f3rica, assim como em mar\u00e7o, pelos efeitos da seca e quest\u00f5es relacionadas \u00e0 economia.<\/p>\n<p>Evidentemente os efeitos da grave seca que afetou a maioria das bacias leiteiras e a incid\u00eancia de altos custos de produ\u00e7\u00e3o (concentrados, entre outros insumos vinculados \u00e0 alimenta\u00e7\u00e3o do rebanho) geraram efeitos negativos sobre a produ\u00e7\u00e3o de leite. A for\u00e7a inercial que veio da produ\u00e7\u00e3o de 2022, seguramente se desaceler\u00e1 nos pr\u00f3ximos meses e teremos valores negativos consider\u00e1veis no segundo e no terceiro trimestre deste ano.<\/p>\n<p>A produ\u00e7\u00e3o do primeiro trimestre do ano, 0,2% inferior a janeiro-mar\u00e7o de 2022 coincide em grande medida com a revis\u00e3o da estimativa que publicamos com base em dados fornecidos pelas principais ind\u00fastrias.<\/p>\n<p>A evolu\u00e7\u00e3o dos denominados \u201cs\u00f3lidos \u00fateis\u201d (manteiga e prote\u00edna), que ca\u00edram 0,5% no primeiro trimestre de 2023, foi muito similar ao comportamento dos litros de leite (-0,2%).<\/p>\n<p>Como \u00e9 habitual, a produ\u00e7\u00e3o desde o pico alcan\u00e7ado em outubro, cai a uma taxa mensal de 5% at\u00e9 mar\u00e7o e abril (considerando a m\u00e9dia di\u00e1ria de produ\u00e7\u00e3o, para que a estat\u00edstica n\u00e3o seja afetada pelo n\u00famero de dias de cada m\u00eas), quando come\u00e7a uma nova recupera\u00e7\u00e3o. (Fonte: Ocla \u2013 Tradu\u00e7\u00e3o livre: www.terraviva.com.br)<\/p>\n<p><img decoding=\"async\" src=\"https:\/\/dl.dnzdns.com\/v\/T1W832ABF0314\" alt=\"\" data-cke-saved-src=\"https:\/\/dl.dnzdns.com\/v\/T1W832ABF0314\"><\/p>\n<p><b>Uruguai: seca deixa preju\u00edzo gigantesco para setor leiteiro<br \/>\n<\/b><br \/>\nA seca teve um impacto profundo no setor prim\u00e1rio de l\u00e1cteos do Uruguai. Menor faturamento e maiores custos de suplementa\u00e7\u00e3o se traduziram em preju\u00edzos de US$ 136 milh\u00f5es, segundo relat\u00f3rio elaborado pelo Instituto Nacional do Leite (INALE).<\/p>\n<p>Em sua metodologia para estimar o impacto, o INALE considerou, por um lado, o aumento dos custos devido \u00e0 maior suplementa\u00e7\u00e3o e, por outro, o menor faturamento devido \u00e0s perdas de produ\u00e7\u00e3o.<\/p>\n<p>Impacto da seca no Uruguai<\/p>\n<p>O impacto da seca com base em um modelo espec\u00edfico que tomou como refer\u00eancia o INALE, mostra que o custo por litro para maior suplementa\u00e7\u00e3o chega a 5,4 centavos por litro. \u201cSe extrapolarmos essa perda de 5,4 centavos de d\u00f3lar\/litro para os 2,089 bilh\u00f5es de litros de leite em todo o pa\u00eds, dar\u00edamos uma perda total estimada de 113 milh\u00f5es de d\u00f3lares ao n\u00edvel do setor prim\u00e1rio da cadeia leiteira\u201d, informa o relat\u00f3rio detalhado.<\/p>\n<p>A isso se soma o menor faturamento devido \u00e0s perdas de produ\u00e7\u00e3o. Embora a produ\u00e7\u00e3o de leite tenha resistido em janeiro, em fevereiro registrou queda de 9,3% no pa\u00eds. \u201cSem o per\u00edodo seco, esperava-se uma produ\u00e7\u00e3o de 2,096 bilh\u00f5es de litros e com o per\u00edodo seco, 2,034 bilh\u00f5es de litros. Isso significa uma perda de 61 milh\u00f5es de litros\u201d, diz o relat\u00f3rio.<br \/>\n&nbsp;<br \/>\nEstimativa de perda na produ\u00e7\u00e3o de leite em 2023 devido \u00e0 seca<\/p>\n<p><img decoding=\"async\" src=\"https:\/\/dl.dnzdns.com\/v\/c5qt8eABF0412\" alt=\"\" data-cke-saved-src=\"https:\/\/dl.dnzdns.com\/v\/c5qt8eABF0412\"><\/p>\n<p>\u201cCom base no pre\u00e7o esperado, estima-se que haver\u00e1 uma perda de faturamento de 23 milh\u00f5es de d\u00f3lares em consequ\u00eancia da seca (61 milh\u00f5es de litros por 0,37 US$\/l)\u201d, detalha. Com perdas de US$ 113 milh\u00f5es devido a custos mais altos e US$ 23 milh\u00f5es devido \u00e0 menor produ\u00e7\u00e3o, as perdas totais seriam da ordem de US$ 136 milh\u00f5es.<\/p>\n<p>As informa\u00e7\u00f5es s\u00e3o do Blasina y Asociados, traduzidas e adaptadas pela equipe MilkPoint.&nbsp;<\/p>\n<\/div>\n<\/div>\n<div id=\"icpbravoaccess_loaded\" style=\"text-align: justify;\">\n<div id=\"icpbravoaccess_loaded\" style=\"text-align: justify;\">\n<div id=\"icpbravoaccess_loaded\">\n<div style=\"text-align: justify;\">\n<hr>\n<p style=\"text-align: center;\"><i style=\"font-size: 1rem;\"><b>Jogo R\u00e1pido&nbsp;<\/b><\/i><\/p>\n<\/div>\n<\/div>\n<\/div>\n<\/div>\n<div style=\"text-align: center;\"><i><b>Valor Bruto da Produ\u00e7\u00e3o de 2023 \u00e9 projetado em R$ 1,2 trilh\u00e3o, com crescimento de 4,7%<br \/>\n<\/b>Estimulado pelas lavouras, que dever\u00e3o crescer 8,1% em valores reais neste ano, o Valor Bruto da Produ\u00e7\u00e3o Agropecu\u00e1ria (VBP) de 2023 est\u00e1 estimado em R$ 1,229 trilh\u00e3o, 4,7% acima do obtido em 2022 (R$ 1,173 trilh\u00e3o). A pecu\u00e1ria apresenta um recuo de 2,9% no rendimento.&nbsp; As lavouras t\u00eam faturamento previsto de R$ 878,6 bilh\u00f5es, e a pecu\u00e1ria, de R$ 350,7 bilh\u00f5es. Milho e soja est\u00e3o impulsionando o crescimento da agropecu\u00e1ria. O na pecu\u00e1ria o aumento do VBP&nbsp; \u00e9 Su\u00ednos (7,2%), . Leite (4%), e ovos (9%) obtiveram neste ano o maior valor da produ\u00e7\u00e3o obtido na s\u00e9rie de dados desde 2000.&nbsp; No mercado internacional, as carnes t\u00eam sido favorecidas pelo aumento do volume exportado e pelos pre\u00e7os, em especial, carne su\u00edna e de frango. Do mesmo modo, merece destaque o milho cujas exporta\u00e7\u00f5es quase dobraram, passando de 3,49 milh\u00f5es de toneladas exportadas, em 2022, para 8,45 milh\u00f5es, em 2023. Os cinco estados que ocupam a lideran\u00e7a no VBP s\u00e3o: Mato Grosso, Paran\u00e1, S\u00e3o Paulo, Minas Gerais e Rio Grande do Sul, que respondem por 60,8% do VBP do pa\u00eds. (As informa\u00e7\u00f5es s\u00e3o do Mapa)<\/i><\/div>\n<div id=\"icpbravoaccess_loaded\" style=\"text-align: justify;\">\n<div id=\"icpbravoaccess_loaded\">\n<hr>\n<\/div>\n<\/div>\n<div id=\"icpbravoaccess_loaded\">&nbsp;<\/div>\n<div id=\"icpbravoaccess_loaded\">&nbsp;<\/div>\n","protected":false},"excerpt":{"rendered":"<p>Porto Alegre, 20 de abril de 2023&nbsp; &nbsp; &nbsp; &nbsp; &nbsp; &nbsp; &nbsp; &nbsp; &nbsp; &nbsp; &nbsp; &nbsp; &nbsp; &nbsp; &nbsp; &nbsp; &nbsp; &nbsp; &nbsp; &nbsp; &nbsp; &nbsp; &nbsp; &nbsp; &nbsp; &nbsp; &nbsp; &nbsp; &nbsp; &nbsp; Ano 17 - N\u00b0 3.885 Laborat\u00f3rio da UPF destaca trabalho com an\u00e1lise de leite em reuni\u00e3o do Sindilat O <a href=\"https:\/\/www.sindilat.com.br\/site\/2023\/04\/20\/20-04-2023\/\" class=\"more-link\">...continuar lendo<span class=\"screen-reader-text\"> \"20\/04\/2023\"<\/span><\/a><\/p>\n","protected":false},"author":2,"featured_media":0,"comment_status":"open","ping_status":"open","sticky":false,"template":"","format":"standard","meta":{"ngg_post_thumbnail":0,"footnotes":""},"categories":[28],"tags":[],"class_list":{"0":"post-11806","1":"post","2":"type-post","3":"status-publish","4":"format-standard","6":"category-newsletter","7":"h-entry","8":"hentry","9":"h-as-article"},"_links":{"self":[{"href":"https:\/\/www.sindilat.com.br\/site\/wp-json\/wp\/v2\/posts\/11806","targetHints":{"allow":["GET"]}}],"collection":[{"href":"https:\/\/www.sindilat.com.br\/site\/wp-json\/wp\/v2\/posts"}],"about":[{"href":"https:\/\/www.sindilat.com.br\/site\/wp-json\/wp\/v2\/types\/post"}],"author":[{"embeddable":true,"href":"https:\/\/www.sindilat.com.br\/site\/wp-json\/wp\/v2\/users\/2"}],"replies":[{"embeddable":true,"href":"https:\/\/www.sindilat.com.br\/site\/wp-json\/wp\/v2\/comments?post=11806"}],"version-history":[{"count":4,"href":"https:\/\/www.sindilat.com.br\/site\/wp-json\/wp\/v2\/posts\/11806\/revisions"}],"predecessor-version":[{"id":11810,"href":"https:\/\/www.sindilat.com.br\/site\/wp-json\/wp\/v2\/posts\/11806\/revisions\/11810"}],"wp:attachment":[{"href":"https:\/\/www.sindilat.com.br\/site\/wp-json\/wp\/v2\/media?parent=11806"}],"wp:term":[{"taxonomy":"category","embeddable":true,"href":"https:\/\/www.sindilat.com.br\/site\/wp-json\/wp\/v2\/categories?post=11806"},{"taxonomy":"post_tag","embeddable":true,"href":"https:\/\/www.sindilat.com.br\/site\/wp-json\/wp\/v2\/tags?post=11806"}],"curies":[{"name":"wp","href":"https:\/\/api.w.org\/{rel}","templated":true}]}}