{"id":11789,"date":"2023-04-18T20:02:37","date_gmt":"2023-04-18T20:02:37","guid":{"rendered":"https:\/\/www.sindilat.com.br\/site\/?p=11789"},"modified":"2023-04-18T20:04:39","modified_gmt":"2023-04-18T20:04:39","slug":"18-04-2023","status":"publish","type":"post","link":"https:\/\/www.sindilat.com.br\/site\/2023\/04\/18\/18-04-2023\/","title":{"rendered":"18\/04\/2023"},"content":{"rendered":"<p><img loading=\"lazy\" decoding=\"async\" class=\"\" style=\"text-align: justify; font-size: 1rem;\" src=\"https:\/\/dl.dnzdns.com\/v\/uuURf8ABF0257\" alt=\"Newsletter Sindilat_RS\" width=\"1159\" height=\"207\"><\/p>\n<div id=\"icpbravoaccess_loaded\">\n<div id=\"icpbravoaccess_loaded\">\n<div id=\"icpbravoaccess_loaded\">\n<p style=\"text-align: justify;\">Porto Alegre, 18 de abril de 2023&nbsp; &nbsp; &nbsp; &nbsp; &nbsp; &nbsp; &nbsp; &nbsp; &nbsp; &nbsp; &nbsp; &nbsp; &nbsp; &nbsp; &nbsp; &nbsp; &nbsp; &nbsp; &nbsp; &nbsp; &nbsp; &nbsp; &nbsp; &nbsp; &nbsp; &nbsp; &nbsp; &nbsp; &nbsp; &nbsp; Ano 17 - N\u00b0 3.883<\/p>\n<\/div>\n<\/div>\n<\/div>\n<hr>\n<div style=\"text-align: justify;\">\n<p><b>Sindilat d\u00e1 in\u00edcio \u00e0 s\u00e9rie de di\u00e1logos com os laborat\u00f3rios oficiais do Estado&nbsp;<br \/>\n<\/b><br \/>\nO Sindicato da Ind\u00fastria de Latic\u00ednios do Rio Grande do Sul (Sindilat\/RS) deu in\u00edcio, nesta segunda-feira (17\/4), a uma rodada de debates com laborat\u00f3rios que fazem an\u00e1lises oficiais de leite no estado. A proposta, que integra o Grupo de Trabalho de Qualidade, visa sanar d\u00favidas de associados com rela\u00e7\u00e3o a an\u00e1lises de antibi\u00f3ticos, de recoleta referente a suspens\u00e3o do produtor e log\u00edstica para coleta de amostras. O encontro contou com a participa\u00e7\u00e3o de 50 representantes das \u00e1reas de qualidade e fomento das ind\u00fastrias.&nbsp;<\/p>\n<p>O primeiro laborat\u00f3rio a participar da s\u00e9rie de conversas foi o Unian\u00e1lises. Prestador de servi\u00e7o da Universidade do Vale do Taquari (Univates), \u00e9 credenciado junto ao Minist\u00e9rio da Agricultura e ao Inmetro. Atualmente atende todo o Rio Grande do Sul, parte de Santa Catarina e algumas empresas do Paran\u00e1, realizando ensaios qu\u00edmicos, f\u00edsico-qu\u00edmicos e biol\u00f3gicos, bem como servi\u00e7o de amostragem em qualidade do leite in natura, f\u00e1rmacos, ra\u00e7\u00f5es, entre outros.&nbsp;<\/p>\n<p>Com rela\u00e7\u00e3o a log\u00edstica para a coleta de amostras, Luciano Willy, coordenador comercial da Unian\u00e1lises, explicou que n\u00e3o h\u00e1 custos nos munic\u00edpios inclu\u00eddos na rota do laborat\u00f3rio. \u201cAgendamos, passamos na empresa, pegamos as amostras j\u00e1 coletadas e enviamos ao laborat\u00f3rio. Na rota seguinte, passamos na empresa e levamos a caixa vazia\u201d, afirma. No caso de localidades fora do percurso, o valor deve ser consultado com a Unian\u00e1lises.&nbsp;<\/p>\n<p>Anderson Corneli, tamb\u00e9m da Unian\u00e1lises, destacou que a empresa trata as recoletas de amostra de produtor suspenso, bem como de novos produtores, como prioridade, apesar de n\u00e3o existir orienta\u00e7\u00e3o da Coordena\u00e7\u00e3o Geral de Laborat\u00f3rios (Cegal). \u201cTratamos dessa forma no nosso fluxo para evitar preju\u00edzo para o produtor e para a ind\u00fastria\u201d, pondera. Os profissionais ainda tiraram d\u00favidas dos participantes sobre as an\u00e1lises oficiais para antibi\u00f3ticos.&nbsp;<\/p>\n<p>Segundo o secret\u00e1rio-executivo do Sindilat\/RS, Darlan Palharini, a rodada de debates ter\u00e1 sequ\u00eancia nos pr\u00f3ximos dias com o Servi\u00e7o de An\u00e1lise em Rebanhos Leiteiros (Sarle), da Universidade de Passo Fundo (UFP), e com o Laborat\u00f3rio Universit\u00e1rio de An\u00e1lises Cl\u00ednicas da URI. \u201cEstamos fomentando essas conversas tendo a convic\u00e7\u00e3o da import\u00e2ncia da an\u00e1lise oficial do leite. Esse \u00e9 um processo essencial para a garantia da qualidade. Dessa forma, n\u00e3o podem restar d\u00favidas entre os profissionais\u201d, refor\u00e7a. (Assessoria de imprensa Sindilat)<\/p>\n<\/div>\n<div id=\"icpbravoaccess_loaded\" style=\"text-align: justify;\">\n<div id=\"icpbravoaccess_loaded\" style=\"text-align: justify;\">\n<hr>\n<\/div>\n<div>\n<p><b>GDT - Global Dairy Trade<\/b><\/p>\n<p><img decoding=\"async\" src=\"https:\/\/dl.dnzdns.com\/v\/UNXh4cABF0199\" alt=\"\" data-cke-saved-src=\"https:\/\/dl.dnzdns.com\/v\/UNXh4cABF0199\"><\/p>\n<p>Fonte: Global Dairy Trade<br \/>\n<b><\/b><\/p>\n<p><b>RS avan\u00e7a na erradica\u00e7\u00e3o de doen\u00e7as na pecu\u00e1ria leiteira<br \/>\n<\/b><br \/>\nS\u00f3 no primeiro trimestre de 2023, o Fundo de Desenvolvimento e Defesa Sanit\u00e1ria Animal do Rio Grande do Sul (Fundesa-RS) pagou a produtores de leite quase R$ 2,5 milh\u00f5es em indeniza\u00e7\u00f5es. Os valores correspondem aos processos de controle e erradica\u00e7\u00e3o de brucelose e tuberculose, duas enfermidades que causam as maiores preocupa\u00e7\u00f5es ao setor leiteiro. Ao todo, 906 animais tiveram o abate sanit\u00e1rio indenizado pelo Fundo. Para o presidente do Fundesa-RS, Rog\u00e9rio Kerber, os n\u00fameros \u201crepresentam o interesse da cadeia em avan\u00e7ar com rela\u00e7\u00e3o ao controle e erradica\u00e7\u00e3o das duas principais doen\u00e7as do setor\u201d. Conforme Kerber, demonstram um trabalho s\u00e9rio. \u201cPode-se dizer que o RS \u00e9 o estado brasileiro onde o Programa Nacional de Controle e Erradica\u00e7\u00e3o de Brucelose e Tuberculose se desenvolve com efetividade.\u201d<\/p>\n<p>O n\u00famero fez parte da apresenta\u00e7\u00e3o da presta\u00e7\u00e3o trimestral de contas do fundo, que ocorreu na tarde desta segunda-feira (17). Os resultados referentes aos meses de janeiro, fevereiro e mar\u00e7o foram aprovados pelos conselheiros em Assembleia Geral Ordin\u00e1ria. Ao todo, as sa\u00eddas do Fundesa, somando indeniza\u00e7\u00f5es e investimentos setoriais somaram mais de R$ 3,4 milh\u00f5es. A arrecada\u00e7\u00e3o, entre receitas de contribui\u00e7\u00f5es e rendimentos financeiros chegou a quase R$ 7 milh\u00f5es. Sendo assim, o saldo atual do Fundo \u00e9 de R$ 125,6 milh\u00f5es.<\/p>\n<p>Tamb\u00e9m foi aprovada na Assembleia a nova tabela de valores de indeniza\u00e7\u00e3o para a pecu\u00e1ria leiteira, com uma corre\u00e7\u00e3o m\u00e9dia de 8%. \u201cTrata-se de mais uma raz\u00e3o para manter o programa em pleno funcionamento, pois melhora a situa\u00e7\u00e3o do produtor\u201d, afirma Kerber. Os novos valores passam a valer para os processos protocolados a partir desta segunda-feira (17). Os valores de indeniza\u00e7\u00e3o s\u00f3 s\u00e3o liberados ap\u00f3s verifica\u00e7\u00e3o a aprova\u00e7\u00e3o pelos t\u00e9cnicos da Secretaria da Agricultura, Pecu\u00e1ria, Desenvolvimento Sustent\u00e1vel e Irriga\u00e7\u00e3o (Seapi). Confira os novos valores na tabela abaixo.<\/p>\n<p><img decoding=\"async\" src=\"https:\/\/dl.dnzdns.com\/v\/dPlJ75ABF0492\" alt=\"\" data-cke-saved-src=\"https:\/\/dl.dnzdns.com\/v\/dPlJ75ABF0492\"><\/p>\n<p>Al\u00e9m das indeniza\u00e7\u00f5es, o fundo aportou recursos em diferentes \u00e1reas da sanidade animal do estado. O investimento em materiais de comunica\u00e7\u00e3o para alertar produtores sobre os riscos da Influenza Avi\u00e1ria de Alta Patogenicidade, em aquisi\u00e7\u00e3o de insumos e materiais para o trabalho do servi\u00e7o veterin\u00e1rio oficial em situa\u00e7\u00e3o de emerg\u00eancia e na capacita\u00e7\u00e3o e treinamento dos novos m\u00e9dicos veterin\u00e1rios que ingressaram na Secretaria da Agricultura s\u00e3o alguns dos demais destinos dos valores aplicados.<\/p>\n<p>A presta\u00e7\u00e3o de contas do Fundesa \u00e9 realizada a cada tr\u00eas meses e os valores ficam dispon\u00edveis no site http:\/\/www.fundesa.com.br\/prestacao-de-contas. (Fundesa)<\/p>\n<\/div>\n<\/div>\n<div id=\"icpbravoaccess_loaded\" style=\"text-align: justify;\">\n<div id=\"icpbravoaccess_loaded\" style=\"text-align: justify;\">\n<div id=\"icpbravoaccess_loaded\">\n<div style=\"text-align: justify;\">\n<hr>\n<p style=\"text-align: center;\"><i style=\"font-size: 1rem;\"><b>Jogo R\u00e1pido&nbsp;<\/b><\/i><\/p>\n<\/div>\n<\/div>\n<\/div>\n<\/div>\n<div style=\"text-align: center;\"><i><b>T\u00e1 na Mesa: Reforma Tribut\u00e1ria<br \/>\n<\/b>O Secret\u00e1rio-Executivo do Sindilat\/RS, Darlan Palharini participou de&nbsp; reuni\u00e3o com as bancadas federal e da Assembleia Legislativa na FEDERASUL. O encontro, coordenado pelo presidente da FEDERASUL, Rodrigo Sousa Costa, teve ainda a presen\u00e7a do governador Eduardo Leite e de lideran\u00e7as empresariais e pol\u00edticas do Estado. Eles avaliaram as quest\u00f5es de interesse do Rio Grande do Sul , apresentada pelo Deputado Federal Aguinaldo Ribeiro, Relator da Reforma Tribut\u00e1ria. Leia mais em&nbsp;<a href=\"https:\/\/www.linkedin.com\/pulse\/aguinaldo-ribeiro-reforma-n%25C3%25A3o-vai-trazer\/?fbclid=IwAR2QpjBq5LWdGvm-1ESpgu8gOO01LTI8LYSWQvBTtTAAvJxsxWBcEg2w1Wo\" data-cke-saved-href=\"https:\/\/www.linkedin.com\/pulse\/aguinaldo-ribeiro-reforma-n%25C3%25A3o-vai-trazer\/?fbclid=IwAR2QpjBq5LWdGvm-1ESpgu8gOO01LTI8LYSWQvBTtTAAvJxsxWBcEg2w1Wo\">clicando aqui<\/a>&nbsp;e assista o v\u00eddeo na \u00edntegra&nbsp;<a href=\"https:\/\/www.youtube.com\/watch?v=0XNHADzf3Nk\" data-cke-saved-href=\"https:\/\/www.youtube.com\/watch?v=0XNHADzf3Nk\">clicando aqui<\/a>. (As informa\u00e7\u00f5es s\u00e3o da Federasul adaptadas pelo Sindilat)<\/i><\/div>\n<div id=\"icpbravoaccess_loaded\" style=\"text-align: justify;\">\n<div id=\"icpbravoaccess_loaded\">\n<hr>\n<\/div>\n<\/div>\n<div id=\"icpbravoaccess_loaded\">&nbsp;<\/div>\n<div id=\"icpbravoaccess_loaded\">&nbsp;<\/div>\n","protected":false},"excerpt":{"rendered":"<p>Porto Alegre, 18 de abril de 2023&nbsp; &nbsp; &nbsp; &nbsp; &nbsp; &nbsp; &nbsp; &nbsp; &nbsp; &nbsp; &nbsp; &nbsp; &nbsp; &nbsp; &nbsp; &nbsp; &nbsp; &nbsp; &nbsp; &nbsp; &nbsp; &nbsp; &nbsp; &nbsp; &nbsp; &nbsp; &nbsp; &nbsp; &nbsp; &nbsp; Ano 17 - N\u00b0 3.883 Sindilat d\u00e1 in\u00edcio \u00e0 s\u00e9rie de di\u00e1logos com os laborat\u00f3rios oficiais do Estado&nbsp; O <a href=\"https:\/\/www.sindilat.com.br\/site\/2023\/04\/18\/18-04-2023\/\" class=\"more-link\">...continuar lendo<span class=\"screen-reader-text\"> \"18\/04\/2023\"<\/span><\/a><\/p>\n","protected":false},"author":2,"featured_media":0,"comment_status":"open","ping_status":"open","sticky":false,"template":"","format":"standard","meta":{"ngg_post_thumbnail":0,"footnotes":""},"categories":[28,1],"tags":[],"class_list":{"0":"post-11789","1":"post","2":"type-post","3":"status-publish","4":"format-standard","6":"category-newsletter","7":"category-uncategorized","8":"h-entry","9":"hentry","10":"h-as-article"},"_links":{"self":[{"href":"https:\/\/www.sindilat.com.br\/site\/wp-json\/wp\/v2\/posts\/11789","targetHints":{"allow":["GET"]}}],"collection":[{"href":"https:\/\/www.sindilat.com.br\/site\/wp-json\/wp\/v2\/posts"}],"about":[{"href":"https:\/\/www.sindilat.com.br\/site\/wp-json\/wp\/v2\/types\/post"}],"author":[{"embeddable":true,"href":"https:\/\/www.sindilat.com.br\/site\/wp-json\/wp\/v2\/users\/2"}],"replies":[{"embeddable":true,"href":"https:\/\/www.sindilat.com.br\/site\/wp-json\/wp\/v2\/comments?post=11789"}],"version-history":[{"count":3,"href":"https:\/\/www.sindilat.com.br\/site\/wp-json\/wp\/v2\/posts\/11789\/revisions"}],"predecessor-version":[{"id":11793,"href":"https:\/\/www.sindilat.com.br\/site\/wp-json\/wp\/v2\/posts\/11789\/revisions\/11793"}],"wp:attachment":[{"href":"https:\/\/www.sindilat.com.br\/site\/wp-json\/wp\/v2\/media?parent=11789"}],"wp:term":[{"taxonomy":"category","embeddable":true,"href":"https:\/\/www.sindilat.com.br\/site\/wp-json\/wp\/v2\/categories?post=11789"},{"taxonomy":"post_tag","embeddable":true,"href":"https:\/\/www.sindilat.com.br\/site\/wp-json\/wp\/v2\/tags?post=11789"}],"curies":[{"name":"wp","href":"https:\/\/api.w.org\/{rel}","templated":true}]}}