{"id":11465,"date":"2023-03-10T19:39:53","date_gmt":"2023-03-10T19:39:53","guid":{"rendered":"https:\/\/www.sindilat.com.br\/site\/?p=11465"},"modified":"2023-03-10T19:41:58","modified_gmt":"2023-03-10T19:41:58","slug":"10-03-2023","status":"publish","type":"post","link":"https:\/\/www.sindilat.com.br\/site\/2023\/03\/10\/10-03-2023\/","title":{"rendered":"10\/03\/2023"},"content":{"rendered":"<p><img loading=\"lazy\" decoding=\"async\" class=\"\" style=\"text-align: justify; font-size: 1rem;\" src=\"https:\/\/dl.dnzdns.com\/v\/uuURf8ABF0257\" alt=\"Newsletter Sindilat_RS\" width=\"1159\" height=\"207\"><\/p>\n<div id=\"icpbravoaccess_loaded\">\n<div id=\"icpbravoaccess_loaded\">\n<div id=\"icpbravoaccess_loaded\">\n<p style=\"text-align: justify;\">Porto Alegre, 10 de mar\u00e7o de 2023&nbsp; &nbsp; &nbsp; &nbsp; &nbsp; &nbsp; &nbsp; &nbsp; &nbsp; &nbsp; &nbsp; &nbsp; &nbsp; &nbsp; &nbsp; &nbsp; &nbsp; &nbsp; &nbsp; &nbsp; &nbsp; &nbsp; &nbsp; &nbsp; &nbsp; &nbsp; Ano 17 - N\u00b0 3.857<\/p>\n<\/div>\n<\/div>\n<\/div>\n<hr>\n<div style=\"text-align: justify;\">\n<div style=\"text-align: justify;\"><b>Setor l\u00e1cteo avan\u00e7a no debate sobre cr\u00e9ditos de carbono<br \/>\n<\/b><br \/>\nO setor l\u00e1cteo ga\u00facho \u00e9 um dos primeiros a abrir debate junto ao governo do Estado do Rio Grande do Sul sobre a qualifica\u00e7\u00e3o e monetiza\u00e7\u00e3o dos cr\u00e9ditos de carbono. O assunto foi abordado em reuni\u00e3o na ter\u00e7a-feira (28\/02) entre a secret\u00e1ria do Meio Ambiente e Infraestrutura, Marjorie Kauffmann, o presidente do Sindilat, Guilherme Portella, e o secret\u00e1rio-executivo do Sindilat, Darlan Palharini. Preocupa\u00e7\u00e3o entre produtores e ind\u00fastrias, a produ\u00e7\u00e3o sustent\u00e1vel est\u00e1 na pauta do sindicato, incluindo projetos de a\u00e7\u00f5es para mensura\u00e7\u00e3o e mitiga\u00e7\u00e3o de emiss\u00f5es.Segundo Palharini, a secret\u00e1ria mostrou-se muito interessada nos projetos de carbono neutro e garantiu o agendamento de novos encontros para dar encaminhamento ao tema. A ideia \u00e9 inclui no debate integrantes da Embrapa Clima Temperado e Sebrae.<\/p>\n<p>Empenhado em avan\u00e7ar com consist\u00eancia no estudo, Palharini indicou que a produ\u00e7\u00e3o de leite com menor impacto ambiental \u00e9 uma preocupa\u00e7\u00e3o e deve dar o tom das linhas de investimentos nos pr\u00f3ximos anos. Neste momento, indicou o executivo, o setor produtivo estuda junto ao Executivo estadual forma de viabilizar a pesquisa e m\u00e9todos eficientes e vi\u00e1veis de mensura\u00e7\u00e3o das emiss\u00f5es de carbono e sequestro das pastagens. \u201cQueremos trabalhar em sistemas sustent\u00e1veis que garantam a continuidade da produ\u00e7\u00e3o e a preserva\u00e7\u00e3o do meio ambiente\u201d, salientou. (Assessoria de imprensa do Sindilat\/RS)<\/p>\n<\/div>\n<\/div>\n<div id=\"icpbravoaccess_loaded\" style=\"text-align: justify;\">\n<div id=\"icpbravoaccess_loaded\" style=\"text-align: justify;\">\n<div id=\"icpbravoaccess_loaded\" style=\"text-align: justify;\">\n<hr>\n<\/div>\n<\/div>\n<div>\n<p dir=\"ltr\" style=\"text-align: justify;\">Confirmado: La Nin\u00e3 chega ao fim!<\/p>\n<p>Depois de um longo per\u00edodo com \u00e1guas mais frias no Oceano Pac\u00edfico equatorial \u2013 Julho de&nbsp; 2020 at\u00e9 Mar\u00e7o de 2023 \u2013 a Administra\u00e7\u00e3o Nacional Oce\u00e2nica e Atmosf\u00e9rica (NOAA) anunciou oficialmente que fen\u00f4meno conhecido como La Ni\u00f1a chegou ao fim.&nbsp;<\/p>\n<p>Desde Dezembro de 2023 os modelos clim\u00e1ticos estavam indicando o fim do fen\u00f4meno e agora com o aquecimento gradual das temperaturas no Oceano Pac\u00edfico, o padr\u00e3o clim\u00e1tico est\u00e1 em condi\u00e7\u00f5es de neutralidade. Isso pode significar mudan\u00e7as nos padr\u00f5es clim\u00e1ticos globais que podem afetar a agricultura em todo o mundo.<\/p>\n<p>Para a agricultura brasileira, a boa not\u00edcia \u00e9 que as condi\u00e7\u00f5es clim\u00e1ticas devem continuar neutras durante o outono e o in\u00edcio do inverno de 2023, o que pode ajudar na produ\u00e7\u00e3o de algumas culturas de inverno.<\/p>\n<p><img decoding=\"async\" src=\"https:\/\/dl.dnzdns.com\/v\/qKsu40ABF0478\" alt=\"\" data-cke-saved-src=\"https:\/\/dl.dnzdns.com\/v\/qKsu40ABF0478\"><\/p>\n<p>A proje\u00e7\u00e3o mostra a possibilidade da entrada de um El Ni\u00f1o no final do ano, o que pode trazer mudan\u00e7as mais dr\u00e1sticas para o clima em rela\u00e7\u00e3o aos \u00faltimos tr\u00eas anos \u2013 per\u00eddo de dura\u00e7\u00e3o do La Ni\u00f1a.<\/p>\n<p>As previs\u00f5es feitas durante o outono \u2013 como neste caso \u2013 s\u00e3o menos precisas, mas \u00e9 importante que os agricultores estejam atentos \u00e0s mudan\u00e7as nas condi\u00e7\u00f5es clim\u00e1ticas e se preparem para poss\u00edveis impactos em suas safras.&nbsp;<br \/>\n&nbsp;<br \/>\nImpactos no Agro<\/p>\n<p>Apesar do fim do La Ni\u00f1a e das condi\u00e7\u00f5es atmosf\u00e9ricas indicarem o padr\u00e3o de Neutralidade, o clima n\u00e3o tem uma resposta imediata. Portanto, as chuvas e temperaturas nas pr\u00f3ximas semanas dever\u00e3o seguir com o comportamento caracter\u00edstico de uma condi\u00e7\u00e3o de La Ni\u00f1a. Por\u00e9m, as chances s\u00e3o altas para o in\u00edcio da safra de inverno.<\/p>\n<p>No Brasil, as principais culturas de inverno incluem: trigo, cevada, aveia, centeio e o triticale, sobretudo na regi\u00e3o sul onde as temperaturas s\u00e3o mais prop\u00edcias para o desenvolvimento dessas culturas.<\/p>\n<p>Al\u00e9m dessas, tamb\u00e9m s\u00e3o cultivados: feij\u00e3o, milho e o girassol em algumas regi\u00f5es do pa\u00eds. As culturas de inverno s\u00e3o importantes para garantir a rotatividade de culturas, al\u00e9m de ajudar a manter a fertilidade do solo. Alguns estudos acad\u00eamicos indicam que invernos com condi\u00e7\u00f5es de neutralidade clim\u00e1tica no Oceano Pacifico, \u00e9 positivo para as lavouras da \u00e9poca, se comparado com invernos sob o regime de La Ni\u00f1a e El Ni\u00f1o.&nbsp;&nbsp;<\/p>\n<p>Isso pode ser atribu\u00eddo \u00e0 menos epis\u00f3dios de extremos clim\u00e1ticos, como ondas de frio \u2013 iguais as ocorridas em Julho de 2021 \u2013 e condi\u00e7\u00f5es at\u00edpicas de chuvas, como em alguns anos de El Ni\u00f1o.<br \/>\n&nbsp;<br \/>\nAs informa\u00e7\u00f5es s\u00e3o da Agrolink, adaptadas pela equipe MilkPoint.&nbsp;<\/p>\n<p><b>RS ter\u00e1 calor e pouca chuva nos pr\u00f3ximos sete dias<br \/>\n<\/b><br \/>\nA pr\u00f3xima semana ter\u00e1 pouca chuva e calor no Rio Grande do Sul. \u00c9 o que prev\u00ea o Boletim Integrado Agrometeorolo\u0301gico 10\/2023, da Secretaria da Agricultura, Pecu\u00e1ria, Produ\u00e7\u00e3o Sustent\u00e1vel e Irriga\u00e7\u00e3o (Seapi), em parceria com a Emater\/RS-Ascar e o Irga.<\/p>\n<p>Entre sexta-feira (10) e domingo (12), o ar quente seguir\u00e1 predominando, e o tempo ser\u00e1 firme, com temperaturas acima de 35 \u00b0C na maior parte do Estado.<\/p>\n<p>Entre segunda (13) e quarta-feira (15), a combina\u00e7\u00e3o do calor com o ingresso de umidade provocar\u00e1 aumento da nebulosidade em todo o Rio Grande do Sul, com pancadas isoladas de chuva em diversas regi\u00f5es e possibilidade de temporais nos setores Norte e Nordeste.<\/p>\n<p>Os totais esperados dever\u00e3o ser inferiores a 10 mm na maior parte do Estado. No Vale do Uruguai, Planalto, Campos de Cima da Serra, Serra do Nordeste e no Litoral Norte, s\u00e3o esperados volumes entre 15 e 35 mm na maioria dos munic\u00edpios.<\/p>\n<p>O boletim tamb\u00e9m aborda a situa\u00e7\u00e3o atual das culturas de soja, milho, milho silagem, arroz e feij\u00e3o 1\u00aa safra. Acompanhe todas as publica\u00e7\u00f5es agrometeorol\u00f3gicas da Secretaria&nbsp;<a href=\"http:\/\/em%20%20www.agricultura.rs.gov.br\/agrometeorologia\" data-cke-saved-href=\"http:\/\/em www.agricultura.rs.gov.br\/agrometeorologia\">em&nbsp; www.agricultura.rs.gov.br\/agrometeorologia<\/a>. (SEAPDR)<\/p>\n<\/div>\n<\/div>\n<div id=\"icpbravoaccess_loaded\" style=\"text-align: justify;\">\n<div id=\"icpbravoaccess_loaded\" style=\"text-align: justify;\">\n<div id=\"icpbravoaccess_loaded\">\n<div style=\"text-align: justify;\">\n<hr>\n<p style=\"text-align: center;\"><i style=\"font-size: 1rem;\"><b>Jogo R\u00e1pido&nbsp;<\/b><\/i><\/p>\n<\/div>\n<\/div>\n<\/div>\n<\/div>\n<div style=\"text-align: center;\">\n<p><i><b>Expodireto recebe 262,2 mil pessoas<br \/>\n<\/b>A Cotrijal registrou 262.220 visitantes nos quatro primeiros dias da Expodireto. O n\u00famero quase supera os 263 mil do ano passado. A maior quantidade de p\u00fablico foi registrada em 2019, com 268 mil pessoas. Ontem, o p\u00fablico somou 81,2 mil visitantes. (Correio do Povo)<\/i><\/p>\n<\/div>\n<div id=\"icpbravoaccess_loaded\" style=\"text-align: justify;\">\n<div id=\"icpbravoaccess_loaded\">\n<hr>\n<\/div>\n<\/div>\n<div id=\"icpbravoaccess_loaded\">&nbsp;<\/div>\n<div id=\"icpbravoaccess_loaded\">&nbsp;<\/div>\n<div id=\"icpbravoaccess_loaded\">&nbsp;<\/div>\n","protected":false},"excerpt":{"rendered":"<p>Porto Alegre, 10 de mar\u00e7o de 2023&nbsp; &nbsp; &nbsp; &nbsp; &nbsp; &nbsp; &nbsp; &nbsp; &nbsp; &nbsp; &nbsp; &nbsp; &nbsp; &nbsp; &nbsp; &nbsp; &nbsp; &nbsp; &nbsp; &nbsp; &nbsp; &nbsp; &nbsp; &nbsp; &nbsp; &nbsp; Ano 17 - N\u00b0 3.857 Setor l\u00e1cteo avan\u00e7a no debate sobre cr\u00e9ditos de carbono O setor l\u00e1cteo ga\u00facho \u00e9 um dos primeiros a <a href=\"https:\/\/www.sindilat.com.br\/site\/2023\/03\/10\/10-03-2023\/\" class=\"more-link\">...continuar lendo<span class=\"screen-reader-text\"> \"10\/03\/2023\"<\/span><\/a><\/p>\n","protected":false},"author":2,"featured_media":0,"comment_status":"open","ping_status":"open","sticky":false,"template":"","format":"standard","meta":{"ngg_post_thumbnail":0,"footnotes":""},"categories":[28],"tags":[],"class_list":{"0":"post-11465","1":"post","2":"type-post","3":"status-publish","4":"format-standard","6":"category-newsletter","7":"h-entry","8":"hentry","9":"h-as-article"},"_links":{"self":[{"href":"https:\/\/www.sindilat.com.br\/site\/wp-json\/wp\/v2\/posts\/11465","targetHints":{"allow":["GET"]}}],"collection":[{"href":"https:\/\/www.sindilat.com.br\/site\/wp-json\/wp\/v2\/posts"}],"about":[{"href":"https:\/\/www.sindilat.com.br\/site\/wp-json\/wp\/v2\/types\/post"}],"author":[{"embeddable":true,"href":"https:\/\/www.sindilat.com.br\/site\/wp-json\/wp\/v2\/users\/2"}],"replies":[{"embeddable":true,"href":"https:\/\/www.sindilat.com.br\/site\/wp-json\/wp\/v2\/comments?post=11465"}],"version-history":[{"count":4,"href":"https:\/\/www.sindilat.com.br\/site\/wp-json\/wp\/v2\/posts\/11465\/revisions"}],"predecessor-version":[{"id":11470,"href":"https:\/\/www.sindilat.com.br\/site\/wp-json\/wp\/v2\/posts\/11465\/revisions\/11470"}],"wp:attachment":[{"href":"https:\/\/www.sindilat.com.br\/site\/wp-json\/wp\/v2\/media?parent=11465"}],"wp:term":[{"taxonomy":"category","embeddable":true,"href":"https:\/\/www.sindilat.com.br\/site\/wp-json\/wp\/v2\/categories?post=11465"},{"taxonomy":"post_tag","embeddable":true,"href":"https:\/\/www.sindilat.com.br\/site\/wp-json\/wp\/v2\/tags?post=11465"}],"curies":[{"name":"wp","href":"https:\/\/api.w.org\/{rel}","templated":true}]}}