{"id":11459,"date":"2023-03-09T19:38:06","date_gmt":"2023-03-09T19:38:06","guid":{"rendered":"https:\/\/www.sindilat.com.br\/site\/?p=11459"},"modified":"2023-03-09T19:39:11","modified_gmt":"2023-03-09T19:39:11","slug":"09-03-2023","status":"publish","type":"post","link":"https:\/\/www.sindilat.com.br\/site\/2023\/03\/09\/09-03-2023\/","title":{"rendered":"09\/03\/2023"},"content":{"rendered":"<p><img loading=\"lazy\" decoding=\"async\" class=\"\" style=\"text-align: justify; font-size: 1rem;\" src=\"https:\/\/dl.dnzdns.com\/v\/uuURf8ABF0257\" alt=\"Newsletter Sindilat_RS\" width=\"1159\" height=\"207\"><\/p>\n<div id=\"icpbravoaccess_loaded\">\n<div id=\"icpbravoaccess_loaded\">\n<div id=\"icpbravoaccess_loaded\">\n<p style=\"text-align: justify;\">Porto Alegre, 09 de mar\u00e7o de 2023&nbsp; &nbsp; &nbsp; &nbsp; &nbsp; &nbsp; &nbsp; &nbsp; &nbsp; &nbsp; &nbsp; &nbsp; &nbsp; &nbsp; &nbsp; &nbsp; &nbsp; &nbsp; &nbsp; &nbsp; &nbsp; &nbsp; &nbsp; &nbsp; &nbsp; &nbsp; Ano 17 - N\u00b0 3.856<\/p>\n<\/div>\n<\/div>\n<\/div>\n<hr>\n<div style=\"text-align: justify;\">\n<div style=\"text-align: justify;\"><b>Brasil precisa de ajuste competitivo no leite para abrir mercados<\/b><br \/>\n&nbsp;<br \/>\nA produ\u00e7\u00e3o l\u00e1ctea brasileira precisa de ajustes b\u00e1sicos em seus sistemas de custo e de tratos relacionados \u00e0 sustentabilidade para vencer barreiras comerciais e ambientais e avan\u00e7ar rumo a novos mercados. As estrat\u00e9gias para alcan\u00e7ar esse objetivo foram debatidas, na manh\u00e3 desta quarta-feira (8\/3), no 18\u00b0 F\u00f3rum Estadual do Leite, promovido pela CCGL e Cotrijal com o apoio do Sindicato da Ind\u00fastria de Latic\u00ednios do Rio Grande do Sul (Sindilat\/RS), durante a Expodireto Cotrijal 2023, em N\u00e3o-Me-Toque (RS).<br \/>\n&nbsp;<br \/>\nSegundo o presidente da CCGL e diretor-secret\u00e1rio do Sindilat\/RS, Caio Vianna, \u00e9 essencial que se busque maior efici\u00eancia sanit\u00e1ria e produtiva. \u201cO Brasil tem ampla capacidade de produ\u00e7\u00e3o, com abund\u00e2ncia de luz, terras e gr\u00e3os. Mas temos visto leite conseguindo entrar no nosso mercado de outros pa\u00edses. H\u00e1 coisas a serem feitas al\u00e9m das barreiras tarif\u00e1rias\u201d, recomendou, lembrando que al\u00e9m do apoio do poder p\u00fablico, essa \u00e9 uma tarefa tamb\u00e9m do setor, incluindo produtores e ind\u00fastrias.<br \/>\n&nbsp;<br \/>\nUm caminho na busca de maior efici\u00eancia \u00e9 ampliar o uso da tecnologia na produ\u00e7\u00e3o, tema que tamb\u00e9m deu rumo aos debates da manh\u00e3. Al\u00e9m da robotiza\u00e7\u00e3o da ordenha, o uso de plataformas de gest\u00e3o como a Smartcoop, lan\u00e7ada em 2021 pela RTC\/CCGL, s\u00e3o vistas como tend\u00eancia. O uso do Smartcoop nas propriedades foi detalhado pela produtora de leite da CCGL e sucessora familiar, Larissa Zambiasi. De forma did\u00e1tica, ela apresentou as funcionalidades da plataforma e como o uso pode ser traduzido em benef\u00edcios e facilidades aos produtores. \u201c\u00c9 poss\u00edvel ter uma propriedade digital, com tudo na palma da m\u00e3o e em tempo real. O Smartcoop \u00e9 de todos os produtores de leite associados em cooperativas. Foi criado para facilitar a vida dos produtores, \u00e9 uma plataforma nossa\u201d, afirmou.A 18\u00aa edi\u00e7\u00e3o do F\u00f3rum do Leite reuniu representantes dos produtores e das ind\u00fastrias. O vice-presidente do Sindilat\/RS, Alexandre Guerra, e o secret\u00e1rio-executivo do Sindilat\/RS, Darlan Palharini, acompanharam as discuss\u00f5es, observaram a import\u00e2ncia da digitaliza\u00e7\u00e3o para se alcan\u00e7ar avan\u00e7os e como a uni\u00e3o de esfor\u00e7os de produtores, ind\u00fastrias e agentes p\u00fablicos \u00e9 o caminho para se ter um cen\u00e1rio mais positivo no setor leiteiro.<br \/>\n&nbsp;<br \/>\nSegundo Guerra, s\u00f3 \u00e9 poss\u00edvel melhorar a gest\u00e3o de um servi\u00e7o, como a produ\u00e7\u00e3o leiteira, se o produtor tiver indicadores que possam ser analisados. \u201c\u00c9 de suma import\u00e2ncia falar sobre o Smartcoop, como foi apresentado durante o f\u00f3rum. Digitalizar uma propriedade, ter um aplicativo que possa dar orienta\u00e7\u00f5es, ter um banco de dados para auxiliar na tomada de decis\u00f5es \u00e9 fundamental para ver onde o produtor est\u00e1 e onde pode melhorar\u201d, afirmou. Para ele, o F\u00f3rum demonstra que os desafios do setor est\u00e3o associados a oportunidades. \u201cOs desafios postos nesse encontro s\u00e3o traduzidos em oportunidades. Precisamos integrar a\u00e7\u00f5es, ter movimentos conjuntos rumo a um mesmo prop\u00f3sito para alcan\u00e7ar os resultados necess\u00e1rios\u201d, completou.<br \/>\n&nbsp;<br \/>\nPara o secret\u00e1rio-executivo do Sindilat, Darlan Palharini, um dos grandes desafios apresentados \u00e9 a necessidade do setor avan\u00e7ar em n\u00edvel de competitividade. \u201cUma grande quantidade dos produtores no Rio Grande do Sul ainda precisa evoluir na competitividade. Para ele saber se \u00e9 competitivo ou n\u00e3o, precisa de indicadores. Competitividade significa ter controles, como o Smartcoop proporciona, por exemplo. Quando falamos de competitividade, estamos comparando o Rio Grande do Sul a outros estados e tamb\u00e9m a outros pa\u00edses, principalmente Argentina e Uruguai\u201d, observou. O evento tamb\u00e9m contou com a palestra \u2018Mercado de l\u00e1cteos: o que esperar para 2023\u2019, ministrada pelo representante da companhia Rabobank, Andr\u00e9s Padilha. (Assessoria de imprensa Sindilat)<\/div>\n<\/div>\n<div id=\"icpbravoaccess_loaded\" style=\"text-align: justify;\">\n<div id=\"icpbravoaccess_loaded\" style=\"text-align: justify;\">\n<div id=\"icpbravoaccess_loaded\" style=\"text-align: justify;\">\n<hr>\n<\/div>\n<\/div>\n<div>\n<p dir=\"ltr\" style=\"text-align: justify;\"><b>Balan\u00e7a comercial de l\u00e1cteos: saldo fica est\u00e1vel em fevereiro<br \/>\n<\/b><br \/>\nSegundo dados divulgados na ter\u00e7a-feira (07\/03) pela Secretaria de Com\u00e9rcio Exterior (SECEX), o saldo da balan\u00e7a comercial de l\u00e1cteos ficou praticamente est\u00e1vel, em rela\u00e7\u00e3o ao m\u00eas anterior, fechando o m\u00eas de fevereiro em -145,0 milh\u00f5es de litros em equivalente-leite.<\/p>\n<p>Os n\u00fameros apontam um leve recuo no m\u00eas de aproximadamente 300 mil litros em equivalente-leite, ou -0,9%. Ao se comparar ao mesmo per\u00edodo do ano passado (fevereiro\/2022), o saldo permaneceu em n\u00edvel inferior, sendo que o valor em equivalente-leite nesse per\u00edodo foi de -20,4 milh\u00f5es de litros.<\/p>\n<p>Gr\u00e1fico 1. Saldo mensal da balan\u00e7a comercial brasileira de l\u00e1cteos.<\/p>\n<p><img decoding=\"async\" src=\"https:\/\/dl.dnzdns.com\/v\/pgZB70ABF0415\" alt=\"\" data-cke-saved-src=\"https:\/\/dl.dnzdns.com\/v\/pgZB70ABF0415\"><\/p>\n<p>As exporta\u00e7\u00f5es apresentaram pequeno crescimento em fevereiro, no comparativo mensal, fechando em cerca de 6,5 milh\u00f5es de litros em equivalente-leite. O per\u00edodo apresentou um aumento de 1,2 milh\u00e3o de litros no volume exportado, representando um avan\u00e7o de aproximadamente 22%. Ao se comparar com janeiro de 2022, observa-se um decr\u00e9scimo maior de -15 milh\u00f5es de litros, representando um recuo de aproximadamente -70% no volume exportado no per\u00edodo.<\/p>\n<p>Gr\u00e1fico 2. Exporta\u00e7\u00f5es em equivalente-leite.<\/p>\n<p><img decoding=\"async\" src=\"https:\/\/dl.dnzdns.com\/v\/sdEg70ABF0448\" alt=\"\" data-cke-saved-src=\"https:\/\/dl.dnzdns.com\/v\/sdEg70ABF0448\"><\/p>\n<p>Do lado das importa\u00e7\u00f5es, o volume importado no m\u00eas de fevereiro se manteve est\u00e1vel em rela\u00e7\u00e3o a janeiro, fechando em 151,5 milh\u00f5es de litros \u2013 volume esse que \u00e9 somente 0,1% abaixo do observado para janeiro. Entretanto, se comparado ao mesmo m\u00eas do ano anterior, observa-se um aumento de 109,4 milh\u00f5es de litros em equivalente-leite.<br \/>\n&nbsp;<br \/>\nGr\u00e1fico 3. Importa\u00e7\u00f5es em equivalente-leite.<\/p>\n<p><img decoding=\"async\" src=\"https:\/\/dl.dnzdns.com\/v\/cmI191ABF0437\" alt=\"\" data-cke-saved-src=\"https:\/\/dl.dnzdns.com\/v\/cmI191ABF0437\"><\/p>\n<p>Os pre\u00e7os internacionais se mantendo em patamares baixos, o aumento dos pre\u00e7os dos derivados no mercado interno (no final de 2022 e in\u00edcio de 2023) e a eleva\u00e7\u00e3o do pre\u00e7o do leite mat\u00e9ria-prima nos \u00faltimos meses contribu\u00edram para formar esse cen\u00e1rio.<\/p>\n<p>Em rela\u00e7\u00e3o aos produtos mais importantes da pauta importadora em fevereiro, temos o leite em p\u00f3 integral, o leite em p\u00f3 desnatado, os queijos e o soro de leite, que juntos representaram 95% do volume total importado. O leite em p\u00f3 integral teve um avan\u00e7o de 11% em seu volume importado. Em contrapartida, o leite em p\u00f3 desnatado teve uma redu\u00e7\u00e3o de 26% em seu volume importado. Os queijos, por sua vez, avan\u00e7aram 8%.<\/p>\n<p>Os produtos que tiveram maior participa\u00e7\u00e3o no volume total exportado foram o leite condensado, o creme de leite, o leite UHT, e os queijos, que juntos, representaram 90% da pauta exportadora. O leite UHT reduziu cerca 24% o volume exportado no m\u00eas, o creme de leite reduziu 33%, enquanto o leite condensado e os queijos aumentaram 18% e 33%, respectivamente.<\/p>\n<p>A tabela 1 mostra as principais movimenta\u00e7\u00f5es do com\u00e9rcio internacional de l\u00e1cteos no m\u00eas de janeiro deste ano.<\/p>\n<p>Tabela 1. Balan\u00e7a comercial l\u00e1ctea em fevereiro de 2023.<\/p>\n<p><img decoding=\"async\" src=\"https:\/\/dl.dnzdns.com\/v\/wYPqfaABF0496\" alt=\"\" data-cke-saved-src=\"https:\/\/dl.dnzdns.com\/v\/wYPqfaABF0496\"><\/p>\n<p>O que podemos esperar para o pr\u00f3ximo m\u00eas?<br \/>\nA expectativa para os pr\u00f3ximos meses \u00e9 que as importa\u00e7\u00f5es apresentem pequenos recuos, mas que ainda siga nos atuais patamares. Tendo em vista que os pre\u00e7os dos l\u00e1cteos no mercado interno t\u00eam apresentado quedas nas \u00faltimas semanas, espera-se que o mercado brasileiro demande por menor quantidade de produtos internacionais. Por outro lado, alguns compradores brasileiros j\u00e1 est\u00e3o com negocia\u00e7\u00f5es concretizadas para entressafra de leite no Brasil e que devem ser entregues nos pr\u00f3ximos meses.<\/p>\n<p>Entretanto, sempre \u00e9 importante avaliar a quest\u00e3o cambial: o governo dos Estados Unidos sinalizou que pode aumentar ainda mais a taxa de juros norte-americana, o que tende a desvalorizar o real frente ao d\u00f3lar \u2013 assim, diminuindo eventualmente a competitividade das importa\u00e7\u00f5es.<\/p>\n<p>Para exporta\u00e7\u00f5es, com pre\u00e7os internacionais ainda em baixos patamares, n\u00e3o se projeta uma janela exportadora para os l\u00e1cteos brasileiros no curto prazo. Assim sendo, nos pr\u00f3ximos meses deveremos observar menor volatilidade nos resultados de importa\u00e7\u00f5es, exporta\u00e7\u00f5es e saldo final da balan\u00e7a comercial. (Milkpoint)<\/p>\n<p><b>Na posse do novo presidente da FPA, ministro da Agricultura destaca grande papel da bancada para o setor agropecu\u00e1rio<br \/>\n<\/b><br \/>\nCarlos F\u00e1varo disse que a Frente Parlamentar \u00e9 aliada no desenvolvimento de legisla\u00e7\u00f5es para modernizar, dar competitividade e oportunidades ao setor<\/p>\n<p>O ministro da Agricultura e Pecu\u00e1ria (Mapa), Carlos F\u00e1varo, participou nessa ter\u00e7a-feira (7) da posse do presidente da Frente Parlamentar da Agropecu\u00e1ria (FPA), deputado federal Pedro Lupion, para o bi\u00eanio 2023-2024. Ao parabenizar e desejar sucesso ao novo presidente da Frente, F\u00e1varo ressaltou a import\u00e2ncia da bancada para o setor.<\/p>\n<p>\u201cEssa Frente Parlamentar sempre foi um grande aliado no desenvolvimento de legisla\u00e7\u00f5es que pudessem modernizar, dar competitividade e oportunidades, e assim deve continuar\u201d disse.<\/p>\n<p>A FPA \u00e9 uma entidade associativa, que defende interesses comuns, constitu\u00edda por representantes de todas as correntes de opini\u00e3o pol\u00edtica do Congresso Nacional, e tem como objetivo estimular a amplia\u00e7\u00e3o de pol\u00edticas p\u00fablicas para o desenvolvimento do agroneg\u00f3cio nacional.<\/p>\n<p>O ministro tamb\u00e9m destacou a import\u00e2ncia de os poderes e as entidades trabalharem unidos para impulsionar um agro mais fortalecido, que gera empregos e oportunidades. \u201cO agroneg\u00f3cio, que \u00e9 a grande mola propulsora da economia desse pa\u00eds, n\u00e3o \u00e9 obra de uma \u00fanica pessoa. Ela \u00e9 principalmente fruto da obstina\u00e7\u00e3o e da capacidade de homens e mulheres vocacionados. Esse agro tamb\u00e9m \u00e9 forte porque tem entidades fortes que sabem represent\u00e1-lo muito bem\u201d, completou.<\/p>\n<p>No evento, F\u00e1varo defendeu ainda a aprova\u00e7\u00e3o do Fundo Nacional Sanit\u00e1rio, que visa apoiar pecuaristas que tiveram animais de sua cria\u00e7\u00e3o sacrificados por quest\u00f5es sanit\u00e1rias e a apoiar a\u00e7\u00f5es emergenciais de defesa sanit\u00e1ria animal. Segundo ele, \u00e0 medida que o Brasil evolui para os mercados consumidores mais exigentes, as quest\u00f5es sanit\u00e1rias s\u00e3o um grande risco para a agropecu\u00e1ria brasileira.<\/p>\n<p>F\u00e1varo terminou a fala refor\u00e7ando o discurso sobre o preconceito com os pequenos e m\u00e9dios produtores que buscam ter um peda\u00e7o de terra e que t\u00eam a voca\u00e7\u00e3o em produzir alimentos. E deixou um recado: \u201cn\u00f3s vamos cuidar da reforma agr\u00e1ria\u201d. (MAPA)<\/p>\n<\/div>\n<\/div>\n<div id=\"icpbravoaccess_loaded\" style=\"text-align: justify;\">\n<div id=\"icpbravoaccess_loaded\" style=\"text-align: justify;\">\n<div id=\"icpbravoaccess_loaded\">\n<div style=\"text-align: justify;\">\n<hr>\n<p style=\"text-align: center;\"><i style=\"font-size: 1rem;\"><b>Jogo R\u00e1pido&nbsp;<\/b><\/i><\/p>\n<\/div>\n<\/div>\n<\/div>\n<\/div>\n<div style=\"text-align: center;\">\n<p><i><b>REFORMA TRIBUT\u00c1RIA: evento aborda impactos no RS<br \/>\n<\/b>A Afocefe Sindicato, entidade representativa dos T\u00e9cnicos Tribut\u00e1rios da Receita Estadual, realiza hoje, \u00e0s 18h, um debate<br \/>\naberto ao p\u00fablico sobre a Reforma Tribut\u00e1ria e os impactos na<br \/>\narrecada\u00e7\u00e3o estadual. O encontro ser\u00e1 na sede administrativa,<br \/>\nna Rua dos Andradas, 1234, em Porto Alegre. Haver\u00e1 transmiss\u00e3o ao vivo pelo YouTube e pelo Facebook da entidade. A 1\u00aa edi\u00e7\u00e3o do Di\u00e1logos Afocefe contar\u00e1 com especialistas no assunto. (Correio do Povo)<\/i><\/p>\n<\/div>\n<div id=\"icpbravoaccess_loaded\" style=\"text-align: justify;\">\n<div id=\"icpbravoaccess_loaded\">\n<hr>\n<\/div>\n<\/div>\n<div id=\"icpbravoaccess_loaded\">&nbsp;<\/div>\n<div id=\"icpbravoaccess_loaded\">&nbsp;<\/div>\n<div id=\"icpbravoaccess_loaded\">&nbsp;<\/div>\n","protected":false},"excerpt":{"rendered":"<p>Porto Alegre, 09 de mar\u00e7o de 2023&nbsp; &nbsp; &nbsp; &nbsp; &nbsp; &nbsp; &nbsp; &nbsp; &nbsp; &nbsp; &nbsp; &nbsp; &nbsp; &nbsp; &nbsp; &nbsp; &nbsp; &nbsp; &nbsp; &nbsp; &nbsp; &nbsp; &nbsp; &nbsp; &nbsp; &nbsp; Ano 17 - N\u00b0 3.856 Brasil precisa de ajuste competitivo no leite para abrir mercados &nbsp; A produ\u00e7\u00e3o l\u00e1ctea brasileira precisa de ajustes <a href=\"https:\/\/www.sindilat.com.br\/site\/2023\/03\/09\/09-03-2023\/\" class=\"more-link\">...continuar lendo<span class=\"screen-reader-text\"> \"09\/03\/2023\"<\/span><\/a><\/p>\n","protected":false},"author":2,"featured_media":0,"comment_status":"open","ping_status":"open","sticky":false,"template":"","format":"standard","meta":{"ngg_post_thumbnail":0,"footnotes":""},"categories":[28],"tags":[],"class_list":{"0":"post-11459","1":"post","2":"type-post","3":"status-publish","4":"format-standard","6":"category-newsletter","7":"h-entry","8":"hentry","9":"h-as-article"},"_links":{"self":[{"href":"https:\/\/www.sindilat.com.br\/site\/wp-json\/wp\/v2\/posts\/11459","targetHints":{"allow":["GET"]}}],"collection":[{"href":"https:\/\/www.sindilat.com.br\/site\/wp-json\/wp\/v2\/posts"}],"about":[{"href":"https:\/\/www.sindilat.com.br\/site\/wp-json\/wp\/v2\/types\/post"}],"author":[{"embeddable":true,"href":"https:\/\/www.sindilat.com.br\/site\/wp-json\/wp\/v2\/users\/2"}],"replies":[{"embeddable":true,"href":"https:\/\/www.sindilat.com.br\/site\/wp-json\/wp\/v2\/comments?post=11459"}],"version-history":[{"count":4,"href":"https:\/\/www.sindilat.com.br\/site\/wp-json\/wp\/v2\/posts\/11459\/revisions"}],"predecessor-version":[{"id":11463,"href":"https:\/\/www.sindilat.com.br\/site\/wp-json\/wp\/v2\/posts\/11459\/revisions\/11463"}],"wp:attachment":[{"href":"https:\/\/www.sindilat.com.br\/site\/wp-json\/wp\/v2\/media?parent=11459"}],"wp:term":[{"taxonomy":"category","embeddable":true,"href":"https:\/\/www.sindilat.com.br\/site\/wp-json\/wp\/v2\/categories?post=11459"},{"taxonomy":"post_tag","embeddable":true,"href":"https:\/\/www.sindilat.com.br\/site\/wp-json\/wp\/v2\/tags?post=11459"}],"curies":[{"name":"wp","href":"https:\/\/api.w.org\/{rel}","templated":true}]}}