{"id":11445,"date":"2023-03-08T19:19:57","date_gmt":"2023-03-08T19:19:57","guid":{"rendered":"https:\/\/www.sindilat.com.br\/site\/?p=11445"},"modified":"2023-03-08T19:21:22","modified_gmt":"2023-03-08T19:21:22","slug":"08-03-2023","status":"publish","type":"post","link":"https:\/\/www.sindilat.com.br\/site\/2023\/03\/08\/08-03-2023\/","title":{"rendered":"08\/03\/2023"},"content":{"rendered":"<p><img loading=\"lazy\" decoding=\"async\" class=\"\" style=\"text-align: justify; font-size: 1rem;\" src=\"https:\/\/dl.dnzdns.com\/v\/uuURf8ABF0257\" alt=\"Newsletter Sindilat_RS\" width=\"1159\" height=\"207\"><\/p>\n<div id=\"icpbravoaccess_loaded\">\n<div id=\"icpbravoaccess_loaded\">\n<div id=\"icpbravoaccess_loaded\">\n<p style=\"text-align: justify;\">Porto Alegre, 08 de mar\u00e7o de 2023&nbsp; &nbsp; &nbsp; &nbsp; &nbsp; &nbsp; &nbsp; &nbsp; &nbsp; &nbsp; &nbsp; &nbsp; &nbsp; &nbsp; &nbsp; &nbsp; &nbsp; &nbsp; &nbsp; &nbsp; &nbsp; &nbsp; &nbsp; &nbsp; &nbsp; &nbsp; Ano 17 - N\u00b0 3.855<\/p>\n<\/div>\n<\/div>\n<\/div>\n<hr>\n<div style=\"text-align: justify;\">\n<div style=\"text-align: justify;\"><b>Programa de atualiza\u00e7\u00e3o profissional qualifica a produ\u00e7\u00e3o l\u00e1ctea ga\u00facha<br \/>\n<\/b><br \/>\n<img decoding=\"async\" src=\"https:\/\/dl.dnzdns.com\/v\/iTER57ABF0255\" alt=\"\" data-cke-saved-src=\"https:\/\/dl.dnzdns.com\/v\/iTER57ABF0255\"><br \/>\nCr\u00e9dito da foto: Gisele Ortolan&nbsp;O Rio Grande do Sul ter\u00e1 um novo espa\u00e7o de capacita\u00e7\u00e3o para os profissionais que atuam na&nbsp; produ\u00e7\u00e3o l\u00e1ctea atrav\u00e9s do Programa de Atualiza\u00e7\u00e3o para a Ind\u00fastria de Latic\u00ednios, fruto da parceria entre o Sindicato da Ind\u00fastria de Latic\u00ednios do Rio Grande do Sul (Sindilat\/RS) e a Universidade de Passo Fundo (UPF). A apresenta\u00e7\u00e3o do programa educacional aconteceu durante a Expodireto Cotrijal, em N\u00e3o-Me-Toque (RS), nesta quarta-feira (08\/03). A primeira forma\u00e7\u00e3o estar\u00e1 voltada para os laboratoristas que trabalham com a an\u00e1lise do leite para a ind\u00fastria. A previs\u00e3o \u00e9 de que as aulas pr\u00e1ticas e te\u00f3ricas tenham in\u00edcio em abril deste ano.&nbsp;O secret\u00e1rio executivo do Sindilat\/RS, Darlan Palharini, lembrou que o RS produz em m\u00e9dia 12,02 milh\u00f5es de litros ao dia, sendo que 92% deste volume se destina \u00e0s ind\u00fastrias de latic\u00ednios, conforme o Relat\u00f3rio Socioecon\u00f4mico da Cadeia Produtiva do Leite. \u201cCom esta parceria do sindicato com a UPF, estaremos proporcionando um espa\u00e7o de aprendizado adequado para atender \u00e0s demandas da ind\u00fastria pela forma\u00e7\u00e3o de profissionais, atrav\u00e9s da qualifica\u00e7\u00e3o e da troca de experi\u00eancias, o que deve promover melhorias na produ\u00e7\u00e3o, agregando ainda mais valor \u00e0 toda cadeia leiteira\u201d. O RS \u00e9 o terceiro maior produtor de leite entre os estados brasileiros, segundo a Food and Agriculture Organization (FAO).O pr\u00f3-reitor de Planejamento e Desenvolvimento Institucional da UPF, Dr. Ant\u00f4nio Thom\u00e9, informa que est\u00e3o em andamento as tratativas para a oferta de forma\u00e7\u00e3o em outro curso, voltado para as Boas Pr\u00e1ticas Agropecu\u00e1rias (BPA). \u201cA Universidade est\u00e1 sempre atenta \u00e0s demandas do mercado. Com a teoria e a pr\u00e1tica vivenciadas em sala de aula e toda a estrutura de pesquisa dentro das centenas de laborat\u00f3rios existentes, a promo\u00e7\u00e3o de parcerias como esta que anunciamos hoje torna-se uma importante ferramenta para que o conhecimento chegue at\u00e9 a comunidade\u201d, destaca. (Assessoria de imprensa Sindilat\/RS)<\/p>\n<\/div>\n<\/div>\n<div id=\"icpbravoaccess_loaded\" style=\"text-align: justify;\">\n<div id=\"icpbravoaccess_loaded\" style=\"text-align: justify;\">\n<div id=\"icpbravoaccess_loaded\" style=\"text-align: justify;\">\n<hr>\n<\/div>\n<\/div>\n<div>\n<p dir=\"ltr\" style=\"text-align: justify;\"><b>GDT - Global Dairy Trade<br \/>\n<\/b><br \/>\n<img decoding=\"async\" src=\"https:\/\/dl.dnzdns.com\/v\/gK0ta1ABF0173\" alt=\"\" data-cke-saved-src=\"https:\/\/dl.dnzdns.com\/v\/gK0ta1ABF0173\"><\/p>\n<p>(Fonte: GDT adaptado pelo Sindilat\/RS)<\/p>\n<\/div>\n<\/div>\n<p>&nbsp;<\/p>\n<div id=\"icpbravoaccess_loaded\" style=\"text-align: justify;\">\n<div>\n<p><b>Chile: Exporta\u00e7\u00f5es de l\u00e1cteos somam o maior valor dos \u00faltimos 5 anos<br \/>\n<\/b><br \/>\nOs embarques cresceram US$ 61,1 milh\u00f5es em rela\u00e7\u00e3o a 2021. Os Estados Unidos foram o principal pa\u00eds de destino. O leite condensado \u00e9 a categoria mais comercializada.<\/p>\n<p>Ao final de 2022, o faturamento dos embarques de l\u00e1cteos apresentou aumento significativo tanto em alguns pa\u00edses de destino quanto nas principais categorias exportadas, sendo o resultado total o maior obtido nos \u00faltimos cinco anos.<\/p>\n<p>Segundo dados do Informativo de Avan\u00e7o do Com\u00e9rcio Exterior de L\u00e1cteos elaborado pela Secretaria de Estudos e Pol\u00edticas Agr\u00e1rias -Odepa-, e reproduzido pela Federa\u00e7\u00e3o Nacional dos Produtores de Leite (Fedeleche), as exporta\u00e7\u00f5es de l\u00e1cteos entre janeiro e dezembro de 2022 atingiram um valor total de US$ 259,2 milh\u00f5es, o que representa um aumento de 31,0% e representa um aumento de US$ 61,1 milh\u00f5es em rela\u00e7\u00e3o ao mesmo per\u00edodo de 2021.<\/p>\n<p>Em dezembro de 2022, segundo dados divulgados pela Odepa, as exporta\u00e7\u00f5es somaram US$ 17,2 milh\u00f5es, registrando queda de 3,9% em rela\u00e7\u00e3o ao mesmo m\u00eas do ano anterior, o que por sua vez representa uma queda de US$ 701 mil em rela\u00e7\u00e3o ao ano anterior.<\/p>\n<p>Vale destacar que, em volume, as exporta\u00e7\u00f5es de l\u00e1cteos fecharam o ano com aumento de 17,7%, atingindo 91.499 toneladas, com um total de 13.855 toneladas a mais em rela\u00e7\u00e3o a 2021. Enquanto no m\u00eas de dezembro de 2022, 6.054 toneladas foram exportados, 12,3% abaixo do ano anterior.<\/p>\n<p>Enquanto isso, o pre\u00e7o m\u00e9dio das exporta\u00e7\u00f5es de l\u00e1cteos fechou 2022 em US$ 2.854 toneladas, o que representa um aumento de 11,8% em rela\u00e7\u00e3o a 2021.<\/p>\n<p>O pre\u00e7o informado pela Odepa para dezembro de 2022 ficou em m\u00e9dia em US$ 2.854 por tonelada, um aumento de 9,6% em rela\u00e7\u00e3o ao mesmo m\u00eas de 2021.&nbsp;<\/p>\n<p>Quanto aos pa\u00edses de destino, observa-se uma cesta diversificada com os Estados Unidos em primeiro lugar e uma participa\u00e7\u00e3o no total de 19,1%. Em 2022, os embarques para os EUA apresentaram aumento de 105,3%, equivalente a US$ 25,4 milh\u00f5es, somando um valor total de US$ 49,6 milh\u00f5es.<\/p>\n<p>No segundo lugar, a Col\u00f4mbia concentrou 17,2% das exporta\u00e7\u00f5es totais, o que representa um aumento de 985% em rela\u00e7\u00e3o a 2021, somando embarques no valor de US$ 44,6 milh\u00f5es, o que representa um aumento de US$ 40,5 milh\u00f5es em rela\u00e7\u00e3o ao ano anterior, o maior significativo da atual temporada.<\/p>\n<p>Com participa\u00e7\u00e3o que chega a 11,7%, os Emirados \u00c1rabes Unidos ficaram com o terceiro lugar, embora na compara\u00e7\u00e3o anual apresente queda de 35,3%, faturando um total de US$ 30,4 milh\u00f5es, com queda interanual de US$ 16,9 milh\u00f5es at\u00e9 Novembro.<\/p>\n<p>J\u00e1 as exporta\u00e7\u00f5es de l\u00e1cteos para o M\u00e9xico seguem em quarto lugar com participa\u00e7\u00e3o de 11,7% do total, crescendo 31,4% somando um valor total de US$ 29,9 milh\u00f5es at\u00e9 dezembro de 2022, com aumento ano a ano de US$ 7,1 milh\u00f5es.<\/p>\n<p>Ao todo, o Peru alcan\u00e7ou uma participa\u00e7\u00e3o de 8,7% do total, apesar de registrar uma queda de 7,9% em rela\u00e7\u00e3o ao ano passado, acumulando um total de US$ 22,5 milh\u00f5es em 2022, com um faturamento inferior a US$ 1,9 milh\u00e3o.<\/p>\n<p>DESEMPENHO POR PRODUTO<\/p>\n<p>O leite condensado liderou as exporta\u00e7\u00f5es de l\u00e1cteos em 2022 com participa\u00e7\u00e3o de 22,4% do total. Os embarques dessa categoria aumentaram 41,9% e totalizaram US$ 58,3 milh\u00f5es, o que representa um aumento de US$ 19,6 milh\u00f5es em rela\u00e7\u00e3o ao ano anterior. Enquanto em volume os embarques dessa categoria chegaram a 29.607 toneladas, o que representa um aumento de 17,2% em rela\u00e7\u00e3o ao mesmo per\u00edodo de 2021.<\/p>\n<p>O leite em p\u00f3 integral ficou em segundo lugar com participa\u00e7\u00e3o de 15,7% do valor total dos embarques, atingindo o valor de US$ 40,8 milh\u00f5es, representando um aumento de 695%, equivalente a US$ 35,6 milh\u00f5es. Em volume, as exporta\u00e7\u00f5es de LPE totalizaram 9.860 toneladas, 602% acima do ano anterior.<\/p>\n<p>O terceiro produto mais exportado no per\u00edodo foi o queijo, com participa\u00e7\u00e3o no total de 14,0% e cujos embarques somaram US$ 36,5 milh\u00f5es, o que representa um aumento de 9,7% em rela\u00e7\u00e3o ao mesmo per\u00edodo do ano anterior, e sup\u00f5e US$ 3,1 milh\u00f5es adicionais. O volume chegou a 7.604 toneladas, um aumento de 1,1% em rela\u00e7\u00e3o a 2021.<\/p>\n<p>Em quarto lugar, a categoria \u201cOutras prepara\u00e7\u00f5es \u00e0 base de l\u00e1cteos\u201d alcan\u00e7ou participa\u00e7\u00e3o de 13,4% no total, atingindo um total de US$ 34,8 milh\u00f5es, representando uma queda de 35,0% em rela\u00e7\u00e3o a 2021. Em termos f\u00edsicos, totalizaram 9.540 toneladas, com varia\u00e7\u00e3o percentual anual semelhante.<\/p>\n<p>Fechando em quinto lugar ficaram os embarques de soro de leite com participa\u00e7\u00e3o de 9,4% do total, conseguindo somar embarques de US$ 24,6 milh\u00f5es, o que representa um aumento de 58,5% em rela\u00e7\u00e3o ao ano anterior. Em volume, os embarques da categoria chegaram a 16.060 toneladas, 7,7% acima de 2021.<\/p>\n<p>(Fonte:&nbsp; Fedeleche FG Comunica\u00e7\u00f5es com informa\u00e7\u00f5es da Odepa, via portalechero, traduzido e adaptado pelo Sindilat)<\/p>\n<\/div>\n<\/div>\n<div id=\"icpbravoaccess_loaded\" style=\"text-align: justify;\">\n<div id=\"icpbravoaccess_loaded\" style=\"text-align: justify;\">\n<div id=\"icpbravoaccess_loaded\">\n<div style=\"text-align: justify;\">\n<hr>\n<p style=\"text-align: center;\"><i style=\"font-size: 1rem;\"><b>Jogo R\u00e1pido&nbsp;<\/b><\/i><\/p>\n<\/div>\n<\/div>\n<\/div>\n<\/div>\n<div style=\"text-align: center;\">\n<p><i><b>Feliz Dia Internacional da Mulher!&nbsp;<br \/>\n<\/b>Hoje, queremos celebrar todas as mulheres que fazem parte da atividade leiteira e que contribuem para o sucesso desse setor t\u00e3o importante para a economia do nosso pa\u00eds. Para homenage\u00e1-las, preparamos uma sele\u00e7\u00e3o de hist\u00f3rias inspiradoras que mostram a dedica\u00e7\u00e3o e paix\u00e3o dessas mulheres pelo campo e pela produ\u00e7\u00e3o do leite. Em nosso primeiro link,&nbsp;<a href=\"https:\/\/www.instagram.com\/reel\/Cphj4ZptjnD\/?utm_source=ig_web_copy_link\" data-cke-saved-href=\"https:\/\/www.instagram.com\/reel\/Cphj4ZptjnD\/?utm_source=ig_web_copy_link\">clique aqui,<\/a>&nbsp;conhecemos Maria Helena e Paula, m\u00e3e e filha que compartilham o amor pelo campo e pela produ\u00e7\u00e3o de leite. A tradi\u00e7\u00e3o familiar passada de gera\u00e7\u00e3o em gera\u00e7\u00e3o, e essas mulheres s\u00e3o exemplos de como a paix\u00e3o pode ser transmitida de m\u00e3e para filha. No segundo link, vemos como as mulheres est\u00e3o cada vez mais presentes e atuantes na atividade leiteira. Sua presen\u00e7a \u00e9 fundamental para o sucesso do setor, e elas est\u00e3o fazendo a diferen\u00e7a na produ\u00e7\u00e3o de leite. Conhe\u00e7a algumas dessas mulheres incr\u00edveis que est\u00e3o marcando presen\u00e7a no mercado&nbsp;<a href=\"https:\/\/www.instagram.com\/reel\/CphkMoxNWN2\/?utm_source=ig_web_copy_link\" data-cke-saved-href=\"https:\/\/www.instagram.com\/reel\/CphkMoxNWN2\/?utm_source=ig_web_copy_link\">clicando aqui<\/a>. J\u00e1 no terceiro link, vemos como algumas mulheres deixaram suas profiss\u00f5es para se dedicarem ao campo e \u00e0 atividade leiteira. Elas mostram que a paix\u00e3o e a coragem s\u00e3o fundamentais para alcan\u00e7ar os objetivos e encontrar a verdadeira voca\u00e7\u00e3o,&nbsp;<a href=\"https:\/\/www.instagram.com\/reel\/CphkiBfNOJl\/?utm_source=ig_web_copy_link\" data-cke-saved-href=\"https:\/\/www.instagram.com\/reel\/CphkiBfNOJl\/?utm_source=ig_web_copy_link\">clique aqui<\/a>&nbsp;e assista. Nesse Dia Internacional da Mulher, reconhecemos e agradecemos a todas as mulheres que fazem a diferen\u00e7a na atividade leiteira e em outras \u00e1reas de atua\u00e7\u00e3o. Que essas hist\u00f3rias nos inspirem a seguir em frente, lutando pelos nossos sonhos e desafiando as barreiras que ainda existem em nosso caminho. A s\u00e9rie \u201cGuardi\u00e3s do Leite\u201d foi veiculada no Canal Rural, com a jornalista Eliza Maliszewski. (Sindilat\/RS)<\/i><\/p>\n<\/div>\n<div id=\"icpbravoaccess_loaded\" style=\"text-align: justify;\">\n<div id=\"icpbravoaccess_loaded\">\n<hr>\n<\/div>\n<\/div>\n<div id=\"icpbravoaccess_loaded\">&nbsp;<\/div>\n<div id=\"icpbravoaccess_loaded\">&nbsp;<\/div>\n<div id=\"icpbravoaccess_loaded\">&nbsp;<\/div>\n","protected":false},"excerpt":{"rendered":"<p>Porto Alegre, 08 de mar\u00e7o de 2023&nbsp; &nbsp; &nbsp; &nbsp; &nbsp; &nbsp; &nbsp; &nbsp; &nbsp; &nbsp; &nbsp; &nbsp; &nbsp; &nbsp; &nbsp; &nbsp; &nbsp; &nbsp; &nbsp; &nbsp; &nbsp; &nbsp; &nbsp; &nbsp; &nbsp; &nbsp; Ano 17 - N\u00b0 3.855 Programa de atualiza\u00e7\u00e3o profissional qualifica a produ\u00e7\u00e3o l\u00e1ctea ga\u00facha Cr\u00e9dito da foto: Gisele Ortolan&nbsp;O Rio Grande do Sul <a href=\"https:\/\/www.sindilat.com.br\/site\/2023\/03\/08\/08-03-2023\/\" class=\"more-link\">...continuar lendo<span class=\"screen-reader-text\"> \"08\/03\/2023\"<\/span><\/a><\/p>\n","protected":false},"author":2,"featured_media":0,"comment_status":"open","ping_status":"open","sticky":false,"template":"","format":"standard","meta":{"ngg_post_thumbnail":0,"footnotes":""},"categories":[28],"tags":[],"class_list":{"0":"post-11445","1":"post","2":"type-post","3":"status-publish","4":"format-standard","6":"category-newsletter","7":"h-entry","8":"hentry","9":"h-as-article"},"_links":{"self":[{"href":"https:\/\/www.sindilat.com.br\/site\/wp-json\/wp\/v2\/posts\/11445","targetHints":{"allow":["GET"]}}],"collection":[{"href":"https:\/\/www.sindilat.com.br\/site\/wp-json\/wp\/v2\/posts"}],"about":[{"href":"https:\/\/www.sindilat.com.br\/site\/wp-json\/wp\/v2\/types\/post"}],"author":[{"embeddable":true,"href":"https:\/\/www.sindilat.com.br\/site\/wp-json\/wp\/v2\/users\/2"}],"replies":[{"embeddable":true,"href":"https:\/\/www.sindilat.com.br\/site\/wp-json\/wp\/v2\/comments?post=11445"}],"version-history":[{"count":5,"href":"https:\/\/www.sindilat.com.br\/site\/wp-json\/wp\/v2\/posts\/11445\/revisions"}],"predecessor-version":[{"id":11451,"href":"https:\/\/www.sindilat.com.br\/site\/wp-json\/wp\/v2\/posts\/11445\/revisions\/11451"}],"wp:attachment":[{"href":"https:\/\/www.sindilat.com.br\/site\/wp-json\/wp\/v2\/media?parent=11445"}],"wp:term":[{"taxonomy":"category","embeddable":true,"href":"https:\/\/www.sindilat.com.br\/site\/wp-json\/wp\/v2\/categories?post=11445"},{"taxonomy":"post_tag","embeddable":true,"href":"https:\/\/www.sindilat.com.br\/site\/wp-json\/wp\/v2\/tags?post=11445"}],"curies":[{"name":"wp","href":"https:\/\/api.w.org\/{rel}","templated":true}]}}